{"id":279143,"date":"2025-12-09T09:04:12","date_gmt":"2025-12-09T09:04:12","guid":{"rendered":"https:\/\/www.europesays.com\/es\/279143\/"},"modified":"2025-12-09T09:04:12","modified_gmt":"2025-12-09T09:04:12","slug":"esta-navidad-las-arenas-vibra-con-el-tributo-al-rey-del-pop-by-gus-jackson-%f0%9f%8e%b6-las-arenas","status":"publish","type":"post","link":"https:\/\/www.europesays.com\/es\/279143\/","title":{"rendered":"Esta Navidad, Las Arenas vibra con el Tributo al Rey del Pop by Gus Jackson \ud83c\udfb6 &#8211; Las Arenas"},"content":{"rendered":"<p data-start=\"264\" data-end=\"347\"><strong data-start=\"264\" data-end=\"347\"><img fetchpriority=\"high\" decoding=\"async\" class=\"alignnone size-full wp-image-19832\" src=\"https:\/\/www.europesays.com\/es\/wp-content\/uploads\/2025\/12\/Cabecera-Noticias-1263x595px.jpg\" alt=\"\" width=\"1264\" height=\"596\"  \/><\/strong><\/p>\n<p data-start=\"264\" data-end=\"347\"><strong data-start=\"264\" data-end=\"347\">Un espect\u00e1culo inolvidable para celebrar la Navidad al ritmo de Michael Jackson<\/strong><\/p>\n<p data-start=\"349\" data-end=\"667\">Este <strong data-start=\"354\" data-end=\"373\">27 de diciembre<\/strong>, Las Arenas se convierte en el escenario de uno de los eventos m\u00e1s especiales de estas fiestas.<br data-start=\"469\" data-end=\"472\"\/>Prep\u00e1rate para vivir una noche m\u00e1gica con el <strong data-start=\"517\" data-end=\"558\">Tributo al Rey del Pop by Gus Jackson<\/strong>, un show que rinde homenaje al inigualable <strong data-start=\"602\" data-end=\"621\">Michael Jackson<\/strong> y que nos har\u00e1 vibrar con sus grandes \u00e9xitos.<\/p>\n<p data-start=\"669\" data-end=\"843\">\ud83c\udfb6 Baile, m\u00fasica y emoci\u00f3n en directo en un espect\u00e1culo \u00fanico para toda la familia, con un artista que no solo interpreta, sino que revive la esencia del mayor icono del pop.<\/p>\n<p data-start=\"845\" data-end=\"940\">\ud83d\udccd <strong data-start=\"848\" data-end=\"870\">Plaza de la Fuente<\/strong><br data-start=\"870\" data-end=\"873\"\/>\ud83d\udd56 <strong data-start=\"876\" data-end=\"917\">Viernes 27 de diciembre a las 19:00h.\u00a0<\/strong><br data-start=\"917\" data-end=\"920\"\/>\ud83c\udf9f <strong data-start=\"923\" data-end=\"940\">Entrada libre<\/strong><\/p>\n<p data-start=\"942\" data-end=\"1075\">No te pierdas este planazo navide\u00f1o en Las Arenas.<br data-start=\"992\" data-end=\"995\"\/><strong data-start=\"995\" data-end=\"1075\">Ven a cantar, bailar y emocionarte con los himnos que marcaron generaciones.<\/strong><\/p>\n","protected":false},"excerpt":{"rendered":"Un espect\u00e1culo inolvidable para celebrar la Navidad al ritmo de Michael Jackson Este 27 de diciembre, Las Arenas&hellip;\n","protected":false},"author":2,"featured_media":279144,"comment_status":"","ping_status":"","sticky":false,"template":"","format":"standard","meta":{"footnotes":""},"categories":[80],"tags":[82,95,94,25,24,23],"class_list":{"0":"post-279143","1":"post","2":"type-post","3":"status-publish","4":"format-standard","5":"has-post-thumbnail","7":"category-economia","8":"tag-business","9":"tag-economia","10":"tag-economy","11":"tag-es","12":"tag-espana","13":"tag-spain"},"share_on_mastodon":{"url":"https:\/\/pubeurope.com\/@es\/115688811549139590","error":""},"_links":{"self":[{"href":"https:\/\/www.europesays.com\/es\/wp-json\/wp\/v2\/posts\/279143","targetHints":{"allow":["GET"]}}],"collection":[{"href":"https:\/\/www.europesays.com\/es\/wp-json\/wp\/v2\/posts"}],"about":[{"href":"https:\/\/www.europesays.com\/es\/wp-json\/wp\/v2\/types\/post"}],"author":[{"embeddable":true,"href":"https:\/\/www.europesays.com\/es\/wp-json\/wp\/v2\/users\/2"}],"replies":[{"embeddable":true,"href":"https:\/\/www.europesays.com\/es\/wp-json\/wp\/v2\/comments?post=279143"}],"version-history":[{"count":0,"href":"https:\/\/www.europesays.com\/es\/wp-json\/wp\/v2\/posts\/279143\/revisions"}],"wp:featuredmedia":[{"embeddable":true,"href":"https:\/\/www.europesays.com\/es\/wp-json\/wp\/v2\/media\/279144"}],"wp:attachment":[{"href":"https:\/\/www.europesays.com\/es\/wp-json\/wp\/v2\/media?parent=279143"}],"wp:term":[{"taxonomy":"category","embeddable":true,"href":"https:\/\/www.europesays.com\/es\/wp-json\/wp\/v2\/categories?post=279143"},{"taxonomy":"post_tag","embeddable":true,"href":"https:\/\/www.europesays.com\/es\/wp-json\/wp\/v2\/tags?post=279143"}],"curies":[{"name":"wp","href":"https:\/\/api.w.org\/{rel}","templated":true}]}}