{"id":279145,"date":"2025-12-09T09:05:10","date_gmt":"2025-12-09T09:05:10","guid":{"rendered":"https:\/\/www.europesays.com\/es\/279145\/"},"modified":"2025-12-09T09:05:10","modified_gmt":"2025-12-09T09:05:10","slug":"nunca-ha-habido-una-caza-de-periodistas-como-la-de-gaza","status":"publish","type":"post","link":"https:\/\/www.europesays.com\/es\/279145\/","title":{"rendered":"Nunca ha habido una caza de periodistas como la de Gaza"},"content":{"rendered":"<p>El presidente de Reporteros Sin Fronteras (RSF) en Espa\u00f1a, <strong>Alfonso Bauluz<\/strong>, traz\u00f3 un diagn\u00f3stico alarmante sobre el estado del periodismo en el mundo, en un a\u00f1o marcado por el aumento de asesinatos, detenciones y ataques contra reporteros.<\/p>\n<p>Bauluz record\u00f3 que <strong>en 2025 han sido asesinados al menos 67 periodistas<\/strong>, y que <strong>\u201ccasi la mitad en Gaza\u201d<\/strong>, donde desde 2023 ya han muerto m\u00e1s de 200 profesionales. Se\u00f1al\u00f3 directamente al ej\u00e9rcito israel\u00ed: <strong>\u201cEl asesinato de periodistas es un exterminio. Nunca hab\u00edamos visto algo semejante.\u201d<\/strong><\/p>\n<p>El presidente de RSF denunci\u00f3 la creciente hostilidad hacia la prensa desde gobiernos de todo tipo. Asegur\u00f3 que <strong>\u201cencarcelar, perseguir, intimidar, hacer desaparecer, secuestrar y asesinar\u201d<\/strong> se ha convertido en una estrategia pol\u00edtica habitual, y cit\u00f3 como ejemplo la influencia de discursos populistas como el de Donald Trump, quien, dice, ha popularizado la idea del periodista como \u201cenemigo del pueblo\u201d.<\/p>\n<p>Sobre el bloqueo informativo en Gaza, Bauluz advirti\u00f3 de que <strong>\u201cel desprecio por el Estado de Derecho del gobierno de Netanyahu es absoluto\u201d<\/strong>, y lo calific\u00f3 como una <strong>\u201cderiva totalitaria y antidemocr\u00e1tica\u201d<\/strong>.<\/p>\n<p>En el caso de Ucrania, alert\u00f3 de que los drones se han convertido en una gran amenaza: <strong>\u201cEst\u00e1n atacando a todo lo que se mueve, y los periodistas son un objetivo m\u00e1s.\u201d<\/strong> Record\u00f3 adem\u00e1s que Rusia mantiene encarcelados a 26 periodistas ucranianos y a 48 profesionales rusos.<\/p>\n<p>El informe de RSF tambi\u00e9n detecta un aumento de agresiones en protestas de pa\u00edses como Francia, Serbia, Ecuador o Espa\u00f1a. Bauluz atribuye parte de esta violencia a los discursos de odio: <strong>\u201cLos discursos populistas hacen que algunas personas decidan tomarse la justicia por su mano y arremetan contra los periodistas.\u201d<\/strong><\/p>\n<p>Preguntado por las soluciones, fue contundente: <strong>\u201cSolo hay un m\u00e9todo para acabar con esto: terminar con la impunidad.\u201d<\/strong> Record\u00f3 que RSF ha presentado demandas por cr\u00edmenes de guerra en Gaza y lament\u00f3 que incluso l\u00edderes europeos <strong>\u201cvisiten a una persona reclamada por el Tribunal Penal Internacional\u201d<\/strong>.<\/p>\n<p>Bauluz concluy\u00f3 subrayando el deterioro global de las libertades informativas, en un contexto donde se imponen la fuerza y la manipulaci\u00f3n digital: <strong>\u201cLa manipulaci\u00f3n del algoritmo y el uso de las redes como herramienta de polarizaci\u00f3n y fijaci\u00f3n de enemigos es, probablemente, el factor m\u00e1s preocupante.\u201d<\/strong><\/p>\n","protected":false},"excerpt":{"rendered":"El presidente de Reporteros Sin Fronteras (RSF) en Espa\u00f1a, Alfonso Bauluz, traz\u00f3 un diagn\u00f3stico alarmante sobre el estado&hellip;\n","protected":false},"author":2,"featured_media":279146,"comment_status":"","ping_status":"","sticky":false,"template":"","format":"standard","meta":{"footnotes":""},"categories":[42],"tags":[67805,17,18,13,14,11,61,62,63,64,19,20,9,10,15,16,133,1448,1986,1987,10509,12,21,22,65,66,67],"class_list":{"0":"post-279145","1":"post","2":"type-post","3":"status-publish","4":"format-standard","5":"has-post-thumbnail","7":"category-internacional","8":"tag-nunca-ha-habido-una-caza-de-periodistas-como-la-de-gaza","9":"tag-breaking-news","10":"tag-breakingnews","11":"tag-featured-news","12":"tag-featurednews","13":"tag-headlines","14":"tag-internacional","15":"tag-international","16":"tag-international-news","17":"tag-internationalnews","18":"tag-latest-news","19":"tag-latestnews","20":"tag-news","21":"tag-noticias","22":"tag-noticias-destacadas","23":"tag-noticiasdestacadas","24":"tag-online","25":"tag-radio","26":"tag-rne","27":"tag-rtve-play","28":"tag-sin-programa","29":"tag-titulares","30":"tag-ultimas-noticias","31":"tag-ultimasnoticias","32":"tag-world","33":"tag-world-news","34":"tag-worldnews"},"share_on_mastodon":{"url":"https:\/\/pubeurope.com\/@es\/115688815160833139","error":""},"_links":{"self":[{"href":"https:\/\/www.europesays.com\/es\/wp-json\/wp\/v2\/posts\/279145","targetHints":{"allow":["GET"]}}],"collection":[{"href":"https:\/\/www.europesays.com\/es\/wp-json\/wp\/v2\/posts"}],"about":[{"href":"https:\/\/www.europesays.com\/es\/wp-json\/wp\/v2\/types\/post"}],"author":[{"embeddable":true,"href":"https:\/\/www.europesays.com\/es\/wp-json\/wp\/v2\/users\/2"}],"replies":[{"embeddable":true,"href":"https:\/\/www.europesays.com\/es\/wp-json\/wp\/v2\/comments?post=279145"}],"version-history":[{"count":0,"href":"https:\/\/www.europesays.com\/es\/wp-json\/wp\/v2\/posts\/279145\/revisions"}],"wp:featuredmedia":[{"embeddable":true,"href":"https:\/\/www.europesays.com\/es\/wp-json\/wp\/v2\/media\/279146"}],"wp:attachment":[{"href":"https:\/\/www.europesays.com\/es\/wp-json\/wp\/v2\/media?parent=279145"}],"wp:term":[{"taxonomy":"category","embeddable":true,"href":"https:\/\/www.europesays.com\/es\/wp-json\/wp\/v2\/categories?post=279145"},{"taxonomy":"post_tag","embeddable":true,"href":"https:\/\/www.europesays.com\/es\/wp-json\/wp\/v2\/tags?post=279145"}],"curies":[{"name":"wp","href":"https:\/\/api.w.org\/{rel}","templated":true}]}}