{"id":279157,"date":"2025-12-09T09:16:12","date_gmt":"2025-12-09T09:16:12","guid":{"rendered":"https:\/\/www.europesays.com\/es\/279157\/"},"modified":"2025-12-09T09:16:12","modified_gmt":"2025-12-09T09:16:12","slug":"bruno-fernandes-destripa-a-unos-wolves-de-segunda","status":"publish","type":"post","link":"https:\/\/www.europesays.com\/es\/279157\/","title":{"rendered":"Bruno Fernandes destripa a unos Wolves de Segunda"},"content":{"rendered":"<p class=\"ft-text\">Los datos en el f\u00fatbol no son una ciencia exacta, pero a veces son un buen indicador para valorar el rendimiento de un equipo. El <strong>Wolverhampton<\/strong>, rival del <strong>Manchester United<\/strong>, llegaba a la decimoquinta jornada de la <strong>Premier League <\/strong>con solo 2 puntos. Encadenaba ocho partidos consecutivos sin ganar y su \u00faltimo triunfo en Liga se remontaba al curso pasado, a la jornada 34. Para sorpresa de nadie, volvi\u00f3 a caer ante el cuadro de <strong>R\u00faben Amorim <\/strong>en un <strong>Molineux Stadium <\/strong>que organiz\u00f3 una notable protesta contra el club en los primeros minutos de partido.<\/p>\n<p class=\"ft-text\">El 1-3 incluso qued\u00f3 corto: los <strong>Wolves <\/strong>no encajaron una \u2018manita\u2019 gracias al buen hacer de su portero <strong>Johnstone<\/strong>. Entre el desacierto de los \u2018red devils\u2019 en el primer tiempo y la insistencia del siempre optimista <strong>Bellegarde<\/strong>, lograron llegar al descanso con un 1-1 que fue un espejismo. En el segundo tiempo, la defensa de tres del cuadro de <strong>Edwards <\/strong>se olvid\u00f3 de coordinarse y puso la alfombra roja a su espalda para que los atacantes del United los destrozaran.<\/p>\n<p class=\"ft-text\">Los despistes en la zaga de los <strong>Wolves <\/strong>fueron continuos desde el primer minuto de choque. <strong>Johnstone<\/strong> empez\u00f3 el partido como lo acab\u00f3: apagando fuegos. Que el primer gol de los de <strong>Amorim <\/strong>llegase en el minuto 35 fue incluso una buena noticia para los <strong>Wolves<\/strong>, un claro reflejo de lo que es este equipo: <strong>Andr\u00e9 <\/strong>se durmi\u00f3 en una zona sensible, dejando a Cunha solo dentro del \u00e1rea. Sin embargo, el brasile\u00f1o no pudo cumplir la ley del ex en el mano a mano y cedi\u00f3 el bal\u00f3n, demasiado atr\u00e1s, a <strong>Bruno Fernandes<\/strong>. Se resbal\u00f3, se levant\u00f3 y el bal\u00f3n, tras tocar en Johnstone, entr\u00f3 llorando.<\/p>\n<p><img decoding=\"async\" src=\"https:\/\/www.europesays.com\/es\/wp-content\/uploads\/2025\/12\/c877f9e9-b96e-4ba2-989c-3235cce2591a_alta-libre-aspect-ratio_default_0.jpg\" width=\"1200\" height=\"800\" alt=\"Manchester United's Bruno Fernandes, left, celebrates after scoring during the Premier League soccer match between Wolverhampton Wandere and Manchester United in Wolverhampton, England Monday, Dec. 8, 2025. (AP Photo\/Dave Shopland) Associated Press \/ LaPresse Only italy and spain\" class=\"ft-helper-img-rd\" loading=\"lazy\"\/><\/p>\n<p class=\"ft-helper-fontColor-quaternary ft-helper-fontSize-body-S ft-helper-spacer-t-xxs\">Manchester United&#8217;s Bruno Fernandes, left, celebrates after scoring during the Premier League soccer match between Wolverhampton Wandere and Manchester United in Wolverhampton, England Monday, Dec. 8, 2025. (AP Photo\/Dave Shopland) Associated Press \/ LaPresse Only italy and spain  \/ Associated Press \/ LaPresse \/ LAP<\/p>\n<p class=\"ft-text\">Pero, para sorpresa de todos, <strong>Bellegarde<\/strong>, que hab\u00eda estado muy participativo, caz\u00f3 un centro cruzado lanz\u00e1ndose al suelo para hacer estallar de ilusi\u00f3n al <strong>Molineux<\/strong>. Hab\u00eda vida, pero pocos motivos para creer. Un susto que el <strong>United <\/strong>solvent\u00f3 nada m\u00e1s empezar el segundo tiempo. Arrollador, el equipo \u2018red devil\u2019 puso el 1-2, obra de <strong>Mbeumo<\/strong>, tras una cesi\u00f3n de <strong>Dalot <\/strong>de la muerte. Y as\u00ed empezaba el festival de errores de la zaga de los <strong>Wolves<\/strong>.<\/p>\n<p class=\"ft-text\">Los centrocampistas dejaban demasiado tiempo a <strong>Bruno Fernandes <\/strong>para pensar y la defensa parec\u00eda empe\u00f1ada en no tirar bien la l\u00ednea en la casi media hora que quedaba de partido. Y as\u00ed firm\u00f3 <strong>Mount <\/strong>el 1-3, en el 63\u2019, a placer. La fiesta del <strong>United <\/strong>solo se prolong\u00f3 con un gol m\u00e1s, de <strong>Bruno Fernandes<\/strong>, desde los once metros. <strong>El broche de oro a su gran partido: doblete y asistencia.<\/strong><\/p>\n","protected":false},"excerpt":{"rendered":"Los datos en el f\u00fatbol no son una ciencia exacta, pero a veces son un buen indicador para&hellip;\n","protected":false},"author":2,"featured_media":279158,"comment_status":"","ping_status":"","sticky":false,"template":"","format":"standard","meta":{"footnotes":""},"categories":[268],"tags":[12890,168,25,24,280,282,2014,1240,281,23,167,11616],"class_list":{"0":"post-279157","1":"post","2":"type-post","3":"status-publish","4":"format-standard","5":"has-post-thumbnail","7":"category-futbol","8":"tag-bruno-fernandes","9":"tag-deportes","10":"tag-es","11":"tag-espana","12":"tag-football","13":"tag-futbol","14":"tag-manchester-united","15":"tag-premier-league","16":"tag-soccer","17":"tag-spain","18":"tag-sports","19":"tag-wolverhampton"},"share_on_mastodon":{"url":"https:\/\/pubeurope.com\/@es\/115688859211461955","error":""},"_links":{"self":[{"href":"https:\/\/www.europesays.com\/es\/wp-json\/wp\/v2\/posts\/279157","targetHints":{"allow":["GET"]}}],"collection":[{"href":"https:\/\/www.europesays.com\/es\/wp-json\/wp\/v2\/posts"}],"about":[{"href":"https:\/\/www.europesays.com\/es\/wp-json\/wp\/v2\/types\/post"}],"author":[{"embeddable":true,"href":"https:\/\/www.europesays.com\/es\/wp-json\/wp\/v2\/users\/2"}],"replies":[{"embeddable":true,"href":"https:\/\/www.europesays.com\/es\/wp-json\/wp\/v2\/comments?post=279157"}],"version-history":[{"count":0,"href":"https:\/\/www.europesays.com\/es\/wp-json\/wp\/v2\/posts\/279157\/revisions"}],"wp:featuredmedia":[{"embeddable":true,"href":"https:\/\/www.europesays.com\/es\/wp-json\/wp\/v2\/media\/279158"}],"wp:attachment":[{"href":"https:\/\/www.europesays.com\/es\/wp-json\/wp\/v2\/media?parent=279157"}],"wp:term":[{"taxonomy":"category","embeddable":true,"href":"https:\/\/www.europesays.com\/es\/wp-json\/wp\/v2\/categories?post=279157"},{"taxonomy":"post_tag","embeddable":true,"href":"https:\/\/www.europesays.com\/es\/wp-json\/wp\/v2\/tags?post=279157"}],"curies":[{"name":"wp","href":"https:\/\/api.w.org\/{rel}","templated":true}]}}