{"id":279163,"date":"2025-12-09T09:20:09","date_gmt":"2025-12-09T09:20:09","guid":{"rendered":"https:\/\/www.europesays.com\/es\/279163\/"},"modified":"2025-12-09T09:20:09","modified_gmt":"2025-12-09T09:20:09","slug":"llevo-diez-anos-sin-sexo","status":"publish","type":"post","link":"https:\/\/www.europesays.com\/es\/279163\/","title":{"rendered":"Llevo diez a\u00f1os sin sexo"},"content":{"rendered":"<p class=\"paragraph\">Pese a ser festivo, en la noche de este lunes &#8216;First dates&#8217; regres\u00f3 a la pantalla de Cuatro para regalar a los telespectadores divertidas y curiosas <b>historias de solteros y solteras <\/b>que acuden en busca del amor.<a href=\"https:\/\/www.heraldo.es\/noticias\/ocio-y-cultura\/2025\/12\/05\/jubilada-zaragoza-revoluciona-first-dates-reyes-1876240.html\" title=\"La masajista jubilada de Zaragoza que revoluciona &#039;First dates&#039;: &quot;Te voy a llevar al s\u00e9ptimo cielo&quot;\" rel=\"nofollow noopener\" target=\"_blank\"> Una velada en la que destac\u00f3 la presencia de Isabel, de 68 a\u00f1os y peluquera jubilada procedente de Gij\u00f3n.<\/a><\/p>\n<p class=\"paragraph\">As\u00ed se present\u00f3 esta asturiana que durante tres d\u00e9cadas fue emigrante en B\u00e9lgica: <b>\u00abMe gusta vestir juvenil, soy coqueta. <\/b>Me cambio todos los d\u00edas de ropa y me arreglo\u00bb.\u00a0<\/p>\n<p class=\"paragraph\">No tard\u00f3 en aflorar el cap\u00edtulo m\u00e1s llamativo de su biograf\u00eda y que est\u00e1 vinculado con la Familia Real belga. As\u00ed se lo cont\u00f3 a Carlos Sobera: \u00abMi mam\u00e1 trabajaba para la Familia Real de B\u00e9lgica, con el hermano de Balduino, Alejandro. Cuando supieron que yo trabajaba en una buena peluquer\u00eda, me contrataron y me hice peluquera de ellos.<b> Pagaban muy bien. Estuve 30 a\u00f1os all\u00ed\u00bb.\u00a0<\/b><\/p>\n<p class=\"paragraph\">De regreso de Bruselas en 1991, Isabel no ha tenido suerte con el amor: <b>\u00abHe tenido dos parejas. <\/b>La primera ha fallecido y de la segunda me separ\u00e9 por un problema de infidelidad\u00bb.\u00a0<\/p>\n<p class=\"paragraph\">A su encuentro acudi\u00f3 Ignacio, de 69 a\u00f1os, quien tambi\u00e9n fue emigrante en el pa\u00eds centroeuropeo. \u00abHe nacido espa\u00f1ol y quiero seguir siendo espa\u00f1ol, <b>espa\u00f1ol de la bandera republicana. <\/b>Yo me he criado en B\u00e9lgica, en Lieja. All\u00ed estudi\u00e9 y all\u00ed me cas\u00e9\u00bb, se\u00f1al\u00f3.<\/p>\n<p class=\"paragraph\">A primera vista, Isabel no qued\u00f3 prendada:<b> \u00abMe gustan los hombres m\u00e1s altos, <\/b>con facciones m\u00e1s gruesas. Tiene muy poco labio. Y no es barrigudo, eso est\u00e1 bien\u00bb.<\/p>\n<p class=\"paragraph\">La sinton\u00eda no mejor\u00f3 cuando ambos compartieron el \u00e1gape. Sus formas de pensar y de sentir eran radicalmente diferentes. Sobre todo cuando la asturiana confes\u00f3 que llevaba 10 a\u00f1os sin mantener relaciones sexuales: \u00abMi madre ten\u00eda Alzheimer y estuve muy pendiente de ella durante cuatro a\u00f1os\u00bb. \u00abMe parece absurdo. Que cuide de su madre es maravilloso. <b>Pero que se olvide de su vida y no viva, eso no me parece bien. <\/b>A nuestra edad, hay que disfrutar de lo que nos queda de vida. \u00bfQui\u00e9n sabe si nos vamos a seguir conociendo?\u00bb, replic\u00f3 \u00e9l.<\/p>\n<p class=\"paragraph\">Ignacio prosigui\u00f3 con su intervenci\u00f3n:<b> \u00abYo no podr\u00eda pasar diez d\u00edas sin tener sexo. <\/b>Si ella ha estado diez a\u00f1os, sin, me parece lamentable. Seguro que ha tenido ocasiones y hay que aprovecharlas\u00bb.<\/p>\n<p class=\"paragraph\">Con estos antecedentes, estaba claro que ambos no optar\u00edan por seguir conoci\u00e9ndose m\u00e1s all\u00e1 del programa. Y as\u00ed fue. \u00abNo es mi prototipo de hombre, me gustan m\u00e1s altos. No hubo la chispa\u00bb, dijo ella. \u00abVisto y lo visto, no tendr\u00eda una segunda cita. No creo que sea una persona para ella. <b>Lleva diez a\u00f1os sin un t\u00edo. Tardar\u00e1 en encontrar a uno\u00bb,<\/b> cerr\u00f3 \u00e9l.\u00a0<\/p>\n","protected":false},"excerpt":{"rendered":"Pese a ser festivo, en la noche de este lunes &#8216;First dates&#8217; regres\u00f3 a la pantalla de Cuatro&hellip;\n","protected":false},"author":2,"featured_media":279164,"comment_status":"","ping_status":"","sticky":false,"template":"","format":"standard","meta":{"footnotes":""},"categories":[171],"tags":[146,147,25,24,67807,2759,23,214],"class_list":{"0":"post-279163","1":"post","2":"type-post","3":"status-publish","4":"format-standard","5":"has-post-thumbnail","7":"category-tv","8":"tag-entertainment","9":"tag-entretenimiento","10":"tag-es","11":"tag-espana","12":"tag-familia-real-belgica","13":"tag-first-dates","14":"tag-spain","15":"tag-tv"},"share_on_mastodon":{"url":"https:\/\/pubeurope.com\/@es\/115688873876191787","error":""},"_links":{"self":[{"href":"https:\/\/www.europesays.com\/es\/wp-json\/wp\/v2\/posts\/279163","targetHints":{"allow":["GET"]}}],"collection":[{"href":"https:\/\/www.europesays.com\/es\/wp-json\/wp\/v2\/posts"}],"about":[{"href":"https:\/\/www.europesays.com\/es\/wp-json\/wp\/v2\/types\/post"}],"author":[{"embeddable":true,"href":"https:\/\/www.europesays.com\/es\/wp-json\/wp\/v2\/users\/2"}],"replies":[{"embeddable":true,"href":"https:\/\/www.europesays.com\/es\/wp-json\/wp\/v2\/comments?post=279163"}],"version-history":[{"count":0,"href":"https:\/\/www.europesays.com\/es\/wp-json\/wp\/v2\/posts\/279163\/revisions"}],"wp:featuredmedia":[{"embeddable":true,"href":"https:\/\/www.europesays.com\/es\/wp-json\/wp\/v2\/media\/279164"}],"wp:attachment":[{"href":"https:\/\/www.europesays.com\/es\/wp-json\/wp\/v2\/media?parent=279163"}],"wp:term":[{"taxonomy":"category","embeddable":true,"href":"https:\/\/www.europesays.com\/es\/wp-json\/wp\/v2\/categories?post=279163"},{"taxonomy":"post_tag","embeddable":true,"href":"https:\/\/www.europesays.com\/es\/wp-json\/wp\/v2\/tags?post=279163"}],"curies":[{"name":"wp","href":"https:\/\/api.w.org\/{rel}","templated":true}]}}