{"id":279169,"date":"2025-12-09T09:25:10","date_gmt":"2025-12-09T09:25:10","guid":{"rendered":"https:\/\/www.europesays.com\/es\/279169\/"},"modified":"2025-12-09T09:25:10","modified_gmt":"2025-12-09T09:25:10","slug":"paramount-dinamita-netflix-warner-bros-con-una-opa-hostil","status":"publish","type":"post","link":"https:\/\/www.europesays.com\/es\/279169\/","title":{"rendered":"Paramount dinamita Netflix-Warner Bros. con una OPA hostil"},"content":{"rendered":"<p><a href=\"https:\/\/www.panoramaaudiovisual.com\/wp-content\/uploads\/2024\/05\/Estudios-Paramount-Sony-Apollo-Compra.jpg\" rel=\"nofollow noopener\" target=\"_blank\"><img fetchpriority=\"high\" decoding=\"async\" class=\"aligncenter size-large wp-image-232401\" src=\"https:\/\/www.europesays.com\/es\/wp-content\/uploads\/2025\/12\/Estudios-Paramount-Sony-Apollo-Compra-605x337.jpg\" alt=\"Estudios Paramount - Sony Apollo Compra\" width=\"605\" height=\"337\"  \/><\/a><br \/>\nApenas tres d\u00edas despu\u00e9s de que <a href=\"https:\/\/www.panoramaaudiovisual.com\/2025\/12\/05\/netflix-compra-warner-bros-por-82-700-millones-de-dolares\/\" target=\"_blank\" rel=\"noopener nofollow\">Netflix y Warner Bros. Discovery (WBD) cerraran un acuerdo<\/a> por valor de 82.700 millones de d\u00f3lares incluyendo los estudios de cine y televisi\u00f3n, HBO Max y HBO, <a href=\"https:\/\/www.paramount.com\/\" target=\"_blank\" rel=\"noopener nofollow\">Paramount Skydance<\/a> del multimillonario David Ellison lanza una oferta p\u00fablica de adquisici\u00f3n (opa) hostil que tambi\u00e9n incluye los servicios de cable de WBD (CNN, TBS y HGTV) por valor de 108.400 millones de d\u00f3lares, deuda incluida.<\/p>\n<p>Las propuestas de <strong><a href=\"https:\/\/netflix.com\" target=\"_blank\" rel=\"noopener nofollow\">Netflix<\/a><\/strong> y <strong>Paramount Skydance<\/strong> se diferencian en varios aspectos. La oferta de Paramount, \u00edntegramente en efectivo, valora en <strong>30 d\u00f3lares cada acci\u00f3n de la compa\u00f1\u00eda<\/strong>, en comparaci\u00f3n con los <strong>27,75 d\u00f3lares<\/strong> de la propuesta de la empresa codirigida por Ted Sarandos. Sin embargo, abarca m\u00e1s activos que los que inclu\u00eda la transacci\u00f3n de la pasada semana.<\/p>\n<p>En el caso de confirmarse la oferta de <strong>Paramount Skydance<\/strong>, esta no solo abarcar\u00eda sus estudios de <strong>cine y televisi\u00f3n, HBO Max y HBO<\/strong> (incluyendo todo su cat\u00e1logo de series y pel\u00edculas), sino que tambi\u00e9n abarcar\u00eda <strong>canales de cable tradicionales<\/strong> como <strong>CNN, TNT, Cartoon Network o la propia Discovery<\/strong>, cuya \u201cindependencia\u201d estaba planeada para el tercer trimestre de 2026.<\/p>\n<p><a href=\"https:\/\/www.panoramaaudiovisual.com\/wp-content\/uploads\/2025\/12\/Paramount-Skydance-David-Ellison-Foto-Linkedin-Paramount.webp\" rel=\"nofollow noopener\" target=\"_blank\"><img loading=\"lazy\" decoding=\"async\" class=\"alignright size-medium wp-image-259538\" src=\"https:\/\/www.europesays.com\/es\/wp-content\/uploads\/2025\/12\/Paramount-Skydance-David-Ellison-Foto-Linkedin-Paramount-325x214.webp.webp\" alt=\"Paramount Skydance - David Ellison (Foto: Linkedin Paramount)\" width=\"325\" height=\"214\"  \/><\/a>Clave para que la operaci\u00f3n llegue a buen puerto depender\u00e1 del presidente estadounidense, <strong>Donald Trump<\/strong>, quien ha confirmado que participar\u00e1 activamente en la revisi\u00f3n del proceso. \u201cEl acuerdo podr\u00eda ser un problema. Tienen una cuota de mercado muy grande. Y cuando tienen a Warner Bros., esa cuota aumenta much\u00edsimo. As\u00ed que participar\u00e9 en esa decisi\u00f3n\u201d, asegur\u00f3 el mandatario sobre la oferta de Netflix.<\/p>\n<p>La propuesta de Paramount Skydance se aproxima m\u00e1s a los intereses del <strong>Trump<\/strong>. La compa\u00f1\u00eda de Ellison est\u00e1 respaldada por el fondo de <strong>Jared Kushner<\/strong>, yerno del presidente de EE. UU., y veh\u00edculos inversores Qatar, Abu Dabi y Arabia Saud\u00ed, los cuales seg\u00fan apuntan medios como El Pa\u00eds \u201cmantienen excelentes relaciones con el inquilino de La Casa Blanca\u201d. Adem\u00e1s, Trump ya apoy\u00f3 activamente la compra por parte de Skydance de Paramount por 8.000 millones de d\u00f3lares en julio de 2024, la cual incluy\u00f3 activos tan valiosos como CBS, MTV, Nickelodeon o Comedy Central.<\/p>\n<p>\u201cLos accionistas de WBD merecen tener la oportunidad de considerar nuestra oferta superior en efectivo por sus acciones en toda la empresa. Nuestra oferta p\u00fablica, que tiene las mismas condiciones que ofrecimos en privado al Consejo de Administraci\u00f3n de Warner Bros. Discovery, proporciona un valor superior y una v\u00eda m\u00e1s segura y r\u00e1pida para su finalizaci\u00f3n. Creemos que el consejo de administraci\u00f3n de WBD est\u00e1 persiguiendo una propuesta inferior que expone a los accionistas a una combinaci\u00f3n de efectivo y acciones, un valor comercial futuro incierto del negocio de cable lineal de Global Networks y un proceso de aprobaci\u00f3n regulatoria complicado. Estamos llevando nuestra oferta directamente a los accionistas para darles la oportunidad de actuar en su propio inter\u00e9s y maximizar el valor de sus acciones\u201d, coment\u00f3 <strong>Ellison<\/strong> al presentar la opa hostil, convencido de que el camino para la construcci\u00f3n del pr\u00f3ximo <strong>gran imperio medi\u00e1tico ser\u00e1 complejo<\/strong>, pero con la seguridad de quien cuenta con <strong>grandes aliados respald\u00e1ndole<\/strong>.<\/p>\n<p>\u00bfTe gust\u00f3 este art\u00edculo?<\/p>\n<p>Suscr\u00edbete a nuestro  <a href=\"https:\/\/www.panoramaaudiovisual.com\/alta-en-newsletter\/\" rel=\"nofollow noopener\" target=\"_blank\">NEWSLETTER<\/a> y no te perder\u00e1s nada.<\/p>\n<p>Otros art\u00edculos relacionados<a href=\"https:\/\/www.panoramaaudiovisual.com\/2025\/12\/05\/netflix-compra-warner-bros-por-82-700-millones-de-dolares\/\" rel=\"nofollow noopener\" target=\"_blank\"><\/p>\n<p>Netflix compra Warner Bros. por 82.700 millones de d\u00f3lares<\/p>\n<p><\/a><a href=\"https:\/\/www.panoramaaudiovisual.com\/2025\/12\/05\/fonte-films-rueda-adaptacion-thriller-danes-netflix-amor-para-adultos\/\" rel=\"nofollow noopener\" target=\"_blank\"><\/p>\n<p>Fonte Films rueda para Netflix la adaptaci\u00f3n del exitoso thriller dan\u00e9s &#8216;Amor para adultos&#8217;<\/p>\n<p><\/a><a href=\"https:\/\/www.panoramaaudiovisual.com\/2025\/11\/28\/antena-3-inicia-rodaje-sira\/\" rel=\"nofollow noopener\" target=\"_blank\"><\/p>\n<p>Antena 3 inicia el rodaje de &#8216;Sira&#8217;, la esperada continuaci\u00f3n de &#8216;El tiempo entre costuras&#8217;<\/p>\n<p><\/a><a href=\"https:\/\/www.panoramaaudiovisual.com\/2025\/11\/18\/paramount-vende-chilevision-vytal-group\/\" rel=\"nofollow noopener\" target=\"_blank\"><\/p>\n<p>Paramount vende Chilevisi\u00f3n a Vytal Group<\/p>\n<p><\/a><a href=\"https:\/\/www.panoramaaudiovisual.com\/2025\/11\/07\/oasis-serie-original-netflix-bambu-entra-postproduccion\/\" rel=\"nofollow noopener\" target=\"_blank\"><\/p>\n<p>&#8216;Oasis&#8217;, la nueva serie original de Netflix producida junto a Bamb\u00fa, entra en fase de postproducci\u00f3n<\/p>\n<p><\/a><a href=\"https:\/\/www.panoramaaudiovisual.com\/2025\/11\/07\/netflix-refuerza-negocio-publicitario-nueva-metrica-mav\/\" rel=\"nofollow noopener\" target=\"_blank\"><\/p>\n<p>Netflix refuerza su negocio publicitario introduciendo una nueva m\u00e9trica: MAV<\/p>\n<p><\/a><a href=\"https:\/\/www.panoramaaudiovisual.com\/2025\/10\/30\/daniel-sanchez-arevalo-rueda-para-netflix-un-thriller-coral-producido-por-bambu-producciones\/\" rel=\"nofollow noopener\" target=\"_blank\"><\/p>\n<p>Daniel S\u00e1nchez Ar\u00e9valo rueda para Netflix un thriller coral producido por Bamb\u00fa Producciones<\/p>\n<p><\/a><a href=\"https:\/\/www.panoramaaudiovisual.com\/2025\/10\/27\/gustavo-scaglione-adquiere-telefe-historico-television-argentina\/\" rel=\"nofollow noopener\" target=\"_blank\"><\/p>\n<p>Gustavo Scaglione (Televisi\u00f3n Litoral) adquiere Telefe, televisi\u00f3n argentina l\u00edder<\/p>\n<p><\/a><a href=\"https:\/\/www.panoramaaudiovisual.com\/2025\/10\/23\/warner-bros-discovery-oficialmente-a-la-venta\/\" rel=\"nofollow noopener\" target=\"_blank\"><\/p>\n<p>Warner Bros. Discovery, oficialmente a la venta<\/p>\n<p><\/a><a href=\"https:\/\/www.panoramaaudiovisual.com\/2025\/10\/22\/morena-films-produce-en-el-circulo-del-asesino-nuevo-thriller-netflix\/\" rel=\"nofollow noopener\" target=\"_blank\"><\/p>\n<p>Morena Films produce \u2018En el c\u00edrculo del asesino\u2019, el nuevo thriller de Netflix<\/p>\n<p><\/a><a href=\"https:\/\/www.panoramaaudiovisual.com\/2025\/10\/22\/noir-gallego-a-morte-nos-teus-ollos-largometraje-atresmedia-sideral-setima\/\" rel=\"nofollow noopener\" target=\"_blank\"><\/p>\n<p>El \u201cnoir gallego\u201d regresa con \u2018A morte nos teus ollos\u2019, largometraje de Atresmedia, Sideral y S\u00e9tima<\/p>\n<p><\/a><a href=\"https:\/\/www.panoramaaudiovisual.com\/2025\/10\/20\/hbo-max-se-suma-consejo-asesor-de-la-academia-de-tv\/\" rel=\"nofollow noopener\" target=\"_blank\"><\/p>\n<p>HBO Max se suma al Consejo Asesor de la Academia de Tv para el desarrollo de proyectos conjuntos<\/p>\n<p><\/a><a href=\"https:\/\/www.panoramaaudiovisual.com\/2025\/10\/17\/bambu-producciones-rueda-el-crimen-de-pazos-netflix\/\" rel=\"nofollow noopener\" target=\"_blank\"><\/p>\n<p>Bamb\u00fa Producciones rueda &#8216;El crimen de Pazos&#8217;, nueva serie de Netflix inspirada en hechos reales<\/p>\n<p><\/a><a href=\"https:\/\/www.panoramaaudiovisual.com\/2025\/10\/07\/zeta-studios-inicia-rodaje-gracias-equipo-ultima-pelicula-netflix\/\" rel=\"nofollow noopener\" target=\"_blank\"><\/p>\n<p>Zeta Studios inicia el rodaje de \u2018Gracias, equipo\u2019, su \u00faltima pel\u00edcula para Netflix<\/p>\n<p><\/a><a href=\"https:\/\/www.panoramaaudiovisual.com\/2025\/10\/06\/netflix-contara-historia-poli-diaz-potro-vallecas-nueva-pelicula-original\/\" rel=\"nofollow noopener\" target=\"_blank\"><\/p>\n<p>Netflix contar\u00e1 la historia de Poli D\u00edaz (El potro de Vallecas) en una nueva pel\u00edcula original<\/p>\n<p><\/a><a href=\"https:\/\/www.panoramaaudiovisual.com\/2025\/09\/02\/netflix-abre-melon-ia-generativa-produccion\/\" rel=\"nofollow noopener\" target=\"_blank\"><\/p>\n<p>Netflix abre el mel\u00f3n de la IA generativa en producci\u00f3n<\/p>\n<p><\/a>\t\t\t\t<\/p>\n","protected":false},"excerpt":{"rendered":"Apenas tres d\u00edas despu\u00e9s de que Netflix y Warner Bros. Discovery (WBD) cerraran un acuerdo por valor de&hellip;\n","protected":false},"author":2,"featured_media":279170,"comment_status":"","ping_status":"","sticky":false,"template":"","format":"standard","meta":{"footnotes":""},"categories":[91],"tags":[146,147,25,24,152,19568,21047,23,37559,66813],"class_list":{"0":"post-279169","1":"post","2":"type-post","3":"status-publish","4":"format-standard","5":"has-post-thumbnail","7":"category-entretenimiento","8":"tag-entertainment","9":"tag-entretenimiento","10":"tag-es","11":"tag-espana","12":"tag-netflix","13":"tag-paramount","14":"tag-skydance","15":"tag-spain","16":"tag-warner-bros","17":"tag-warner-bros-discovery"},"share_on_mastodon":{"url":"https:\/\/pubeurope.com\/@es\/115688894090677761","error":""},"_links":{"self":[{"href":"https:\/\/www.europesays.com\/es\/wp-json\/wp\/v2\/posts\/279169","targetHints":{"allow":["GET"]}}],"collection":[{"href":"https:\/\/www.europesays.com\/es\/wp-json\/wp\/v2\/posts"}],"about":[{"href":"https:\/\/www.europesays.com\/es\/wp-json\/wp\/v2\/types\/post"}],"author":[{"embeddable":true,"href":"https:\/\/www.europesays.com\/es\/wp-json\/wp\/v2\/users\/2"}],"replies":[{"embeddable":true,"href":"https:\/\/www.europesays.com\/es\/wp-json\/wp\/v2\/comments?post=279169"}],"version-history":[{"count":0,"href":"https:\/\/www.europesays.com\/es\/wp-json\/wp\/v2\/posts\/279169\/revisions"}],"wp:featuredmedia":[{"embeddable":true,"href":"https:\/\/www.europesays.com\/es\/wp-json\/wp\/v2\/media\/279170"}],"wp:attachment":[{"href":"https:\/\/www.europesays.com\/es\/wp-json\/wp\/v2\/media?parent=279169"}],"wp:term":[{"taxonomy":"category","embeddable":true,"href":"https:\/\/www.europesays.com\/es\/wp-json\/wp\/v2\/categories?post=279169"},{"taxonomy":"post_tag","embeddable":true,"href":"https:\/\/www.europesays.com\/es\/wp-json\/wp\/v2\/tags?post=279169"}],"curies":[{"name":"wp","href":"https:\/\/api.w.org\/{rel}","templated":true}]}}