{"id":279173,"date":"2025-12-09T09:27:18","date_gmt":"2025-12-09T09:27:18","guid":{"rendered":"https:\/\/www.europesays.com\/es\/279173\/"},"modified":"2025-12-09T09:27:18","modified_gmt":"2025-12-09T09:27:18","slug":"taller-de-conciliacion-en-euskera-neguarte-egun-borobila-sukaldean-ayuntamiento-valle-de-egues","status":"publish","type":"post","link":"https:\/\/www.europesays.com\/es\/279173\/","title":{"rendered":"TALLER DE CONCILIACION EN EUSKERA \u201cNEGUARTE\u201d: EGUN \u201cBOROBILA\u201d SUKALDEAN &#8211; Ayuntamiento Valle de Eg\u00fc\u00e9s"},"content":{"rendered":"<p>En este taller trabajar\u00e1n la cocina de una manera divertida y creativa. Como su nombre indica, \u201cser\u00e1 un d\u00eda redondo\u201d y todo lo que se haga tendr\u00e1 una forma redonda: rosquillas, donuts, piruletas de fruta\u2026<\/p>\n<p>Edad: 4-12 a\u00f1os<\/p>\n<p>Imparte: Dindaia<\/p>\n<p><b>\ud83c\udf9f\ufe0f<\/b>\u00a0<strong>Gratuito<\/strong><\/p>\n<p>\ud83d\uddd3\ufe0f 23 de diciembre<\/p>\n<p>\ud83d\udd5b10:30-12:30<\/p>\n<p>\ud83d\udccdSala Oihanburu<\/p>\n<p>\u270d\ufe0fInscripciones:\u00a0\u00a0del\u00a0<b>9 al 11 de diciembre<\/b>, ambos inclusive, a trav\u00e9s del link\u00a0<a title=\"https:\/\/inscripciones012.navarra.es\/GN012\/\" href=\"https:\/\/inscripciones012.navarra.es\/GN012\/\" target=\"_blank\" rel=\"noopener noreferrer nofollow\" data-auth=\"NotApplicable\" data-linkindex=\"0\">https:\/\/inscripciones012.navarra.es\/GN012\/<\/a>\u00a0o llamando al 012. Si hubiera m\u00e1s solicitudes que plazas se proceder\u00e1 a la realizaci\u00f3n de un\u00a0<b>sorteo<\/b>, por unidad familiar. La confirmaci\u00f3n de plaza se realizar\u00e1 por e-mail o SMS.<\/p>\n<p>Info: euskera@egues.es<\/p>\n<p><img fetchpriority=\"high\" decoding=\"async\" class=\"alignnone wp-image-42668\" src=\"https:\/\/www.europesays.com\/es\/wp-content\/uploads\/2025\/12\/neguarte-kontziliazio-tailerrak-2025-212x300.png\"   alt=\"\" width=\"363\" height=\"514\"\/><\/p>\n","protected":false},"excerpt":{"rendered":"En este taller trabajar\u00e1n la cocina de una manera divertida y creativa. Como su nombre indica, \u201cser\u00e1 un&hellip;\n","protected":false},"author":2,"featured_media":279174,"comment_status":"","ping_status":"","sticky":false,"template":"","format":"standard","meta":{"footnotes":""},"categories":[80],"tags":[82,95,94,25,24,23],"class_list":{"0":"post-279173","1":"post","2":"type-post","3":"status-publish","4":"format-standard","5":"has-post-thumbnail","7":"category-economia","8":"tag-business","9":"tag-economia","10":"tag-economy","11":"tag-es","12":"tag-espana","13":"tag-spain"},"share_on_mastodon":{"url":"https:\/\/pubeurope.com\/@es\/115688901844108968","error":""},"_links":{"self":[{"href":"https:\/\/www.europesays.com\/es\/wp-json\/wp\/v2\/posts\/279173","targetHints":{"allow":["GET"]}}],"collection":[{"href":"https:\/\/www.europesays.com\/es\/wp-json\/wp\/v2\/posts"}],"about":[{"href":"https:\/\/www.europesays.com\/es\/wp-json\/wp\/v2\/types\/post"}],"author":[{"embeddable":true,"href":"https:\/\/www.europesays.com\/es\/wp-json\/wp\/v2\/users\/2"}],"replies":[{"embeddable":true,"href":"https:\/\/www.europesays.com\/es\/wp-json\/wp\/v2\/comments?post=279173"}],"version-history":[{"count":0,"href":"https:\/\/www.europesays.com\/es\/wp-json\/wp\/v2\/posts\/279173\/revisions"}],"wp:featuredmedia":[{"embeddable":true,"href":"https:\/\/www.europesays.com\/es\/wp-json\/wp\/v2\/media\/279174"}],"wp:attachment":[{"href":"https:\/\/www.europesays.com\/es\/wp-json\/wp\/v2\/media?parent=279173"}],"wp:term":[{"taxonomy":"category","embeddable":true,"href":"https:\/\/www.europesays.com\/es\/wp-json\/wp\/v2\/categories?post=279173"},{"taxonomy":"post_tag","embeddable":true,"href":"https:\/\/www.europesays.com\/es\/wp-json\/wp\/v2\/tags?post=279173"}],"curies":[{"name":"wp","href":"https:\/\/api.w.org\/{rel}","templated":true}]}}