{"id":279183,"date":"2025-12-09T09:39:12","date_gmt":"2025-12-09T09:39:12","guid":{"rendered":"https:\/\/www.europesays.com\/es\/279183\/"},"modified":"2025-12-09T09:39:12","modified_gmt":"2025-12-09T09:39:12","slug":"en-este-equipo-solo-pueden-levantar-la-voz-courtois-mbappe-y-vinicius","status":"publish","type":"post","link":"https:\/\/www.europesays.com\/es\/279183\/","title":{"rendered":"\u201cEn este equipo solo pueden levantar la voz Courtois, Mbapp\u00e9 y Vinicius\u201d"},"content":{"rendered":"<p data-mrf-recirculation=\"Links P\u00e1rrafos\" class=\"ue-c-article__paragraph paragraph ue-c-article--first-letter-highlighted\">La derrota ante el <strong>Celta <\/strong>ha provocado un fuerte terremoto en el <strong>Real Madrid<\/strong>. En<strong> El Futbol\u00edn<\/strong> se desvel\u00f3 que, tras el partido, hubo una reuni\u00f3n de directivos en el <strong>Bernab\u00e9u<\/strong>, con opiniones muy divididas sobre el futuro de <strong>Xabi Alonso<\/strong>. \u201c<strong>Es una victoria en cinco jornadas y las sensaciones son muy malas<\/strong>\u201d, fue una de las frases m\u00e1s contundentes de la noche.<\/p>\n<p>Reuni\u00f3n de urgencia y desgaste interno<img decoding=\"async\" width=\"1024\" height=\"682\" class=\"ue-c-article__image lazyload\" alt=\"Las im\u00e1genes de la desolaci\u00f3n de los jugadores del Real Madrid\" loading=\"lazy\" src=\"https:\/\/www.europesays.com\/es\/wp-content\/uploads\/2025\/12\/6936056a020c2.jpeg\"\/><\/p>\n<p>Las im\u00e1genes de la desolaci\u00f3n de los jugadores del Real MadridFOTO CHEMA REY<\/p>\n<p data-mrf-recirculation=\"Links P\u00e1rrafos\" class=\"ue-c-article__paragraph paragraph\">M\u00e1s all\u00e1 de los resultados, <strong>el gran foco est\u00e1 en la relaci\u00f3n entre el vestuario y el cuerpo t\u00e9cnico<\/strong>, que se ha ido deteriorando con el paso de las semanas. Los <strong>m\u00e9todos de trabajo<\/strong>, la <strong>exigencia t\u00e1ctica<\/strong>, los <strong>viajes<\/strong>, los <strong>entrenamientos <\/strong>y determinados <strong>cambios han generado incomodidad <\/strong>en parte del grupo. \u201c<strong>No voy a decir que la relaci\u00f3n est\u00e9 rota, pero es dif\u00edcilmente reconducible en algunos casos<\/strong>\u201d, se explic\u00f3 durante el debate.<\/p>\n<p data-mrf-recirculation=\"Links P\u00e1rrafos\" class=\"ue-c-article__paragraph paragraph\">El ambiente en el <strong>Santiago Bernab\u00e9u <\/strong>es de aut\u00e9ntica alerta, con sensaci\u00f3n de punto de no retorno y <strong>con la grada cada vez m\u00e1s pendiente no solo del banquillo, sino tambi\u00e9n de la respuesta de los jugadores en el c\u00e9sped:\u00a0<\/strong>\u201c<strong>Xabi Alonso<\/strong> no est\u00e1 solo, pero su margen de error es m\u00ednimo\u201d<\/p>\n<p>Vinicius, los m\u00e9todos y el peso de los jugadores<img decoding=\"async\" width=\"1024\" height=\"683\" class=\"ue-c-article__image lazyload\" alt=\"El delantero brasile\u00f1o del Real Madrid Vinicius Jr. durante el partido de la jornada 19 de LaLiga EA Sports entre el Athletic Club y el Real Madrid.\" loading=\"lazy\" src=\"https:\/\/www.europesays.com\/es\/wp-content\/uploads\/2025\/12\/6931b12cb8b69.jpeg\"\/><\/p>\n<p>El delantero brasile\u00f1o del Real Madrid Vinicius Jr. durante el partido de la jornada 19 de LaLiga EA Sports entre el Athletic Club y el Real Madrid.EFE<\/p>\n<p data-mrf-recirculation=\"Links P\u00e1rrafos\" class=\"ue-c-article__paragraph paragraph\">Uno de los nombres propios que marcaron el an\u00e1lisis fue el de<strong> Vinicius J\u00fanior<\/strong>, tanto por su peso en el vestuario como por su gesti\u00f3n en partidos clave. Su sustituci\u00f3n en el <strong>Cl\u00e1sico<\/strong>, <strong>su reacci\u00f3n p\u00fablica y su entorno han tenido impacto directo en la din\u00e1mica interna<\/strong>. Tambi\u00e9n se se\u00f1alaba que decisiones como pasar la noche en <strong>Bilbao <\/strong>antes de un partido o la carga de v\u00eddeos t\u00e1cticos no han sido bien recibidas. \u201c<strong>Son detalles que en el vestuario no sientan del todo bien<\/strong>\u201d, se apunt\u00f3.<\/p>\n<p data-mrf-recirculation=\"Links P\u00e1rrafos\" class=\"ue-c-article__paragraph paragraph\">Durante el debate tambi\u00e9n qued\u00f3 claro el contexto hist\u00f3rico del club: \u201c<strong>Esto siempre ha sido un club de estrellas<\/strong>\u201d, se record\u00f3, incidiendo en que cuando los jugadores no se sienten c\u00f3modos, los proyectos se resienten. En comparaci\u00f3n, se subray\u00f3 que con t\u00e9cnicos como <strong>Carlo Ancelotti <\/strong>el vestuario s\u00ed estaba alineado, incluso en momentos de crisis deportiva.<\/p>\n<p>El City como juez y la afici\u00f3n mira a los futbolistas<img decoding=\"async\" width=\"1980\" height=\"1320\" class=\"ue-c-article__image lazyload\" alt=\"Pep Guardiola en el estadio Santiago Bernab\u00e9u\" loading=\"lazy\" src=\"https:\/\/www.europesays.com\/es\/wp-content\/uploads\/2025\/12\/693678339af27.jpeg\"\/><\/p>\n<p>Pep Guardiola en el estadio Santiago Bernab\u00e9u<\/p>\n<p data-mrf-recirculation=\"Links P\u00e1rrafos\" class=\"ue-c-article__paragraph paragraph\">Todo queda ahora pendiente del partido ante el <strong>Manchester City<\/strong>, convertido en una aut\u00e9ntica prueba de fuego. \u201c<strong>En el Madrid los resultados lo solucionan absolutamente todo<\/strong>\u201d, se insisti\u00f3. <strong>Una victoria podr\u00eda apagar el incendio<\/strong>, pero una derrota agravar\u00eda a\u00fan m\u00e1s la situaci\u00f3n de <strong>Xabi Alonso<\/strong>.<\/p>\n<p data-mrf-recirculation=\"Links P\u00e1rrafos\" class=\"ue-c-article__paragraph paragraph\">Adem\u00e1s, <strong>el foco del enfado empieza a desplazarse del banquillo al c\u00e9sped<\/strong>. Cada vez son m\u00e1s los que se\u00f1alan directamente a los jugadores por actitud y falta de compromiso. \u201c<strong>Si le pones ganas desde el principio, ese partido lo ganas<\/strong>\u201d, se dijo tras el choque ante el <strong>Celta<\/strong>. La sensaci\u00f3n es que <strong>el conflicto ya no es solo deportivo<\/strong>: afecta al vestuario, al entorno y al rumbo del proyecto.<\/p>\n","protected":false},"excerpt":{"rendered":"La derrota ante el Celta ha provocado un fuerte terremoto en el Real Madrid. En El Futbol\u00edn se&hellip;\n","protected":false},"author":2,"featured_media":279184,"comment_status":"","ping_status":"","sticky":false,"template":"","format":"standard","meta":{"footnotes":""},"categories":[268],"tags":[168,25,24,280,282,281,23,167],"class_list":{"0":"post-279183","1":"post","2":"type-post","3":"status-publish","4":"format-standard","5":"has-post-thumbnail","7":"category-futbol","8":"tag-deportes","9":"tag-es","10":"tag-espana","11":"tag-football","12":"tag-futbol","13":"tag-soccer","14":"tag-spain","15":"tag-sports"},"share_on_mastodon":{"url":"https:\/\/pubeurope.com\/@es\/115688949282339922","error":""},"_links":{"self":[{"href":"https:\/\/www.europesays.com\/es\/wp-json\/wp\/v2\/posts\/279183","targetHints":{"allow":["GET"]}}],"collection":[{"href":"https:\/\/www.europesays.com\/es\/wp-json\/wp\/v2\/posts"}],"about":[{"href":"https:\/\/www.europesays.com\/es\/wp-json\/wp\/v2\/types\/post"}],"author":[{"embeddable":true,"href":"https:\/\/www.europesays.com\/es\/wp-json\/wp\/v2\/users\/2"}],"replies":[{"embeddable":true,"href":"https:\/\/www.europesays.com\/es\/wp-json\/wp\/v2\/comments?post=279183"}],"version-history":[{"count":0,"href":"https:\/\/www.europesays.com\/es\/wp-json\/wp\/v2\/posts\/279183\/revisions"}],"wp:featuredmedia":[{"embeddable":true,"href":"https:\/\/www.europesays.com\/es\/wp-json\/wp\/v2\/media\/279184"}],"wp:attachment":[{"href":"https:\/\/www.europesays.com\/es\/wp-json\/wp\/v2\/media?parent=279183"}],"wp:term":[{"taxonomy":"category","embeddable":true,"href":"https:\/\/www.europesays.com\/es\/wp-json\/wp\/v2\/categories?post=279183"},{"taxonomy":"post_tag","embeddable":true,"href":"https:\/\/www.europesays.com\/es\/wp-json\/wp\/v2\/tags?post=279183"}],"curies":[{"name":"wp","href":"https:\/\/api.w.org\/{rel}","templated":true}]}}