{"id":279185,"date":"2025-12-09T09:40:09","date_gmt":"2025-12-09T09:40:09","guid":{"rendered":"https:\/\/www.europesays.com\/es\/279185\/"},"modified":"2025-12-09T09:40:09","modified_gmt":"2025-12-09T09:40:09","slug":"en-las-pedreres-de-shostal-con-tirolinas-y-tres-vestidos","status":"publish","type":"post","link":"https:\/\/www.europesays.com\/es\/279185\/","title":{"rendered":"en las Pedreres de s&#8217;Hostal, con tirolinas y tres vestidos"},"content":{"rendered":"<p>La cantante <strong><a href=\"https:\/\/www.ultimahora.es\/etiqueta\/Edurne.html?utm_source=Inline-tag&amp;utm_medium=internal\" rel=\"nofollow noopener\" target=\"_blank\">Edurne<\/a> <\/strong>ser\u00e1 la invitada en el programa &#8216;<a href=\"https:\/\/www.ultimahora.es\/etiqueta\/El+Hormiguero.html?utm_source=Inline-tag&amp;utm_medium=internal\" rel=\"nofollow noopener\" target=\"_blank\">El Hormiguero<\/a>&#8216; durante la noche de este martes 9 de diciembre. La artista madrile\u00f1a acudir\u00e1 al espacio televisivo de <a href=\"https:\/\/www.ultimahora.es\/etiqueta\/Pablo+Motos.html?utm_source=Inline-tag&amp;utm_medium=internal\" rel=\"nofollow noopener\" target=\"_blank\">Pablo Motos<\/a> para promocionar su primer disco navide\u00f1o, &#8216;Navidad junto a ti&#8217;, una producci\u00f3n musical que acaba de lanzar al mercado y que combina cl\u00e1sicos tradicionales de estas fechas con composiciones originales que lucen <strong>el caracter\u00edstico timbre y la potente voz<\/strong> de la int\u00e9rprete espa\u00f1ola. Aprovechando esta esperada aparici\u00f3n televisiva, recordamos uno de los momentos m\u00e1s especiales en la vida personal de la cantante: su rom\u00e1ntica boda con el futbolista <a href=\"https:\/\/www.ultimahora.es\/etiqueta\/David+de+Gea.html?utm_source=Inline-tag&amp;utm_medium=internal\" rel=\"nofollow noopener\" target=\"_blank\">David de Gea<\/a>, celebrada en Menorca durante el verano de 2023.<\/p>\n<p>El enlace, que tuvo lugar en el espectacular <strong>entorno natural de les Pedreres de s&#8217;Hostal<\/strong> de Ciutadella (conocidas popularmente como Lithica), se convirti\u00f3 en una de las bodas m\u00e1s comentadas de aquel a\u00f1o. La ceremonia sirvi\u00f3 para sellar oficialmente una relaci\u00f3n sentimental que comenz\u00f3 a gestarse en 2010 y de la que naci\u00f3 su hija Yanay, quien tambi\u00e9n particip\u00f3 en la especial celebraci\u00f3n familiar. La pareja opt\u00f3 por una ceremonia con apenas ochenta invitados en este singular espacio menorqu\u00edn, un conjunto de antiguas canteras de mar\u00e9s que proporcion\u00f3 un <strong>tel\u00f3n de fondo \u00fanico y espectacular<\/strong> para los diferentes momentos del evento: la ceremonia oficial, el posterior banquete y una animada fiesta que se prolong\u00f3 hasta altas horas de la madrugada, todo ello manteniendo la m\u00e1s estricta privacidad.<\/p>\n<blockquote class=\"instagram-media\" style=\"background: #FFF; border: 0; border-radius: 3px; box-shadow: 0 0 1px 0 rgba(0,0,0,0.5),0 1px 10px 0 rgba(0,0,0,0.15); margin: 1px; max-width: 540px; min-width: 326px; padding: 0; width: calc(100% - 2px);\" data-instgrm-captioned=\"\" data-instgrm-permalink=\"https:\/\/www.instagram.com\/p\/CuKlaExow43\/?utm_source=ig_embed&amp;utm_campaign=loading\" data-instgrm-version=\"14\"><p>&#13;<br \/>\n&#13;\n<\/p><\/blockquote>\n<p>El enlace matrimonial entre Edurne y David de Gea destac\u00f3 no solo por la elecci\u00f3n de su ubicaci\u00f3n, sino tambi\u00e9n por los numerosos detalles que hicieron de este evento algo verdaderamente singular. Entre las actividades m\u00e1s sorprendentes que pudieron disfrutar los asistentes se encontraban <strong>tirolinas instaladas en el recinto <\/strong>de las canteras y una divertida fiesta de la espuma que anim\u00f3 considerablemente el ambiente durante la celebraci\u00f3n posterior a la ceremonia. Uno de los aspectos que m\u00e1s llam\u00f3 la atenci\u00f3n fue la gastronom\u00eda seleccionada por los novios.<\/p>\n<p>Lejos de optar por men\u00fas tradicionales o excesivamente elaborados, la pareja decidi\u00f3 sorprender a sus invitados con dos platos aparentemente sencillos pero preparados con especial dedicaci\u00f3n: <strong>pasta carbonara y hamburguesas acompa\u00f1adas de patatas<\/strong> fritas. Esta elecci\u00f3n culinaria, que podr\u00eda parecer inusual para un evento de tal magnitud, reflej\u00f3 la personalidad cercana y desenfadada tanto de Edurne como del exportero del Manchester United. Tambi\u00e9n organizaron una actividad inspirada en los populares &#8216;escape rooms&#8217;. Concretamente, simularon un secuestro ambientado en la serie &#8216;La casa de papel&#8217;, <strong>que sorprendi\u00f3 <\/strong>a los asistentes y aport\u00f3 un toque de adrenalina a la velada.<\/p>\n<p>Los tres vestidos de Edurne<\/p>\n<p>El vestuario de la novia se convirti\u00f3 en uno de los principales focos de atenci\u00f3n. En este caso, Edurne opt\u00f3 por lucir tres atuendos diferentes a lo largo de la jornada, adaptando su imagen a cada momento de la celebraci\u00f3n. Para la ceremonia oficial, la cantante escogi\u00f3 un elegante dise\u00f1o de la prestigiosa firma <strong>Elie Saab<\/strong>, caracterizado por su corte de princesa, una voluminosa falda de tul compuesta por varias capas, un cuerpo entallado y un favorecedor escote palabra de honor.<\/p>\n<p>Tras finalizar la parte m\u00e1s formal del evento, Edurne cambi\u00f3 su look por una segunda opci\u00f3n m\u00e1s pr\u00e1ctica: un sofisticado mono joya ajustado con escote halter, <strong>que le proporcion\u00f3 mayor libertad de movimiento<\/strong> durante el banquete y la posterior celebraci\u00f3n, permiti\u00e9ndole participar c\u00f3modamente en los bailes y actividades preparadas. Como broche final a sus cambios de vestuario, la int\u00e9rprete madrile\u00f1a sorprendi\u00f3 con un tercer modelo completamente cubierto de pedrer\u00eda y adornado con llamativas plumas en la falda.<\/p>\n<p>Nacida en Madrid el 22 de diciembre de 1985, Edurne Garc\u00eda Almagro ha desarrollado una s\u00f3lida carrera tanto en el \u00e1mbito musical como en el terreno televisivo. Su salto a la fama se produjo en 2005 gracias a su participaci\u00f3n en la cuarta edici\u00f3n del concurso &#8216;Operaci\u00f3n Triunfo&#8217;, donde su talento vocal y carisma la convirtieron en <strong>una de las concursantes m\u00e1s queridas por<\/strong> el p\u00fablico espa\u00f1ol. Desde entonces, la artista madrile\u00f1a ha publicado numerosos trabajos discogr\u00e1ficos, entre los que destacan &#8216;Edurne&#8217; (2006), &#8216;Ilusi\u00f3n&#8217; (2007), &#8216;Premi\u00e8re&#8217; (2008), &#8216;Nueva Piel&#8217; (2010), &#8216;Adrenalina&#8217; (2018) y &#8216;Catarsis&#8217; (2022). Su repertorio incluye \u00e9xitos como &#8216;Despierta&#8217;, &#8216;Amanecer&#8217; (con la que represent\u00f3 a Espa\u00f1a en el Festival de Eurovisi\u00f3n 2015) o &#8216;No puedo m\u00e1s&#8217;.<\/p>\n<p>En el terreno televisivo, Edurne ha demostrado su versatilidad como presentadora y jurado en diversos formatos. Durante varias temporadas form\u00f3 parte del panel de jueces del programa <strong>&#8216;Got Talent Espa\u00f1a&#8217;<\/strong>, donde su profesionalidad y cercan\u00eda con los concursantes la convirtieron en una de las caras m\u00e1s reconocibles del espacio. Actualmente, compagina su faceta musical con diversos proyectos audiovisuales como coach en <strong>La Voz Kids<\/strong>, manteniendo una presencia constante en el panorama medi\u00e1tico espa\u00f1ol.<\/p>\n<p>&#8216;Navidad junto a ti&#8217;, el nuevo trabajo discogr\u00e1fico que Edurne, supone su primera incursi\u00f3n en el repertorio navide\u00f1o a lo largo de sus casi dos d\u00e9cadas de trayectoria musical. El \u00e1lbum, que llega a las plataformas digitales y tiendas f\u00edsicas <strong>en plena temporada de celebraciones navide\u00f1as, combina cl\u00e1sicos<\/strong> internacionales con temas originales compuestos espec\u00edficamente para la ocasi\u00f3n. Entre las versiones de canciones tradicionales incluidas en el disco se encuentran adaptaciones al castellano de &#8216;All I Want For Christmas Is You&#8217;, &#8216;Last Christmas&#8217; y &#8216;Jingle Bells&#8217;, mientras que entre los temas in\u00e9ditos destacan la canci\u00f3n que da t\u00edtulo al \u00e1lbum, &#8216;Navidad junto a ti&#8217;, y otras composiciones como &#8216;Luces de diciembre&#8217; o &#8216;Bajo el mu\u00e9rdago&#8217;.<\/p>\n<p><script async src=\"\/\/www.instagram.com\/embed.js\"><\/script><\/p>\n","protected":false},"excerpt":{"rendered":"La cantante Edurne ser\u00e1 la invitada en el programa &#8216;El Hormiguero&#8216; durante la noche de este martes 9&hellip;\n","protected":false},"author":2,"featured_media":279186,"comment_status":"","ping_status":"","sticky":false,"template":"","format":"standard","meta":{"footnotes":""},"categories":[174],"tags":[4040,5233,67809,255,40374,16836,5813,146,147,25,24,256,12648,5812,492,23,2922,1529],"class_list":{"0":"post-279185","1":"post","2":"type-post","3":"status-publish","4":"format-standard","5":"has-post-thumbnail","7":"category-famosos","8":"tag-antena-3","9":"tag-audiencias-um","10":"tag-boda-en-menorca","11":"tag-celebrities","12":"tag-david-de-gea","13":"tag-edurne","14":"tag-el-hormiguero","15":"tag-entertainment","16":"tag-entretenimiento","17":"tag-es","18":"tag-espana","19":"tag-famosos","20":"tag-ia-news","21":"tag-pablo-motos","22":"tag-sociedad","23":"tag-spain","24":"tag-tendencias","25":"tag-ultima-hora"},"share_on_mastodon":{"url":"https:\/\/pubeurope.com\/@es\/115688952491797998","error":""},"_links":{"self":[{"href":"https:\/\/www.europesays.com\/es\/wp-json\/wp\/v2\/posts\/279185","targetHints":{"allow":["GET"]}}],"collection":[{"href":"https:\/\/www.europesays.com\/es\/wp-json\/wp\/v2\/posts"}],"about":[{"href":"https:\/\/www.europesays.com\/es\/wp-json\/wp\/v2\/types\/post"}],"author":[{"embeddable":true,"href":"https:\/\/www.europesays.com\/es\/wp-json\/wp\/v2\/users\/2"}],"replies":[{"embeddable":true,"href":"https:\/\/www.europesays.com\/es\/wp-json\/wp\/v2\/comments?post=279185"}],"version-history":[{"count":0,"href":"https:\/\/www.europesays.com\/es\/wp-json\/wp\/v2\/posts\/279185\/revisions"}],"wp:featuredmedia":[{"embeddable":true,"href":"https:\/\/www.europesays.com\/es\/wp-json\/wp\/v2\/media\/279186"}],"wp:attachment":[{"href":"https:\/\/www.europesays.com\/es\/wp-json\/wp\/v2\/media?parent=279185"}],"wp:term":[{"taxonomy":"category","embeddable":true,"href":"https:\/\/www.europesays.com\/es\/wp-json\/wp\/v2\/categories?post=279185"},{"taxonomy":"post_tag","embeddable":true,"href":"https:\/\/www.europesays.com\/es\/wp-json\/wp\/v2\/tags?post=279185"}],"curies":[{"name":"wp","href":"https:\/\/api.w.org\/{rel}","templated":true}]}}