{"id":279194,"date":"2025-12-09T09:48:26","date_gmt":"2025-12-09T09:48:26","guid":{"rendered":"https:\/\/www.europesays.com\/es\/279194\/"},"modified":"2025-12-09T09:48:26","modified_gmt":"2025-12-09T09:48:26","slug":"los-reyes-de-suecia-caen-rendidos-a-la-violinista-espanola-maria-duenas-23-anos-en-su-historico-concierto-de-los-nobel","status":"publish","type":"post","link":"https:\/\/www.europesays.com\/es\/279194\/","title":{"rendered":"Los reyes de Suecia caen rendidos a la violinista espa\u00f1ola Mar\u00eda Due\u00f1as (23 a\u00f1os) en su hist\u00f3rico concierto de los Nobel"},"content":{"rendered":"<p id=\"e75UdjCGb9\" data-wc=\"107\">Acaba de cumplir 23 a\u00f1os (el pasado jueves 4 de diciembre) y es toda una estrella internacional. De hecho, acaba de hacer historia, ya que nunca antes un espa\u00f1ol hab\u00eda dejado su impronta en el majestuoso y tradicional <strong>C<\/strong><strong>oncierto de los Nobel<\/strong>. Se llama <strong>Mar\u00eda Due\u00f1as<\/strong>, s\u00ed, como la reconocida novelista, pero en este caso hablamos de alguien que, pese a su juventud, es una verdadera maestra del viol\u00edn. As\u00ed lo ha demostrado este lunes por la tarde-noche en un templo como es el emblem\u00e1tico Konserthuset de Estocolmo, donde ca\u00edan rendidos a ella los mism\u00edsimos <strong>r<\/strong><strong>eyes Carlos Gustavo y Silvia de Suecia\u00a0<\/strong>mientras estos presid\u00edan el evento.<\/p>\n<p> <img src=\"https:\/\/www.europesays.com\/es\/wp-content\/uploads\/2025\/12\/dc9ba85ba06f-gettyimages-1243888922.jpg\"   width=\"1024\" height=\"770\" loading=\"lazy\" decoding=\"async\" alt=\"Mar\u00eda Due\u00f1as es una de las violinistas m\u00e1s brillantes que hay en el mundo\" fetchpriority=\"auto\" class=\"image ho-image\"\/>\u00a9 Getty ImagesMar\u00eda Due\u00f1as es una de las violinistas m\u00e1s brillantes que hay en el mundo<\/p>\n<p> <img src=\"https:\/\/www.europesays.com\/es\/wp-content\/uploads\/2025\/12\/cc6326bbd8f8-concert1.jpg\"   width=\"1024\" height=\"683\" loading=\"lazy\" decoding=\"async\" alt=\"Los reyes Carlos Gustavo y Silvia, en el \" fetchpriority=\"auto\" class=\"image ho-image\"\/>\u00a9 kungahuset.seLos reyes Carlos Gustavo y Silvia, en el Konserthuset<\/p>\n<p id=\"euaL1xrPOTP\" data-wc=\"101\">La artista granadina ha deleitado a todos los asistentes sobre el escenario junto al director de orquesta checo Semyon Bychkov, acompa\u00f1ados por la Real Filarm\u00f3nica de la capital n\u00f3rdica. <strong>\u00a0\u201cActuar aqu\u00ed es un gran honor para m\u00ed\u201d,<\/strong> reconoc\u00eda la joven virtuosa de la m\u00fasica cl\u00e1sica antes de empezar. \u00abEl poder participar en en esta celebraci\u00f3n de los logros humanos, la creatividad y los valores que hacen avanzar nuestro mundo\u00bb, a\u00f1ad\u00eda con orgullo. En definitiva. se ha felicitado al tener la oportunidad de \u00abaportar\u00bb su enorme talento para honrar a \u00abaquellos que inspiran el progreso para un mayor beneficio de la humanidad\u00bb.\u00a0<\/p>\n<p> <img src=\"https:\/\/www.europesays.com\/es\/wp-content\/uploads\/2025\/12\/02d037a02853-nob.jpg\"   width=\"1024\" height=\"676\" loading=\"lazy\" decoding=\"async\" alt=\"El Konserthuset de Estocolmo tiene un siglo de historia\" fetchpriority=\"auto\" class=\"image ho-image\"\/>\u00a9 nobelprize.orgEl Konserthuset de Estocolmo tiene un siglo de historia<\/p>\n<p id=\"eINv8qftB7\" data-wc=\"114\">El programa se abr\u00eda con la obra Mari,\u00a0del compositor estadounidense Bryce Dessner, que surgi\u00f3 durante sus solitarios paseos por la campi\u00f1a francesa durante la pandemia, y cuyas notas versas sobre la fugacidad de la vida. Tambi\u00e9n hemos escuchado la Novena Sinfon\u00eda del Nuevo Mundo, escrita por Anton\u00edn Dvo\u0159\u00e1k durante su \u00e9poca como profesor en Estados Unidos:; mientras que Mar\u00eda Due\u00f1as interpret\u00f3 el Concierto para viol\u00edn en mi menor de<strong>\u00a0Felix Mendelssohn-Bartholdy<\/strong>, compuesto por este para su amigo de la infancia y m\u00fasico Ferdinand David. Finalizada la actuaci\u00f3n, el teatro entero se pon\u00eda en pie, incluidos el monarca escandinavo (79 a\u00f1os) y su esposa, para regalar una ovaci\u00f3n cerrada de aplausos a los artistas.<\/p>\n<p>Sus dos encuentros con la princesa Leonor<\/p>\n<p id=\"eNrSWcAGKZR\" data-wc=\"126\">El recital comenzaba a las 19:00 horas y se enmarca en la <a class=\"hm-link ho-link\" href=\"https:\/\/www.hola.com\/moda\/20251208871680\/victoria-de-suecia-abrigo-morado-prada-premio-nobel-look\/\" data-mrf-recirculation=\"article-body-link\" rel=\"nofollow noopener\" target=\"_blank\">semana de los galardones m\u00e1s prestigiosos del mundo<\/a>, lo que se entregar\u00e1n este mi\u00e9rcoles con presencia de la Familia Real Sueca. Para la artista andaluza, no es la primera vez ni la segunda que tiene delante de ella a miembros de alguna monarqu\u00eda europea, ya que puede presumir de haber mantenido dos encuentros con Leonor de Borb\u00f3n. El primero fue el 5 julio de 2023, en el municipio catal\u00e1n de Caldes de Malavella, durante la <a class=\"hm-link ho-link\" href=\"https:\/\/www.hola.com\/realeza\/casa_espanola\/20230705235230\/gala-leonor-entrega-premios-princesa-girona\/\" data-mrf-recirculation=\"article-body-link\" rel=\"nofollow noopener\" target=\"_blank\">entrega de los Premios Princesa de Girona<\/a>, Aquel d\u00eda, Mar\u00eda era reconocida en la categor\u00eda de Arte y Letras, bajo el aplauso no solo de la heredera sino tambi\u00e9n de los reyes Felipe y Letizia y la infanta Sof\u00eda.<\/p>\n<p> <img src=\"https:\/\/www.europesays.com\/es\/wp-content\/uploads\/2025\/12\/291a0a9483f1-mari.jpg\"   width=\"683\" height=\"1024\" loading=\"lazy\" decoding=\"async\" alt=\"Mar\u00eda Due\u00f1as tambi\u00e9n hizo una breve actuaci\u00f3n durante la gala de los Premios Princesa de Girona 2023\" fetchpriority=\"auto\" class=\"image ho-image\"\/>\u00a9 Fundaci\u00f3n Princesa de GironaMar\u00eda Due\u00f1as tambi\u00e9n hizo una breve actuaci\u00f3n durante los Premios Princesa de Girona<\/p>\n<p> <img src=\"https:\/\/www.europesays.com\/es\/wp-content\/uploads\/2025\/12\/59c7c04bf0ef-dlu536251112.jpg\"   width=\"1024\" height=\"682\" loading=\"lazy\" decoding=\"async\" alt=\"Los Reyes y sus hijas, en la gala del 5 de julio de 2023\" fetchpriority=\"auto\" class=\"image ho-image\"\/>\u00a9 GTRESLos Reyes y sus hijas, en la gala del 5 de julio de 2023<\/p>\n<p id=\"ei8dj3piY7r\" data-wc=\"118\">La segunda vez que la violinista se vio con la n\u00famero uno en la l\u00ednea de sucesi\u00f3n fue hace unos meses, el pasado 5 de junio, cuando esta \u00faltima desembarc\u00f3 en Nueva York a bordo del buque-escuela Juan Sebasti\u00e1n de Elcano. Para la futura reina, era la \u00faltima parada de su intensa y exigente ruta transoce\u00e1nica antes de volver a Madrid, por lo que las emociones estaban a flor de piel. En el ic\u00f3nico Carnegie Hall de Manhattan, Due\u00f1as y otros artistas actuaron <a class=\"hm-link ho-link\" href=\"https:\/\/www.hola.com\/realeza\/casa_espanola\/20250606836417\/princesa-leonor-nueva-york-carnegie-hall-nueva-york-concierto\/\" data-mrf-recirculation=\"article-body-link\" rel=\"nofollow noopener\" target=\"_blank\">frente a Leonor y sus compa\u00f1eros guardiamarinas<\/a>, Aquel d\u00eda, Mar\u00eda les dej\u00f3 con la boca abierta interpretando una pieza del maestro Erich Wolfgang Korngold, el compositor que huy\u00f3 de los nazis y triunf\u00f3 en Hollywood.<\/p>\n<p> <img src=\"https:\/\/www.europesays.com\/es\/wp-content\/uploads\/2025\/12\/a5f6a69bac43-dudu.jpg\"   width=\"1024\" height=\"568\" loading=\"lazy\" decoding=\"async\" alt=\"La violinista espa\u00f1ola, en el Carnie Hall\" fetchpriority=\"auto\" class=\"image ho-image\"\/>\u00a9 Casa RealLa violinista espa\u00f1ola, en el Carnegie Hall<\/p>\n<p> <img src=\"https:\/\/www.europesays.com\/es\/wp-content\/uploads\/2025\/12\/9566704caf57-dudu1.jpg\"   width=\"1024\" height=\"514\" loading=\"lazy\" decoding=\"async\" alt=\"La princesa Leonor y sus compa\u00f1eros, en el concierto\" fetchpriority=\"auto\" class=\"image ho-image\"\/>\u00a9 Casa RealLa princesa Leonor y sus compa\u00f1eros, en el concierto<\/p>\n","protected":false},"excerpt":{"rendered":"Acaba de cumplir 23 a\u00f1os (el pasado jueves 4 de diciembre) y es toda una estrella internacional. De&hellip;\n","protected":false},"author":2,"featured_media":279195,"comment_status":"","ping_status":"","sticky":false,"template":"","format":"standard","meta":{"footnotes":""},"categories":[91],"tags":[20394,146,147,25,24,1027,20393,67810,23],"class_list":{"0":"post-279194","1":"post","2":"type-post","3":"status-publish","4":"format-standard","5":"has-post-thumbnail","7":"category-entretenimiento","8":"tag-carlos-gustavo-de-suecia","9":"tag-entertainment","10":"tag-entretenimiento","11":"tag-es","12":"tag-espana","13":"tag-realeza","14":"tag-realeza-suecia","15":"tag-silvia-de-suecia","16":"tag-spain"},"share_on_mastodon":{"url":"https:\/\/pubeurope.com\/@es\/115688984789647119","error":""},"_links":{"self":[{"href":"https:\/\/www.europesays.com\/es\/wp-json\/wp\/v2\/posts\/279194","targetHints":{"allow":["GET"]}}],"collection":[{"href":"https:\/\/www.europesays.com\/es\/wp-json\/wp\/v2\/posts"}],"about":[{"href":"https:\/\/www.europesays.com\/es\/wp-json\/wp\/v2\/types\/post"}],"author":[{"embeddable":true,"href":"https:\/\/www.europesays.com\/es\/wp-json\/wp\/v2\/users\/2"}],"replies":[{"embeddable":true,"href":"https:\/\/www.europesays.com\/es\/wp-json\/wp\/v2\/comments?post=279194"}],"version-history":[{"count":0,"href":"https:\/\/www.europesays.com\/es\/wp-json\/wp\/v2\/posts\/279194\/revisions"}],"wp:featuredmedia":[{"embeddable":true,"href":"https:\/\/www.europesays.com\/es\/wp-json\/wp\/v2\/media\/279195"}],"wp:attachment":[{"href":"https:\/\/www.europesays.com\/es\/wp-json\/wp\/v2\/media?parent=279194"}],"wp:term":[{"taxonomy":"category","embeddable":true,"href":"https:\/\/www.europesays.com\/es\/wp-json\/wp\/v2\/categories?post=279194"},{"taxonomy":"post_tag","embeddable":true,"href":"https:\/\/www.europesays.com\/es\/wp-json\/wp\/v2\/tags?post=279194"}],"curies":[{"name":"wp","href":"https:\/\/api.w.org\/{rel}","templated":true}]}}