{"id":279208,"date":"2025-12-09T10:01:11","date_gmt":"2025-12-09T10:01:11","guid":{"rendered":"https:\/\/www.europesays.com\/es\/279208\/"},"modified":"2025-12-09T10:01:11","modified_gmt":"2025-12-09T10:01:11","slug":"baloncesto-monbus-obradoiro-segundo-y-merecido-descanso-para-un-obradoiro-que-se-acerca-al-lider","status":"publish","type":"post","link":"https:\/\/www.europesays.com\/es\/279208\/","title":{"rendered":"BALONCESTO MONBUS OBRADOIRO | Segundo y merecido descanso para un Obradoiro que se acerca al l\u00edder"},"content":{"rendered":"<p class=\"ft-text\">El <a class=\"ft-link ft-link--decoration\" href=\"https:\/\/www.elcorreogallego.es\/tags\/monbus-obradoiro\/\" target=\"_blank\" rel=\"nofollow noopener\">Monbus Obradoiro<\/a> termin\u00f3 la pasada jornada escalando un puesto para <strong>situarse como segundo<\/strong> tras <a class=\"ft-link ft-link--decoration\" href=\"https:\/\/www.elcorreogallego.es\/deportes\/2025\/12\/06\/obradoiro-arrasa-complicaciones-sigue-nube-124527498.html\" target=\"_blank\" rel=\"nofollow noopener\">ganar su duelo ante el Flexicar Fuenlabrada<\/a> y que el <strong>Leyma Coru\u00f1a<\/strong> hiciese lo propio con el <strong>S\u00faper Agropal Palencia<\/strong>. Los de <strong>Diego Epifanio<\/strong> est\u00e1n de dulce y mantienen la racha de ocho victorias consecutivas en liga tras el par\u00f3n por las ventanas FIBA. Ahora, les toca afrontar su jornada de descanso para seguir trabajando en mejorar su baloncesto y mantener su mete\u00f3rico ascenso en la tabla.<\/p>\n<p class=\"ft-text\">El encuentro ante el Fuenlabrada dej\u00f3 un <strong>amplio triunfo<\/strong> en Sar (97-69) que es un espejismo por la situaci\u00f3n en la que llegaba el rival. Ello no quiere decir que haya sido negativo para los compostelanos, que han vuelto a demostrar que pueden encontrar en varios hombres las herramientas necesarias para no dejar de percutir y acertar para triunfar.<\/p>\n<p class=\"ft-text\">Eso s\u00ed, tambi\u00e9n <strong>ha habido apuntes negativos<\/strong> que no se han acentuado porque el rival acudi\u00f3 con varios jugadores de categor\u00edas inferiores y sin dos de sus piezas habituales, que abandonaron la entidad, adem\u00e1s de sin sus fichajes. En el inicio, el equipo defensivamente pudo hacer m\u00e1s. Termin\u00f3 mejorando en ese aspecto a lo largo del choque, <strong>su fortaleza en esta campa\u00f1a<\/strong>.<\/p>\n<p class=\"ft-text\">En ataque, la sensaci\u00f3n fue de inconsistencia en algunos tramos, quiz\u00e1s por dejarse llevar ante un Fuenlabrada que se atasc\u00f3 desde el segundo cuarto y no ofreci\u00f3 nada tras el descanso. Pese a ello, los de Epi lograron engrosar el marcador ante un contrincante endeble y que se present\u00f3 en Sar sin argumentos, permitiendo demasiados espacios para que <strong>la pelota entrase por obligaci\u00f3n<\/strong>.<\/p>\n<p class=\"ft-text\">No fue un partido brillante del Obradoiro, pero <strong>es positivo que sucediera ahora<\/strong> y ante un rival que no apretase, pudiendo forzar un asalto en Sar. Epi tendr\u00e1 tiempo para corregir y pulir a su equipo para prepararlos para su siguiente duelo en Sar, el pr\u00f3ximo martes 16 de diciembre, a las 20 horas, ante el <strong>Caja Rural CB Zamora<\/strong>.<\/p>\n<p class=\"ft-text\">Lo seguir\u00e1n la visita al <strong>Palmer Basket Mallorca Palma,<\/strong> el domingo 21 de diciembre a las 18 horas, y el gran partido que despedir\u00e1 el a\u00f1o, <strong>el derbi ante el Coru\u00f1a<\/strong> en Sar, el domingo 28 de diciembre a las 18 horas. Ser\u00e1 clave para los compostelanos aprovechar esta semana de trabajo y los enfrentamientos con Zamora y Palma para llegar con la mayor brillantez al duelo con los herculinos, <strong>clave en la pelea por el ascenso directo<\/strong> y en el que no habr\u00e1 lugar para relajaciones.<\/p>\n<p class=\"ft-text\">Pero hay que \u2018hacer los deberes\u2019 en ese proceso, que <strong>no debe ser de ansiedad pensando en Coru\u00f1a<\/strong> cuando hay dos rivales por el medio. El proceso debe ser natural y fluido, dentro del partido al partido para tener consistencia. Los de Epi deben de encontrar las f\u00f3rmulas para mantener su <strong>f\u00e9rrea defensa<\/strong> que les ha permitido entrar en esta racha y que alimenta su ofensiva.<\/p>\n<p class=\"ft-text\">Tambi\u00e9n ser\u00e1 clave este tiempo para que<strong> Micah Speight<\/strong> siga forjando la qu\u00edmica con sus compa\u00f1eros para ser un jugador s\u00f3lido dentro del sistema. El equipo necesita que sus minutos en pista sean los de un jugador capaz de ser dominante en esta categor\u00eda y no que pase desapercibido, algo que por el momento <strong>es normal<\/strong> mientras sigue buscando sus espacios.<\/p>\n<p class=\"ft-text\">Mucho trabajo le queda por delante a Epi y sus hombres, pero desde el optimismo. El \u00faltimo partido estuvo lejos de ser excelso, pero est\u00e1 claro que el equipo es capaz de <strong>ofrecer un buen baloncesto<\/strong> y en las siguientes jornadas pelear\u00e1 por ganar a trav\u00e9s de las muchas y muy buenas herramientas de las que dispone, mirando al liderato.<\/p>\n","protected":false},"excerpt":{"rendered":"El Monbus Obradoiro termin\u00f3 la pasada jornada escalando un puesto para situarse como segundo tras ganar su duelo&hellip;\n","protected":false},"author":2,"featured_media":279209,"comment_status":"","ping_status":"","sticky":false,"template":"","format":"standard","meta":{"footnotes":""},"categories":[269],"tags":[299,298,168,3484,25,24,14097,59653,10284,10281,10285,2554,67811,3917,1566,23,167,2946],"class_list":{"0":"post-279208","1":"post","2":"type-post","3":"status-publish","4":"format-standard","5":"has-post-thumbnail","7":"category-baloncesto","8":"tag-baloncesto","9":"tag-basketball","10":"tag-deportes","11":"tag-descanso","12":"tag-es","13":"tag-espana","14":"tag-leyma-coruna","15":"tag-merecido","16":"tag-monbus-obradoiro","17":"tag-obradoiro","18":"tag-obradoiro-cab","19":"tag-palma-de-mallorca","20":"tag-palma-mallorca","21":"tag-primera-feb","22":"tag-segundo","23":"tag-spain","24":"tag-sports","25":"tag-zamora"},"share_on_mastodon":{"url":"https:\/\/pubeurope.com\/@es\/115689035299872729","error":""},"_links":{"self":[{"href":"https:\/\/www.europesays.com\/es\/wp-json\/wp\/v2\/posts\/279208","targetHints":{"allow":["GET"]}}],"collection":[{"href":"https:\/\/www.europesays.com\/es\/wp-json\/wp\/v2\/posts"}],"about":[{"href":"https:\/\/www.europesays.com\/es\/wp-json\/wp\/v2\/types\/post"}],"author":[{"embeddable":true,"href":"https:\/\/www.europesays.com\/es\/wp-json\/wp\/v2\/users\/2"}],"replies":[{"embeddable":true,"href":"https:\/\/www.europesays.com\/es\/wp-json\/wp\/v2\/comments?post=279208"}],"version-history":[{"count":0,"href":"https:\/\/www.europesays.com\/es\/wp-json\/wp\/v2\/posts\/279208\/revisions"}],"wp:featuredmedia":[{"embeddable":true,"href":"https:\/\/www.europesays.com\/es\/wp-json\/wp\/v2\/media\/279209"}],"wp:attachment":[{"href":"https:\/\/www.europesays.com\/es\/wp-json\/wp\/v2\/media?parent=279208"}],"wp:term":[{"taxonomy":"category","embeddable":true,"href":"https:\/\/www.europesays.com\/es\/wp-json\/wp\/v2\/categories?post=279208"},{"taxonomy":"post_tag","embeddable":true,"href":"https:\/\/www.europesays.com\/es\/wp-json\/wp\/v2\/tags?post=279208"}],"curies":[{"name":"wp","href":"https:\/\/api.w.org\/{rel}","templated":true}]}}