{"id":27921,"date":"2025-08-05T20:05:09","date_gmt":"2025-08-05T20:05:09","guid":{"rendered":"https:\/\/www.europesays.com\/es\/27921\/"},"modified":"2025-08-05T20:05:09","modified_gmt":"2025-08-05T20:05:09","slug":"pasajeros-judios-de-un-vuelo-de-iberia-reciben-su-comida-con-el-mensaje-palestina-libre","status":"publish","type":"post","link":"https:\/\/www.europesays.com\/es\/27921\/","title":{"rendered":"Pasajeros jud\u00edos de un vuelo de Iberia reciben su comida con el mensaje \u00abPalestina libre\u00bb"},"content":{"rendered":"<p>05\/08\/2025<br \/>\n<br \/><strong><br \/>\nActualizado a las 18:49h.<br \/>\n<\/strong><\/p>\n<p class=\"voc-p\" style=\"\">Varios pasajeros jud\u00edos de Iberia han denunciado la aparici\u00f3n de mensajes de \u00abPalestina libre\u00bb en sus bandejas de comida kosher. La <a href=\"https:\/\/www.abc.es\/sociedad\/conflicto-gaza-dispara-321-ataques-antisemitas-espana-20250715193411-nt.html\" target=\"_self\" data-voc-vtm-id=\"in-text-traffic\" title=\"Federaci\u00f3n de Comunidades Jud\u00edas de Espa\u00f1a (FCJE)\" rel=\"nofollow noopener\">Federaci\u00f3n de Comunidades Jud\u00edas de Espa\u00f1a (FCJE)<\/a>, entidad que representa oficialmente a los jud\u00edos en Espa\u00f1a, ha pedido explicaciones a la compa\u00f1\u00eda porque \u00abidentificar a personas jud\u00edas por su comida y dirigirles mensajes pol\u00edticos constituye un <strong>acto antisemita<\/strong>\u00bb. Iberia, por su parte, asegura estar \u00abrealizando una investigaci\u00f3n exhaustiva\u00bb.<\/p>\n<p class=\"voc-p\" style=\"\">Este incidente se produjo en el vuelo IB0102, que parti\u00f3 de <strong>Buenos Aires<\/strong> a las 13.00 horas con destino <strong>Madrid<\/strong>, donde aterriz\u00f3 a las 6.00 horas de la ma\u00f1ana de hoy, 5 de agosto. Durante el trayecto, la tripulaci\u00f3n document\u00f3 lo sucedido y \u00abse involucr\u00f3 para atender a los afectados\u00bb, seg\u00fan la empresa. De hecho, el comandante se acerc\u00f3 a pedirles disculpas.<\/p>\n<p class=\"voc-p\" style=\"\">La aerol\u00ednea est\u00e1 tratando de identificar si el problema viene <strong>del \u00e1mbito interno o de los proveedores <\/strong><strong>externos<\/strong> responsables del catering. As\u00ed, pretende \u00abesclarecer lo sucedido y adoptar todas las medidas que sean pertinentes\u00bb.<\/p>\n<p class=\"voc-p\" style=\"\">La FCJE, por su parte, valora las disculpas y el anuncio de una investigaci\u00f3n que <strong>identifique y sancione a los responsables<\/strong>. Sin embargo, piden \u00abcontroles de seguridad en el catering y formaci\u00f3n espec\u00edfica en antisemitismo para los tripulantes\u00bb, adem\u00e1s de extender estas medidas a todas las aerol\u00edneas del grupo. A su vez, demanda una respuesta con agilidad \u00abpor el bien de los pasajeros y del prestigio de la propia compa\u00f1\u00eda\u00bb.<\/p>\n<p class=\"voc-p\" style=\"\">\u00abRechazamos cualquier forma de discriminaci\u00f3n, incitaci\u00f3n al odio o conducta que atente contra la dignidad de las personas\u00bb, responde Iberia. Asimismo, califica estos comportamientos de \u00abinaceptables\u00bb y <strong>\u00abcontrarios a los valores de respeto e inclusi\u00f3n\u00bb<\/strong> que dicen buscar para la identidad de su empresa.<\/p>\n<p>\nEl auge del antisemitismo\n<\/p>\n<p class=\"voc-p\" style=\"\">Este episodio se produce en un contexto marcado por el aumento de los ataques antisemitas. En Espa\u00f1a, estos actos discriminatorios <a href=\"https:\/\/www.abc.es\/sociedad\/conflicto-gaza-dispara-321-ataques-antisemitas-espana-20250715193411-nt.html\" target=\"_self\" data-voc-vtm-id=\"in-text-traffic\" title=\"se dispararon un 321%\" data-mrf-link=\"www.abc.es\" rel=\"nofollow noopener\">se dispararon un 321%<\/a> durante el pasado a\u00f1o, lo que supuso <strong>\u00ab<\/strong><strong>el mayor n\u00famero en la historia moderna de Espa\u00f1a<\/strong>\u00bb, seg\u00fan el Observatorio de Antisemitismo.<\/p>\n<p class=\"voc-p\" style=\"\">\u00ab\u00bfCu\u00e1ntas veces m\u00e1s tienen que echar a los jud\u00edos de un pa\u00eds?\u00bb, <strong>\u00abHitler debi\u00f3 acabar con todos\u00bb<\/strong>, \u00abel hebrero es el idioma de un pueblo asesino y detestable\u00bb o \u00abc\u00f3mo no os vamos a tener odio, hijos de puta, si merec\u00e9is desaparecer del mapa para que el resto de razas podamos vivir tranquilos\u00bb. Estos son algunos de los comentarios incluidos en el Informe de Antisemitismo en Espa\u00f1a de 2024.<\/p>\n<p class=\"voc-p\" style=\"\"> \u00abLa guerra ha generado una ola de discursos de odio a los espa\u00f1oles jud\u00edos. <strong>Ahora existe el miedo <\/strong><strong>de que te escupan por la calle<\/strong>, que te llamen &#8216;genocida&#8217; o que te pinten la puerta de tu casa para identificarte como jud\u00edo\u00bb, comentaba David Obadia, presidente de la FCJE, a este diario.<\/p>\n<p class=\"voc-p\" style=\"\">El Observatorio, por su parte, alerta: \u00abEsta situaci\u00f3n ha supuesto para los jud\u00edos espa\u00f1oles un sentimiento de vulnerabilidad y temor al sentirse se\u00f1alados como <strong>posibles objetivos terroristas<\/strong>\u00bb. Y es que, como explica, siempre que Israel est\u00e1 involucrado en un conflicto armado, crece el antisemitismo. <\/p>\n<p>Reportar un error<\/p>\n","protected":false},"excerpt":{"rendered":"05\/08\/2025 Actualizado a las 18:49h. Varios pasajeros jud\u00edos de Iberia han denunciado la aparici\u00f3n de mensajes de \u00abPalestina&hellip;\n","protected":false},"author":2,"featured_media":27922,"comment_status":"","ping_status":"","sticky":false,"template":"","format":"standard","meta":{"footnotes":""},"categories":[8],"tags":[15164,17,18,8971,10898,25,24,5820,4836,13,14,11,13675,15161,12018,19,20,15162,9,10,15,16,15163,23,12,21,22],"class_list":{"0":"post-27921","1":"post","2":"type-post","3":"status-publish","4":"format-standard","5":"has-post-thumbnail","7":"category-espana","8":"tag-aparecieron","9":"tag-breaking-news","10":"tag-breakingnews","11":"tag-comida","12":"tag-comunidad","13":"tag-es","14":"tag-espana","15":"tag-exige","16":"tag-explicaciones","17":"tag-featured-news","18":"tag-featurednews","19":"tag-headlines","20":"tag-iberia","21":"tag-judia","22":"tag-kosher","23":"tag-latest-news","24":"tag-latestnews","25":"tag-mensajes","26":"tag-news","27":"tag-noticias","28":"tag-noticias-destacadas","29":"tag-noticiasdestacadas","30":"tag-propalestina","31":"tag-spain","32":"tag-titulares","33":"tag-ultimas-noticias","34":"tag-ultimasnoticias"},"share_on_mastodon":{"url":"","error":""},"_links":{"self":[{"href":"https:\/\/www.europesays.com\/es\/wp-json\/wp\/v2\/posts\/27921","targetHints":{"allow":["GET"]}}],"collection":[{"href":"https:\/\/www.europesays.com\/es\/wp-json\/wp\/v2\/posts"}],"about":[{"href":"https:\/\/www.europesays.com\/es\/wp-json\/wp\/v2\/types\/post"}],"author":[{"embeddable":true,"href":"https:\/\/www.europesays.com\/es\/wp-json\/wp\/v2\/users\/2"}],"replies":[{"embeddable":true,"href":"https:\/\/www.europesays.com\/es\/wp-json\/wp\/v2\/comments?post=27921"}],"version-history":[{"count":0,"href":"https:\/\/www.europesays.com\/es\/wp-json\/wp\/v2\/posts\/27921\/revisions"}],"wp:featuredmedia":[{"embeddable":true,"href":"https:\/\/www.europesays.com\/es\/wp-json\/wp\/v2\/media\/27922"}],"wp:attachment":[{"href":"https:\/\/www.europesays.com\/es\/wp-json\/wp\/v2\/media?parent=27921"}],"wp:term":[{"taxonomy":"category","embeddable":true,"href":"https:\/\/www.europesays.com\/es\/wp-json\/wp\/v2\/categories?post=27921"},{"taxonomy":"post_tag","embeddable":true,"href":"https:\/\/www.europesays.com\/es\/wp-json\/wp\/v2\/tags?post=27921"}],"curies":[{"name":"wp","href":"https:\/\/api.w.org\/{rel}","templated":true}]}}