{"id":279210,"date":"2025-12-09T10:02:09","date_gmt":"2025-12-09T10:02:09","guid":{"rendered":"https:\/\/www.europesays.com\/es\/279210\/"},"modified":"2025-12-09T10:02:09","modified_gmt":"2025-12-09T10:02:09","slug":"hemos-sumado-un-punto-pero-veniamos-a-por-los-tres","status":"publish","type":"post","link":"https:\/\/www.europesays.com\/es\/279210\/","title":{"rendered":"Hemos sumado un punto, pero ven\u00edamos a por los tres"},"content":{"rendered":"<p class=\"paragraph\">Rub\u00e9n Sell\u00e9s, entrenador del Real Zaragoza, <b>se lament\u00f3 este lunes del \u00abmal inicio\u00bb que complet\u00f3 su equipo en La Rosaleda, <\/b>con los jugadores \u00abmuy err\u00e1ticos\u00bb y \u00abdando muchas facilidades\u00bb al rival; pero al mismo tiempo <a href=\"https:\/\/www.heraldo.es\/noticias\/deportes\/futbol\/real-zaragoza\/2025\/12\/08\/partido-malaga-real-zaragoza-resultado-cronica-analisis-1876982.html\" title=\"Un punto de crecimiento: el Real Zaragoza empata en el a\u00f1adido con el M\u00e1laga (1-1)\" rel=\"nofollow noopener\" target=\"_blank\">destac\u00f3 la reacci\u00f3n protagonizada por los blanquillos en una segunda mitad que domin\u00f3 de principio a fin.<\/a> \u00abEl punto es para sacar una sonrisa, aunque no es suficiente. Hay que analizar el partido con calma y ver por qu\u00e9 hemos estado tan err\u00e1ticos durante los primeros 30 minutos\u00bb, recalc\u00f3 el t\u00e9cnico del cuadro aragon\u00e9s.<\/p>\n<p class=\"paragraph\">\u00abNo comenzamos bien. <b>El M\u00e1laga fue mejor en la primera media hora<\/b> del choque. El mal inicio nos oblig\u00f3 luego a ir a remolque. En la segunda parte s\u00ed tuvimos un mayor dominio del bal\u00f3n y generamos buenas situaciones para marcar\u00bb, explic\u00f3 el preparador del Real Zaragoza en la rueda de prensa de La Rosaleda.\u00a0<\/p>\n<p class=\"paragraph\">\u00abDespu\u00e9s de encajar el gol y de las malas sensaciones, <b>el equipo ha demostrado car\u00e1cter<\/b> e identidad\u00bb, destac\u00f3 Sell\u00e9s tras haber logrado el empate con una pena m\u00e1xima transformada por Dani G\u00f3mez en el tiempo de prolongaci\u00f3n.<\/p>\n<p>Un equipo vivo<\/p>\n<p class=\"paragraph\">\u00abEl equipo est\u00e1 vivo, pero en esta ocasi\u00f3n no hemos ajustado desde el principio, hemos estado err\u00e1ticos y eso nos ha costado errores en nuestra porter\u00eda. Despu\u00e9s, a partir del minuto 35, s\u00ed que hemos podido ver el equipo que realmente somos. Y luego,<b> los jugadores que han salido desde el banquillo han estado enormes <\/b>y nos han dado la energ\u00eda que necesit\u00e1bamos\u00bb, analiz\u00f3 el entrenador zaragocista, quien hizo hincapi\u00e9 en que \u00abtodav\u00eda quedan muchos aspectos que mejorar\u00bb. \u00abHemos sumado un punto, pero ven\u00edamos a por los tres. Queda mucho\u00bb, advirti\u00f3.<\/p>\n<p class=\"paragraph\">Sell\u00e9s se refiri\u00f3 a la entrada al campo de Dani G\u00f3mez y Toni Moya, quien jug\u00f3 m\u00e1s adelantado de lo habitual. \u00abEn lugar de optar por enviar balones largos en los  \u00faltimos 15 minutos, hemos preferido buscar rupturas entre los centrales con Dani G\u00f3mez. Adem\u00e1s, con Toni se estaban generando espacios en la frontal del \u00e1rea y <b>es un jugador que tiene un gran golpeo<\/b> y que tambi\u00e9n amaneza a bal\u00f3n parado. Siendo combinativos est\u00e1bamos dominando el partido\u00bb, record\u00f3 el t\u00e9cnico de los aragoneses.<\/p>\n<p class=\"paragraph\">Para el pr\u00f3ximo encuentro, Sell\u00e9s <b>no podr\u00e1 alinear al guardameta Esteban Andrada,<\/b> quien vio en M\u00e1laga su quinta cartulina amarilla de la temporada y deber\u00e1 cumplir un partido de sanci\u00f3n. \u00abNo he entendido mucho esa tarjeta. Sin embargo, Adri\u00e1n ya demostr\u00f3 el otro d\u00eda, en la Copa del Rey, que tambi\u00e9n est\u00e1 muy bien y que puede suplir esa baja con garant\u00edas.<\/p>\n<p class=\"paragraph\">\u00abLa tarjeta de Andrada es evitable, pero <b>no vamos a poner ninguna excusa<\/b> \u2013\u00ada\u00f1adi\u00f3 el entrenador del Real Zaragoza\u2013. Tenemos un grupo de chicos que est\u00e1 trabajando muy duro y que merece minutos. La competitividad beneficia al grupo. Pese a las bajas, el pr\u00f3ximo fin de semana iremos a por la victoria\u00bb, anunci\u00f3 Sell\u00e9s.<\/p>\n<p class=\"paragraph\">Con el empate en La Rosaleda, <b>el Real Zaragoza ha sumado 10 de los \u00faltimos 12 puntos en juego. <\/b>\u00abLos chicos tienen hambre, ganas de seguir demostrando. Estamos en una buena din\u00e1mica, aunque cada partido hay que jugarlo durante 100 minutos y hay que hacerlo con una identidad clara. Entiendo lo de poner en valor este empate, pero lo cierto es que la primera media hora no hemos estado bien\u00bb, reiter\u00f3.<\/p>\n","protected":false},"excerpt":{"rendered":"Rub\u00e9n Sell\u00e9s, entrenador del Real Zaragoza, se lament\u00f3 este lunes del \u00abmal inicio\u00bb que complet\u00f3 su equipo en&hellip;\n","protected":false},"author":2,"featured_media":279211,"comment_status":"","ping_status":"","sticky":false,"template":"","format":"standard","meta":{"footnotes":""},"categories":[268],"tags":[168,2226,25,24,280,282,53207,281,23,167,40597,67812,491],"class_list":{"0":"post-279210","1":"post","2":"type-post","3":"status-publish","4":"format-standard","5":"has-post-thumbnail","7":"category-futbol","8":"tag-deportes","9":"tag-entrenador","10":"tag-es","11":"tag-espana","12":"tag-football","13":"tag-futbol","14":"tag-selles","15":"tag-soccer","16":"tag-spain","17":"tag-sports","18":"tag-sumado","19":"tag-veniamos","20":"tag-zaragoza"},"share_on_mastodon":{"url":"https:\/\/pubeurope.com\/@es\/115689039348220134","error":""},"_links":{"self":[{"href":"https:\/\/www.europesays.com\/es\/wp-json\/wp\/v2\/posts\/279210","targetHints":{"allow":["GET"]}}],"collection":[{"href":"https:\/\/www.europesays.com\/es\/wp-json\/wp\/v2\/posts"}],"about":[{"href":"https:\/\/www.europesays.com\/es\/wp-json\/wp\/v2\/types\/post"}],"author":[{"embeddable":true,"href":"https:\/\/www.europesays.com\/es\/wp-json\/wp\/v2\/users\/2"}],"replies":[{"embeddable":true,"href":"https:\/\/www.europesays.com\/es\/wp-json\/wp\/v2\/comments?post=279210"}],"version-history":[{"count":0,"href":"https:\/\/www.europesays.com\/es\/wp-json\/wp\/v2\/posts\/279210\/revisions"}],"wp:featuredmedia":[{"embeddable":true,"href":"https:\/\/www.europesays.com\/es\/wp-json\/wp\/v2\/media\/279211"}],"wp:attachment":[{"href":"https:\/\/www.europesays.com\/es\/wp-json\/wp\/v2\/media?parent=279210"}],"wp:term":[{"taxonomy":"category","embeddable":true,"href":"https:\/\/www.europesays.com\/es\/wp-json\/wp\/v2\/categories?post=279210"},{"taxonomy":"post_tag","embeddable":true,"href":"https:\/\/www.europesays.com\/es\/wp-json\/wp\/v2\/tags?post=279210"}],"curies":[{"name":"wp","href":"https:\/\/api.w.org\/{rel}","templated":true}]}}