{"id":279212,"date":"2025-12-09T10:03:25","date_gmt":"2025-12-09T10:03:25","guid":{"rendered":"https:\/\/www.europesays.com\/es\/279212\/"},"modified":"2025-12-09T10:03:25","modified_gmt":"2025-12-09T10:03:25","slug":"la-discografica-de-ondarreta-y-una-exotica-historia-de-amor","status":"publish","type":"post","link":"https:\/\/www.europesays.com\/es\/279212\/","title":{"rendered":"La discogr\u00e1fica de Ondarreta y una ex\u00f3tica historia de amor"},"content":{"rendered":"<p class=\"v-mdl-ath__p v-mdl-ath__p--2\">\nLola Horcajo \/ Juan Jos\u00e9 Fdez. Beobide\n<\/p>\n<p class=\"v-mdl-ath__p v-mdl-ath__p--6\">\nMartes, 9 de diciembre 2025, 00:04<\/p>\n<p class=\"v-p v-p--cap\">\nL\n<\/p>\n<p class=\"v-p\">a historia de la bailarina malague\u00f1a Anita Delgado, que se convirti\u00f3 en la maharan\u00ed de Kapurthala, a comienzos del siglo XX, es bien conocida gracias a las memorias, diarios y correspondencia de la princesa.<\/p>\n<p class=\"v-p\">En nuestra ciudad tambi\u00e9n hubo una historia que guarda cierto parecido con la de Anita y que, sin embargo, ha quedado olvidada: la de Mar\u00eda Inurrieta, la hija del propietario de la discogr\u00e1fica Columbia Gramophone Company, quien se enamor\u00f3 de Afzat Hayat Khan, hijo del primer ministro de Patiala, uno de los estados m\u00e1s ricos de la India en su \u00e9poca. Pero antes de llegar al relato de su fascinante idilio, hablaremos de la industria familiar y de la villa que habitaron en Ondarreta.<\/p>\n<p class=\"v-p\"><strong>La f\u00e1brica de discos Columbia.<\/strong> El padre de Mar\u00eda, Juan Inurrieta Ordozgoiti (1881-1958), hab\u00eda nacido en Zegama en una familia humilde que se traslad\u00f3 a San Sebasti\u00e1n. Aqu\u00ed se convertir\u00eda, gracias a su fino instinto para los negocios, en un importante industrial y comerciante. Junto con su hermano Antonio, fue importador y distribuidor de todo tipo de aparatos modernos y, especialmente, de los relacionados con la reproducci\u00f3n del sonido y la m\u00fasica. En 1909, instalaron un gran comercio en la calle Getaria 5, donde vend\u00edan pianos, m\u00e1quinas de escribir y las novedosas \u00abm\u00e1quinas parlantes\u00bb (fon\u00f3grafos y gram\u00f3fonos) con sus cilindros y discos.<\/p>\n<p><img decoding=\"async\" loading=\"lazy\" src=\"https:\/\/www.europesays.com\/es\/wp-content\/uploads\/2025\/12\/columbiaok-kr3D-U240488985791fVG-650x455@Diario Vasco.jpg\" class=\"v-a-img\" width=\"650\" height=\"455\" alt=\"La f\u00e1brica Columbia, fachada a la calle Juan de Garay.\" data-voc-vtm-id=\"in-text-traffic\"\/><\/p>\n<p>La f\u00e1brica Columbia, fachada a la calle Juan de Garay.<\/p>\n<p><img loading=\"lazy\" decoding=\"async\" src=\"https:\/\/www.europesays.com\/es\/wp-content\/uploads\/2025\/12\/columbiaok-kr3D-U24048898579172-1920x1344@Diario Vasco.jpg\" class=\"v-mdl__img-z\" width=\"1920\" height=\"1344\" alt=\"\"\/><\/p>\n<p class=\"v-p\">En 1917, junto a otros socios, fund\u00f3 la Sociedad Hispano-Americana, ubicada en Avenida 27, comercializando bicicletas, pianos autom\u00e1ticos, m\u00e1quinas de escribir, c\u00e1maras fotogr\u00e1ficas, chisqueros, armas e incluso autom\u00f3viles Chevrolet. Las ventas realizadas por correo o mediante las sucursales extendidas por todo el pa\u00eds se apoyaban en una profusi\u00f3n de anuncios en la prensa.<\/p>\n<p class=\"v-p\">Aunque esta firma tuvo corta vida, los hermanos Inurrieta proseguir\u00edan con el negocio centr\u00e1ndose en la industria de la m\u00fasica. Ya en 1912, Juan hab\u00eda financiado personalmente la grabaci\u00f3n de composiciones vascas en Berl\u00edn, con el Orfe\u00f3n Donostiarra y su director Secundino Esnaola. En 1923, Juan firmar\u00eda un contrato con la Columbia londinense para fundar la Columbia Gramophone Company S.A.E. donostiarra instalando, con su hermano y otros socios, la f\u00e1brica de discos en el Antiguo (Av. Zumalakarregi 3), de la que \u00e9l ser\u00eda director gerente. Realizaban las grabaciones musicales en su propio estudio y completaban todo el proceso de producci\u00f3n de los discos. En 1935, contaban con un centenar de trabajadores, siendo de gran importancia para el desarrollo industrial de dicho barrio. Adem\u00e1s, apoyaron a numerosos autores y m\u00fasicos locales. La sede de Columbia de Madrid ten\u00eda un estudio de grabaci\u00f3n con orquesta y comercializaron discos con las famosas marcas Columbia, Regal, Alhambra y Decca. <\/p>\n<p class=\"v-p\">La f\u00e1brica donostiarra se cerr\u00f3 a comienzos de los a\u00f1os 70. La Columbia de Juan Inurrieta fue, durante la mayor parte del siglo XX, la industria discogr\u00e1fica m\u00e1s importante del pa\u00eds. A comienzos de los a\u00f1os 30 particip\u00f3, con su sello de discos Regal, en la grabaci\u00f3n de las voces de varios de los personajes de la cultura m\u00e1s significativos de entonces como Valle Incl\u00e1n, Baroja, Lorca, Unamuno, etc&#8230; Seguramente por ello, conocer\u00eda al arquitecto Fernando Unamuno, hijo del fil\u00f3sofo y escritor vasco.<\/p>\n<p><img decoding=\"async\" loading=\"lazy\" src=\"https:\/\/www.europesays.com\/es\/wp-content\/uploads\/2025\/12\/villasondo-kr3D-U240488985791GvG-650x455@Diario Vasco.jpg\" class=\"v-a-img\" width=\"650\" height=\"455\" alt=\"La villa Itxas-Ondo de Ondarreta\" data-voc-vtm-id=\"in-text-traffic\"\/><\/p>\n<p>La villa Itxas-Ondo de Ondarreta<\/p>\n<p><img loading=\"lazy\" decoding=\"async\" src=\"https:\/\/www.europesays.com\/es\/wp-content\/uploads\/2025\/12\/villasondo-kr3D-U240488985791aLG-1920x1344@Diario Vasco.jpg\" class=\"v-mdl__img-z\" width=\"1920\" height=\"1344\" alt=\"\"\/><\/p>\n<p class=\"v-p\">La villa de Ondarreta obra del arquitecto Fernando Unamuno. La impresionante Villa Itxas-ondo (c\/Infanta Beatriz 4) con aspecto de palacete, es una de las mejor conservadas de Ondarreta. Fue construida en 1932, en terrenos de la Sociedad Brunet, para la familia Inurrieta-Darrosez, quedando registrada como &#8216;Villa Itxas-ondo&#8217;.<\/p>\n<p class=\"v-p\">Su dise\u00f1o ecl\u00e9ctico de palacete con rasgos historicistas se debe al arquitecto Fernando Unamuno, el hijo mayor del escritor Miguel de Unamuno. Seguramente se trata de su \u00fanica obra en el Pa\u00eds Vasco, ya que la mayor parte de su vida profesional la desarroll\u00f3 en Palencia como arquitecto municipal.<\/p>\n<p class=\"v-p\">Juan Inurrieta, casado con Juana Darrosez, inscribi\u00f3 la villa a nombre de sus hijos Mar\u00eda, Mercedes y Enrique. La villa Itxas-ondo perteneci\u00f3 a esta familia hasta 1963, cuando pas\u00f3 a nombre de la sociedad mercantil Macur S.A., de la que los hermanos Inurrieta Darrosez eran socios, junto con Mercedes de Cubas y Urquijo, duquesa viuda de Hornachuelos, siendo esta \u00faltima familia la que veranear\u00eda en este chalet hasta 1982.<\/p>\n<p><img decoding=\"async\" loading=\"lazy\" src=\"https:\/\/www.europesays.com\/es\/wp-content\/uploads\/2025\/12\/biooda-kr3D-U240488985791x3G-650x455@Diario Vasco.jpg\" class=\"v-a-img\" width=\"650\" height=\"455\" alt=\"Mar\u00eda Inurrieta y Afzat Hayat emprendiendo el viaje de novios, \u00aben ruta hacia nuevas tierras y nuevas gentes\u00bb.\" data-voc-vtm-id=\"in-text-traffic\"\/><\/p>\n<p>Mar\u00eda Inurrieta y Afzat Hayat emprendiendo el viaje de novios, \u00aben ruta hacia nuevas tierras y nuevas gentes\u00bb.<\/p>\n<p>Biblioteca Municipal de SS<\/p>\n<p><img loading=\"lazy\" decoding=\"async\" src=\"https:\/\/www.europesays.com\/es\/wp-content\/uploads\/2025\/12\/biooda-kr3D-U240488985791umE-1920x1344@Diario Vasco.jpg\" class=\"v-mdl__img-z\" width=\"1920\" height=\"1344\" alt=\"\"\/><\/p>\n<p class=\"v-p\">Mar\u00eda Inurrieta, una donostiarra en la corte del maharaj\u00e1 de Patiala. En 1929, cuatro a\u00f1os despu\u00e9s de que la ex\u00f3tica historia de Anita Delgado hubiera terminado en divorcio, un equipo de jugadores de hockey formado por estudiantes indios de las universidades inglesas de Oxford y Cambridge recorr\u00eda Europa. La India era la campeona ol\u00edmpica de este deporte y las familias m\u00e1s ricas de aquel pa\u00eds se formaban en las mejores universidades inglesas. Acababan de jugar en Madrid y, el d\u00eda 26 de diciembre, jugaban en Atocha contra el equipo de hockey de la Real Sociedad. Con ellos ven\u00eda Afzat Hayat Khan, un atractivo y elegante joven educado en Inglaterra, hijo del primer ministro del maharaj\u00e1 de Patiala. En la actualidad Patiala y Kapurthala forman parte del conflictivo estado indio del Punyab, que limita con Pakist\u00e1n.<\/p>\n<p class=\"v-p\"><strong>Amor a primera vista<\/strong>. Mar\u00eda (n.1911) y Afzat coincidieron en un restaurante donostiarra, y fue un amor a primera vista. Mar\u00eda aseguraba que \u00abera el hombre m\u00e1s guapo que hab\u00eda conocido\u00bb. Tras el flechazo inicial fueron pocas las ocasiones en que pudieron verse; sin embargo, se comprometieron y, cinco a\u00f1os despu\u00e9s, el 17 de diciembre de 1934, se celebraba en Donostia la boda \u00abvasco-indost\u00e1nica\u00bb.<\/p>\n<p class=\"v-p\">El novio era musulm\u00e1n y, para casarse, tuvieron que obtener una dispensa papal, que fue otorgada tras aceptar el esposo que, sin la exigencia de renunciar a su fe, deber\u00eda respetar la religi\u00f3n de su mujer y sus posibles hijos. La boda se tuvo que celebrar en la intimidad familiar, sin presencia de la feligres\u00eda, en una sala de la iglesia de San Sebasti\u00e1n del Antiguo, ya que la dispensa as\u00ed lo exig\u00eda. All\u00ed se intercambiaron los anillos, y relataban las cr\u00f3nicas que el novio hasta \u00ablleg\u00f3 a persignarse\u00bb, suponiendo as\u00ed que la novia pronto atraer\u00eda a su marido a la \u00abverdadera Fe\u00bb. Fuera de la iglesia, una gran multitud de personas esperaban para ver la salida de la pareja, especialmente la del joven y ex\u00f3tico novio. La prensa resaltaba que Mar\u00eda vest\u00eda un precioso traje blanco \u00abpeau d&#8217;ange\u00bb y velo de tul, adorn\u00e1ndose con pendientes de perlas y collar de platino y brillantes, y que, el novio llevaba un elegante chaqu\u00e9. Tras el banquete y el baile celebrados en el hotel Londres, salieron de viaje de novios para visitar Par\u00eds, Londres y Egipto, para embarcarse luego hacia la India, aunque su residencia provisional qued\u00f3 en Londres.<\/p>\n<p><img decoding=\"async\" loading=\"lazy\" src=\"https:\/\/www.europesays.com\/es\/wp-content\/uploads\/2025\/12\/joyas-kr3D--748x524@Diario Vasco.jpg\" class=\"v-a-img\" width=\"748\" height=\"524\" alt=\"\" data-voc-vtm-id=\"in-text-traffic\"\/><\/p>\n<p><img loading=\"lazy\" decoding=\"async\" src=\"https:\/\/www.europesays.com\/es\/wp-content\/uploads\/2025\/12\/joyas-kr3D--1920x1344@Diario Vasco.jpg\" class=\"v-mdl__img-z\" width=\"1920\" height=\"1344\" alt=\"\"\/><\/p>\n<p class=\"v-p\"><strong>La inmensa fortuna del maharaj\u00e1 de Patiala<\/strong><\/p>\n<p class=\"v-p\">En Patiala, el joven matrimonio, por raz\u00f3n del cargo de primer ministro del padre de Afzat, vivi\u00f3 en un palacete junto al palacio del maharaj\u00e1. Era frecuente la asistencia de la pareja a fiestas y cacer\u00edas en una de las cortes m\u00e1s fastuosas de la India. El maharaj\u00e1 Bhupinder Singh tuvo 10 esposas, 350 concubinas, y una inmensa fortuna. Pose\u00eda una colecci\u00f3n de 42 Rolls Royce, e incre\u00edbles joyas como un collar que mand\u00f3 hacer en 1925 en la casa Cartier de Par\u00eds, con su diamante amarillo de 428 quilates. Fue el encargo m\u00e1s caro que hab\u00eda tenido esta joyer\u00eda, y su valor, en la actualidad, cuentan que superar\u00eda los 2.200 millones de euros. Pero tambi\u00e9n debi\u00f3 ser un gobernante que mejor\u00f3 mucho la vida de las gentes de su estado.<\/p>\n<p class=\"v-p\">Un destino aciago. La presencia de Mar\u00eda en Patiala, con su indumentaria europea, llamaba la atenci\u00f3n. Las princesas del harem quer\u00edan semejarse a ella y la creativa Mar\u00eda les dise\u00f1aba trajes a la moda occidental. Afzat y Mar\u00eda tuvieron dos hijas, Marina y Liliana, que fueron educadas en el catolicismo.<\/p>\n<p class=\"v-p\">Tras la segunda guerra mundial, se prepar\u00f3 la independencia de la India. En el gran estado de Punyab conviv\u00edan las religiones musulmana, hind\u00fa y sij, pero al acercarse la independencia las tensiones religiosas se exacerbaron y las revueltas fueron extraordinariamente cruentas entre estas comunidades. Finalmente, en 1947, el Punjab qued\u00f3 dividido entre el Pakist\u00e1n musulm\u00e1n y la India hind\u00fa. En ese contexto, el suegro de Mar\u00eda aconsej\u00f3 que ella y sus hijas regresaran a Espa\u00f1a, mientras que el resto de la familia Hayat qued\u00f3 en Pakist\u00e1n. El matrimonio se hab\u00eda roto. En palabras de su hija: \u00abMi madre tuvo un destino aciago, no fue feliz. Mi padre la divorci\u00f3\u00bb. Mar\u00eda ya nunca volver\u00eda a la India.<\/p>\n<p class=\"v-p\">A partir de entonces, su vida estuvo ligada a la discogr\u00e1fica familiar Columbia, primero en Donostia y luego en Madrid, trabajando como traductora y en relaciones internacionales, por su dominio del ingl\u00e9s, siendo uno de los pilares de esta empresa.<\/p>\n<p><img decoding=\"async\" loading=\"lazy\" src=\"https:\/\/www.europesays.com\/es\/wp-content\/uploads\/2025\/12\/retrato-kr3D-U240488985791x0-650x455@Diario Vasco.jpg\" class=\"v-a-img\" width=\"650\" height=\"455\" alt=\"Mar\u00eda Inurrieta retratada por El\u00edas Salaverr\u00eda.\" data-voc-vtm-id=\"in-text-traffic\"\/><\/p>\n<p>Mar\u00eda Inurrieta retratada por El\u00edas Salaverr\u00eda.<\/p>\n<p>San Telmo Museoa<\/p>\n<p><img loading=\"lazy\" decoding=\"async\" src=\"https:\/\/www.europesays.com\/es\/wp-content\/uploads\/2025\/12\/retrato-kr3D-U240488985791H3-1920x1344@Diario Vasco.jpg\" class=\"v-mdl__img-z\" width=\"1920\" height=\"1344\" alt=\"\"\/><\/p>\n<p class=\"v-p\"><strong>Recuerdos de Mar\u00eda Inurrieta<\/strong>. El Museo de San Telmo guarda un retrato de Mar\u00eda Inurrieta pintado por El\u00edas Salaverr\u00eda, y en el Museo Nacional de Antropolog\u00eda, en Madrid, se exponen tres ajuares de joyas de su boda en la India, con originales piezas de oro, rub\u00eds, esmeraldas, zafiros, turquesas y diamantes, que fueron donadas por su hija Marina.<\/p>\n<p>Reporta un error<\/p>\n<p class=\"v-crt__t\"> L\u00edmite de sesiones alcanzadas<\/p>\n<p class=\"v-crt__p\">El acceso al contenido Premium est\u00e1 abierto por cortes\u00eda del establecimiento donde te encuentras, pero ahora mismo hay demasiados usuarios conectados a las vez.<\/p>\n<p class=\"v-crt__p\">Por favor, int\u00e9ntalo pasados unos minutos.<\/p>\n<p>\nVolver a intentar\n<\/p>\n<p class=\"v-crt__t\">Sesi\u00f3n cerrada<\/p>\n<p class=\"v-crt__p\">Al iniciar sesi\u00f3n desde un dispositivo distinto, por seguridad, se cerr\u00f3 la \u00faltima sesi\u00f3n en este.<\/p>\n<p class=\"v-crt__p\">Para continuar disfrutando de su suscripci\u00f3n digital, inicie sesi\u00f3n en este dispositivo.<\/p>\n<p>\nEste contenido es exclusivo para suscriptores\n<\/p>\n<p class=\"text\">\u00bfTienes una suscripci\u00f3n? <a href=\"https:\/\/secure.diariovasco.com\/identidad\/inicio#vca=suscribete&amp;vso=diariovasco&amp;vmc=on&amp;vli=cdn-ce-link-login\" class=\"login\" data-voc-vtm-id=\"comienzoSuscripcionON\" data-voc-vtm-info=\"cdn-ce-link-login\" rel=\"nofollow noopener\" target=\"_blank\">Inicia sesi\u00f3n<\/a><\/p>\n","protected":false},"excerpt":{"rendered":"Lola Horcajo \/ Juan Jos\u00e9 Fdez. Beobide Martes, 9 de diciembre 2025, 00:04 L a historia de la&hellip;\n","protected":false},"author":2,"featured_media":279213,"comment_status":"","ping_status":"","sticky":false,"template":"","format":"standard","meta":{"footnotes":""},"categories":[174],"tags":[1733,255,21159,146,147,25,24,67813,256,448,35055,23],"class_list":{"0":"post-279212","1":"post","2":"type-post","3":"status-publish","4":"format-standard","5":"has-post-thumbnail","7":"category-famosos","8":"tag-amor","9":"tag-celebrities","10":"tag-discografica","11":"tag-entertainment","12":"tag-entretenimiento","13":"tag-es","14":"tag-espana","15":"tag-exotica","16":"tag-famosos","17":"tag-historia","18":"tag-ondarreta","19":"tag-spain"},"share_on_mastodon":{"url":"https:\/\/pubeurope.com\/@es\/115689044032742284","error":""},"_links":{"self":[{"href":"https:\/\/www.europesays.com\/es\/wp-json\/wp\/v2\/posts\/279212","targetHints":{"allow":["GET"]}}],"collection":[{"href":"https:\/\/www.europesays.com\/es\/wp-json\/wp\/v2\/posts"}],"about":[{"href":"https:\/\/www.europesays.com\/es\/wp-json\/wp\/v2\/types\/post"}],"author":[{"embeddable":true,"href":"https:\/\/www.europesays.com\/es\/wp-json\/wp\/v2\/users\/2"}],"replies":[{"embeddable":true,"href":"https:\/\/www.europesays.com\/es\/wp-json\/wp\/v2\/comments?post=279212"}],"version-history":[{"count":0,"href":"https:\/\/www.europesays.com\/es\/wp-json\/wp\/v2\/posts\/279212\/revisions"}],"wp:featuredmedia":[{"embeddable":true,"href":"https:\/\/www.europesays.com\/es\/wp-json\/wp\/v2\/media\/279213"}],"wp:attachment":[{"href":"https:\/\/www.europesays.com\/es\/wp-json\/wp\/v2\/media?parent=279212"}],"wp:term":[{"taxonomy":"category","embeddable":true,"href":"https:\/\/www.europesays.com\/es\/wp-json\/wp\/v2\/categories?post=279212"},{"taxonomy":"post_tag","embeddable":true,"href":"https:\/\/www.europesays.com\/es\/wp-json\/wp\/v2\/tags?post=279212"}],"curies":[{"name":"wp","href":"https:\/\/api.w.org\/{rel}","templated":true}]}}