{"id":279216,"date":"2025-12-09T10:07:12","date_gmt":"2025-12-09T10:07:12","guid":{"rendered":"https:\/\/www.europesays.com\/es\/279216\/"},"modified":"2025-12-09T10:07:12","modified_gmt":"2025-12-09T10:07:12","slug":"david-perdomo-asume-la-direccion-del-informativo-canarias-a-la-1-de-la-radio-autonomica","status":"publish","type":"post","link":"https:\/\/www.europesays.com\/es\/279216\/","title":{"rendered":"David Perdomo asume la direcci\u00f3n del informativo &#8216;Canarias a la 1&#8217; de la radio auton\u00f3mica"},"content":{"rendered":"<p><a class=\"v-mdl-ath__fig-a\" href=\"https:\/\/www.canarias7.es\/autor\/canarias7-6545.html\" title=\"CANARIAS7\" rel=\"nofollow noopener\" target=\"_blank\"><br \/>\n<img decoding=\"async\" class=\"v-mdl-ath__img\" src=\"https:\/\/www.europesays.com\/es\/wp-content\/uploads\/2025\/08\/1754689268_701_autor-6545-foto-1.png\" alt=\"CANARIAS7\"\/><br \/>\n<\/a><\/p>\n<p class=\"v-mdl-ath__p v-mdl-ath__p--6\">\nMartes, 9 de diciembre 2025, 08:19<\/p>\n<p class=\"v-p\">El periodista David Perdomo ser\u00e1 el nuevo responsable del informativo &#8216;Canarias a la 1&#8217; de La Radio Canaria, que presentar\u00e1 de lunes a viernes entre las 13:00 y 14:00 horas. Asume as\u00ed la edici\u00f3n y conducci\u00f3n del espacio informativo de referencia en la franja del mediod\u00eda, un tramo clave en el que la emisora p\u00fablica ofrece a la audiencia el resumen m\u00e1s completo y actualizado de la actualidad del Archipi\u00e9lago. Perdomo aportar\u00e1 su sello profesional, marcado por la creatividad y el rigor informativo en la informaci\u00f3n diaria.<\/p>\n<p class=\"v-p\">Con m\u00e1s de quince a\u00f1os de experiencia, su trayectoria lo sit\u00faa como una de las voces consolidadas del periodismo canario. Ha trabajado en algunos de los principales grupos medi\u00e1ticos a nivel nacional y auton\u00f3mico, y mantiene una estrecha vinculaci\u00f3n con RadioTelevisi\u00f3n Canaria desde 2011, cuando se incorpor\u00f3 como redactor de informativos. Desde entonces, su carrera ha estado marcada por la cobertura de acontecimientos de relevancia para las Islas y por una s\u00f3lida especializaci\u00f3n en el relato audiovisual.<\/p>\n<p><img decoding=\"async\" loading=\"lazy\" src=\"https:\/\/www.europesays.com\/es\/wp-content\/uploads\/2025\/12\/perdomo-kgII-U240495613310sWH-624x385@Canarias7.jpeg\" class=\"v-a-img\" width=\"624\" height=\"385\" alt=\"\" data-voc-vtm-id=\"in-text-traffic\"\/><\/p>\n<p><img loading=\"lazy\" decoding=\"async\" src=\"https:\/\/www.europesays.com\/es\/wp-content\/uploads\/2025\/12\/perdomo-kgII-U240495613310sWH-624x385@Canarias7.jpeg\" class=\"v-mdl__img-z\" width=\"624\" height=\"385\" alt=\"\"\/><\/p>\n<p class=\"v-p\">Licenciado en Periodismo por la Universidad Complutense de Madrid, Perdomo form\u00f3 parte del equipo de los Servicios Informativos de Mediaset, donde ejerci\u00f3 como redactor de informativos de televisi\u00f3n, dando cobertura a las noticias m\u00e1s importantes de Canarias a nivel nacional. En esta etapa fue, adem\u00e1s, enviado especial a Israel, desde donde inform\u00f3 sobre el estallido del conflicto en Oriente Medio.<\/p>\n<p>Una amplia trayectoria en televisi\u00f3n y radio<\/p>\n<p class=\"v-p\">En el \u00e1mbito radiof\u00f3nico, desarroll\u00f3 una destacada etapa en Cadena SER, donde durante seis a\u00f1os dirigi\u00f3 y present\u00f3 el magac\u00edn informativo &#8216;Hoy por Hoy Las Palmas&#8217;, antes de asumir labores de edici\u00f3n y presentaci\u00f3n de los informativos de la emisora. Sus inicios en televisi\u00f3n incluyen etapas como redactor de informativos en TVE y redactor y presentador de informativos en Nueve TV.<\/p>\n<p class=\"v-p\">Adem\u00e1s de su especializaci\u00f3n en informativos, David Perdomo ha desarrollado una amplia trayectoria en programas divulgativos y de actualidad, aportando su versatilidad como presentador, guionista y narrador. Fue presentador y guionista del espacio &#8216;A Contraluz, cr\u00f3nica negra de Canarias&#8217;, y condujo los magacines &#8216;Nunca es Tarde&#8217; y &#8216;Buenas Tardes Canarias&#8217;, de Televisi\u00f3n Canaria, desde el que cubri\u00f3 sobre el terreno el inicio de la guerra en Ucrania, informando desde la frontera con Polonia.<\/p>\n<p class=\"v-p\">Tambi\u00e9n ha participado como guionista y locutor en formatos como &#8216;Reencuentros en la Tercera Fase&#8217;, as\u00ed como en los programas &#8216;Cu\u00e1nto hemos cambiado&#8217;, &#8216;El Foco&#8217; y &#8216;Conciencia canaria&#8217;, producidos para Televisi\u00f3n Canaria. Su paso por &#8216;Noveleros&#8217; como redactor y reportero refuerza a\u00fan m\u00e1s su perfil multifac\u00e9tico y profundamente ligado a la producci\u00f3n audiovisual del Archipi\u00e9lago.<\/p>\n<p>Reporta un error<\/p>\n","protected":false},"excerpt":{"rendered":"Martes, 9 de diciembre 2025, 08:19 El periodista David Perdomo ser\u00e1 el nuevo responsable del informativo &#8216;Canarias a&hellip;\n","protected":false},"author":2,"featured_media":279217,"comment_status":"","ping_status":"","sticky":false,"template":"","format":"standard","meta":{"footnotes":""},"categories":[170],"tags":[21746,24891,1896,2429,4796,146,147,25,24,10188,184,185,67814,1448,23],"class_list":{"0":"post-279216","1":"post","2":"type-post","3":"status-publish","4":"format-standard","5":"has-post-thumbnail","7":"category-musica","8":"tag-asume","9":"tag-autonomica","10":"tag-canarias","11":"tag-david","12":"tag-direccion","13":"tag-entertainment","14":"tag-entretenimiento","15":"tag-es","16":"tag-espana","17":"tag-informativo","18":"tag-music","19":"tag-musica","20":"tag-perdomo","21":"tag-radio","22":"tag-spain"},"share_on_mastodon":{"url":"https:\/\/pubeurope.com\/@es\/115689059416038125","error":""},"_links":{"self":[{"href":"https:\/\/www.europesays.com\/es\/wp-json\/wp\/v2\/posts\/279216","targetHints":{"allow":["GET"]}}],"collection":[{"href":"https:\/\/www.europesays.com\/es\/wp-json\/wp\/v2\/posts"}],"about":[{"href":"https:\/\/www.europesays.com\/es\/wp-json\/wp\/v2\/types\/post"}],"author":[{"embeddable":true,"href":"https:\/\/www.europesays.com\/es\/wp-json\/wp\/v2\/users\/2"}],"replies":[{"embeddable":true,"href":"https:\/\/www.europesays.com\/es\/wp-json\/wp\/v2\/comments?post=279216"}],"version-history":[{"count":0,"href":"https:\/\/www.europesays.com\/es\/wp-json\/wp\/v2\/posts\/279216\/revisions"}],"wp:featuredmedia":[{"embeddable":true,"href":"https:\/\/www.europesays.com\/es\/wp-json\/wp\/v2\/media\/279217"}],"wp:attachment":[{"href":"https:\/\/www.europesays.com\/es\/wp-json\/wp\/v2\/media?parent=279216"}],"wp:term":[{"taxonomy":"category","embeddable":true,"href":"https:\/\/www.europesays.com\/es\/wp-json\/wp\/v2\/categories?post=279216"},{"taxonomy":"post_tag","embeddable":true,"href":"https:\/\/www.europesays.com\/es\/wp-json\/wp\/v2\/tags?post=279216"}],"curies":[{"name":"wp","href":"https:\/\/api.w.org\/{rel}","templated":true}]}}