{"id":279220,"date":"2025-12-09T10:09:10","date_gmt":"2025-12-09T10:09:10","guid":{"rendered":"https:\/\/www.europesays.com\/es\/279220\/"},"modified":"2025-12-09T10:09:10","modified_gmt":"2025-12-09T10:09:10","slug":"xabi-alonso-siento-que-tengo-el-apoyo-de-toda-la-plantilla","status":"publish","type":"post","link":"https:\/\/www.europesays.com\/es\/279220\/","title":{"rendered":"Xabi Alonso: \u00abSiento que tengo el apoyo de toda la plantilla\u00bb"},"content":{"rendered":"<p><a href=\"https:\/\/www.elmundo.es\/autor\/abraham-romero.html\" aria-hidden=\"true\" rel=\"nofollow noopener\" target=\"_blank\"><img loading=\"lazy\" decoding=\"async\" width=\"80\" height=\"80\" class=\"ue-c-author-profile__photo-img\" alt=\"Abraham P. Romero\" src=\"https:\/\/phantom-elmundo.uecdn.es\/73ff48c61efaefbe0b8196df1bb4dd81\/f\/image\/jpeg\/assets\/multimedia\/imagenes\/2022\/06\/01\/16540902265922.jpg\"\/><\/a><\/p>\n<p>Actualizado  Martes,<br \/>\n9<br \/>\ndiciembre<br \/>\n2025<br \/>\n&#8211;<br \/>\n10:47<\/p>\n<p class=\"ue-c-article__paragraph\"><strong>Xabi Alonso<\/strong> ha dado este martes una de sus ruedas de prensa m\u00e1s complicadas. Despu\u00e9s de la noticia, adelantada por EL MUNDO, de que los altos mandos del <strong>Real Madrid<\/strong> se reunieron en la madrugada del domingo al lunes para tratar su futuro tras la derrota contra el <strong>Celta<\/strong>, el t\u00e9cnico vasco apareci\u00f3 por <strong>Valdebebas <\/strong>para la previa del duelo contra el <strong>Manchester City<\/strong>. Un partido que otras veces se centra en <strong>Guardiola <\/strong>y que ma\u00f1ana estar\u00e1 condicionado por la situaci\u00f3n de Alonso en el banquillo madridista. \u00ab<strong>S\u00ed<\/strong>, siento que tengo el apoyo de toda la plantilla\u00bb, contest\u00f3. <\/p>\n<p class=\"ue-c-article__paragraph\">\u00abVamos todos unidos. Cuando uno es entrenador del Madrid tiene que saber afrontar estos momentos con calma y responsabilidad. <strong>Esto se puede revertir del enfado que hubo el domingo a la ilusi\u00f3n por ma\u00f1ana<\/strong>\u00ab, asegur\u00f3 Alonso, insistiendo siempre en \u00abel partido de ma\u00f1ana\u00bb y evitando contestar con demasiada contundencia sobre su situaci\u00f3n. \u00abEn mi cabeza est\u00e1 el partido de ma\u00f1ana\u00bb, repiti\u00f3 en varias ocasiones.<\/p>\n<p class=\"ue-c-article__paragraph\">El encuentro ante el City es casi un ultim\u00e1tum para el entrenador, que podr\u00eda perder el puesto si cae derrotado ante Guardiola. \u00ab<strong>Todo el mundo est\u00e1 convencido de que podemos ganar el partido<\/strong>. Ya hemos sacado las conclusiones del Celta y la cabeza ya solo est\u00e1 en el City. Estoy seguro que el ambiente ser\u00e1 diferente, eso es lo que est\u00e1 en nuestra cabeza. El f\u00fatbol va r\u00e1pido\u00bb.<\/p>\n<p class=\"ue-c-article__paragraph\">Cuestionado de forma constante por su futuro y por los rumores, recalc\u00f3 que \u00abmi foco est\u00e1 en el equipo\u00bb y declar\u00f3 que \u00ab<strong>la comunicaci\u00f3n es constante<\/strong>\u00bb con el presidente. \u00abDesde la confianza y el cari\u00f1o, todos estamos juntos en esto\u00bb, coment\u00f3.<\/p>\n<p class=\"ue-c-article__paragraph\">Unos segundos m\u00e1s tarde, apareci\u00f3 <strong>Aurelien Tchouam\u00e9ni<\/strong>, el futbolista elegido para actuar como portavoz del vestuario. El franc\u00e9s fue bastante contundente sobre la falta de intensidad del equipo en las \u00faltimas semanas e insisti\u00f3 en el apoyo de la plantilla al t\u00e9cnico. \u00ab<strong>Estamos todos juntos<\/strong>, si queremos ganar partidos tenemos que luchar todos en la misma direcci\u00f3n. Tenemos que hacer las cosas mejor y tenemos una buena oportunidad para cambiar la din\u00e1mica\u00bb, reflexion\u00f3.<\/p>\n<p class=\"ue-c-article__paragraph\">El gal\u00f3 reconoci\u00f3 que \u00ab<strong>a veces lo hacemos bien y a veces muy mal<\/strong>\u00bb y que \u00abtenemos que tener compromiso\u00bb. \u00abSi no jugamos con la m\u00e1xima intensidad va a ser muy dif\u00edcil ganar partidos. Para ganar tenemos que dar el m\u00e1ximo\u00bb.<\/p>\n<p class=\"ue-c-article__paragraph\">Adem\u00e1s, admiti\u00f3 que la derrota contra el Celta \u00abno fue culpa del entrenador\u00bb. \u00abSeguro que el plan de partido del entrenador era bueno, pero <strong>jugamos nosotros<\/strong>. Si jugamos a nuestro nivel, tenemos m\u00e1s posibilidades. Si perdemos 0-2 es que faltan cosas, como intensidad, y no es culpa del entrenador\u00bb.<\/p>\n","protected":false},"excerpt":{"rendered":"Actualizado Martes, 9 diciembre 2025 &#8211; 10:47 Xabi Alonso ha dado este martes una de sus ruedas de&hellip;\n","protected":false},"author":2,"featured_media":279221,"comment_status":"","ping_status":"","sticky":false,"template":"","format":"standard","meta":{"footnotes":""},"categories":[93],"tags":[1241,168,7756,25,24,282,3048,23,167,10344],"class_list":{"0":"post-279220","1":"post","2":"type-post","3":"status-publish","4":"format-standard","5":"has-post-thumbnail","7":"category-deportes","8":"tag-champions-league","9":"tag-deportes","10":"tag-deportes-futbol","11":"tag-es","12":"tag-espana","13":"tag-futbol","14":"tag-real-madrid","15":"tag-spain","16":"tag-sports","17":"tag-xabi-alonso"},"share_on_mastodon":{"url":"https:\/\/pubeurope.com\/@es\/115689067098164207","error":""},"_links":{"self":[{"href":"https:\/\/www.europesays.com\/es\/wp-json\/wp\/v2\/posts\/279220","targetHints":{"allow":["GET"]}}],"collection":[{"href":"https:\/\/www.europesays.com\/es\/wp-json\/wp\/v2\/posts"}],"about":[{"href":"https:\/\/www.europesays.com\/es\/wp-json\/wp\/v2\/types\/post"}],"author":[{"embeddable":true,"href":"https:\/\/www.europesays.com\/es\/wp-json\/wp\/v2\/users\/2"}],"replies":[{"embeddable":true,"href":"https:\/\/www.europesays.com\/es\/wp-json\/wp\/v2\/comments?post=279220"}],"version-history":[{"count":0,"href":"https:\/\/www.europesays.com\/es\/wp-json\/wp\/v2\/posts\/279220\/revisions"}],"wp:featuredmedia":[{"embeddable":true,"href":"https:\/\/www.europesays.com\/es\/wp-json\/wp\/v2\/media\/279221"}],"wp:attachment":[{"href":"https:\/\/www.europesays.com\/es\/wp-json\/wp\/v2\/media?parent=279220"}],"wp:term":[{"taxonomy":"category","embeddable":true,"href":"https:\/\/www.europesays.com\/es\/wp-json\/wp\/v2\/categories?post=279220"},{"taxonomy":"post_tag","embeddable":true,"href":"https:\/\/www.europesays.com\/es\/wp-json\/wp\/v2\/tags?post=279220"}],"curies":[{"name":"wp","href":"https:\/\/api.w.org\/{rel}","templated":true}]}}