{"id":27923,"date":"2025-08-05T20:06:24","date_gmt":"2025-08-05T20:06:24","guid":{"rendered":"https:\/\/www.europesays.com\/es\/27923\/"},"modified":"2025-08-05T20:06:24","modified_gmt":"2025-08-05T20:06:24","slug":"no-entiende-por-que-ha-contado-esa-sarta-de-estupideces","status":"publish","type":"post","link":"https:\/\/www.europesays.com\/es\/27923\/","title":{"rendered":"No entiende por qu\u00e9 ha contado esa sarta de estupideces"},"content":{"rendered":"<p class=\"c-paragraph\">Daniel Sancho est\u00e1 siendo noticia, de nuevo, los \u00faltimos d\u00edas porque est\u00e1n a punto de cumplirse dos a\u00f1os\u00a0<b><b>de su detenci\u00f3n\u00a0<\/b><\/b>y\u00a0<b><b>uno de la condena a cadena perpetua<\/b><\/b>\u00a0por el asesinato, descuartizamiento y ocultamiento del cad\u00e1ver del cirujano colombiano\u00a0<a href=\"https:\/\/www.20minutos.es\/tags\/personas\/edwin-arrieta.html\" rel=\"nofollow noopener\" target=\"_blank\">Edwin Arrieta<\/a>.<\/p>\n<p class=\"c-paragraph\">Adem\u00e1s, han salido a la luz nuevos detalles de la que ser\u00eda su &#8216;c\u00f3moda&#8217; vida en prisi\u00f3n. Seg\u00fan Marcos Garc\u00eda-Montes, su abogado,\u00a0el chef est\u00e1 \u00abfant\u00e1stico\u00bb, \u00abmuy bien\u00bb, tanto f\u00edsica como an\u00edmicamente. \u00ab<b><b><b><b>Los lunes y los jueves habla conmigo, los mi\u00e9rcoles con su padre y los martes con un amigo psic\u00f3logo<\/b><\/b><\/b><\/b>, aunque ellos pueden cambiar el d\u00eda en funci\u00f3n de lo que tengan\u00bb, asegura a\u00a0<a href=\"https:\/\/www.vanitatis.elconfidencial.com\/famosos\/2025-07-28\/daniel-sancho-animado-censura-carcel-llamadas_4179399\/\" target=\"_blank\" rel=\"nofollow noopener\">Vanitatis<\/a>.<\/p>\n<p class=\"c-paragraph\">Conversaciones que, destaca, duran entre una hora y hora y media y normalmente son por videoconferencia. \u00ab<b><b><b><b>Le dejan hacer y decir lo que quiera, sin censura<\/b><\/b><\/b><\/b>. Se ve detr\u00e1s de \u00e9l a los funcionarios a su aire, est\u00e1n tan tranquilos mientras hacemos la llamada, no intervienen ni est\u00e1n pendientes de lo que hablamos\u00bb, destaca Garc\u00eda-Montes.<\/p>\n<p class=\"c-paragraph\">Daniel tambi\u00e9n contar\u00eda con el\u00a0<b><b><b><b>apoyo de un psic\u00f3logo<\/b><\/b><\/b><\/b>\u00a0con el que habla los martes o los mi\u00e9rcoles. Se trata de un buen amigo \u00abde origen americano\u00bb con el que mantiene contacto desde hace a\u00f1os. \u00abEstuvo con \u00e9l desde que leyeron la sentencia, lo ha arropado siempre\u00bb, se\u00f1ala.<\/p>\n<p class=\"c-paragraph\">Adem\u00e1s, revela que el chef, que tiene\u00a0<b><b><b><b>una celda para \u00e9l solo<\/b><\/b><\/b><\/b>,\u00a0<b><b><b><b>sigue teniendo el pelo corto<\/b><\/b><\/b><\/b>\u00a0y ocupa gran parte de su tiempo en escribir sus memorias, adem\u00e1s de estar informado de todo lo que pasa en el mundo.<\/p>\n<p class=\"c-paragraph\">Unas palabras con las que el propio Daniel no estar\u00eda confirme, seg\u00fan ha contado Alejandro Rodr\u00edguez en TardeAR. \u00abYo no s\u00e9 por qu\u00e9 Garc\u00eda Montes ha contado esto y con qu\u00e9 intenci\u00f3n porque todo es mentira\u00bb, ha asegurado el periodista. \u00abDe hecho, Daniel Sancho, y esto es una informaci\u00f3n que podemos adelantar en este programa en exclusiva, se enter\u00f3 la semana pasada de esas declaraciones que daba Garc\u00eda Montes a los medios digitales y\u00a0<b><b>puso casi el grito en el cielo<\/b><\/b>\u00ab, ha informado.<\/p>\n<p class=\"c-paragraph\">\u00abSe ha enfadado mucho.\u00a0<b><b>Daniel Sancho est\u00e1 muy enfadado con Marcos Garc\u00eda-Montes<\/b><\/b>, su abogado. No entiende porque ha contado esa sarta de estupideces porque \u00e9l dice: &#8216;\u00bfVoy a quedar como un privilegiado dentro de la prisi\u00f3n, donde somos 7 mil, cuando soy uno m\u00e1s?\u00bb, ha expuesto, sobre lo que opinar\u00eda el chef.<\/p>\n<p class=\"c-paragraph\">\u00ab\u00c9l duerme con otros 12 internos, sobre una manta, se despierta a las 4.30 horas de la ma\u00f1ana, a las 5 rezan o cantan el himno. Se va a las 5 de la tarde a dormir como todos los presos que hay en Surat Thani. Habla m\u00e1s con su familia por videollamada pero<b><b>\u00a0porque es un preso internacional<\/b><\/b>\u00ab, ha indicado.<\/p>\n<p class=\"c-paragraph\">Uno de los mejores amigos de Sancho, en conversaciones a\u00a0<a href=\"https:\/\/www.20minutos.es\/tags\/temas\/fiesta-telecinco.html\" title=\"Fiesta (Telecinco)\" rel=\"nofollow noopener\" target=\"_blank\">Fiesta<\/a>, tambi\u00e9n se ha mostrado en la esa l\u00ednea y ha contado que el joven no tendr\u00eda una vida tan c\u00f3moda. Seg\u00fan su testimonio, Daniel tiene un\u00a0<b><b>aspecto muy desmejorado<\/b><\/b>, est\u00e1\u00a0<b><b>muy delgado<\/b><\/b>\u00a0y \u00abtiene cara de miedo constante\u00bb.\u00a0<\/p>\n<p class=\"c-paragraph\">Adem\u00e1s, desmiente que Sancho tenga una celda para \u00e9l solo o que cuente con alg\u00fan tipo de beneficio en prisi\u00f3n. Aunque, eso s\u00ed, el chef\u00a0ha podido pedir comida procedente de fuera de prisi\u00f3n, pero la ha compartido con sus otros\u00a0<b><b>compa\u00f1eros de celda,<\/b><\/b>\u00a0porque si no \u00abpodr\u00eda tener problemas\u00bb.<\/p>\n","protected":false},"excerpt":{"rendered":"Daniel Sancho est\u00e1 siendo noticia, de nuevo, los \u00faltimos d\u00edas porque est\u00e1n a punto de cumplirse dos a\u00f1os\u00a0de&hellip;\n","protected":false},"author":2,"featured_media":27924,"comment_status":"","ping_status":"","sticky":false,"template":"","format":"standard","meta":{"footnotes":""},"categories":[5],"tags":[2827,17,18,2943,15165,15166,25,24,13,14,11,19,20,9,10,15,16,9221,23,12,21,22],"class_list":{"0":"post-27923","1":"post","2":"type-post","3":"status-publish","4":"format-standard","5":"has-post-thumbnail","7":"category-titulares","8":"tag-abogado","9":"tag-breaking-news","10":"tag-breakingnews","11":"tag-daniel","12":"tag-enfadado","13":"tag-entiende","14":"tag-es","15":"tag-espana","16":"tag-featured-news","17":"tag-featurednews","18":"tag-headlines","19":"tag-latest-news","20":"tag-latestnews","21":"tag-news","22":"tag-noticias","23":"tag-noticias-destacadas","24":"tag-noticiasdestacadas","25":"tag-sancho","26":"tag-spain","27":"tag-titulares","28":"tag-ultimas-noticias","29":"tag-ultimasnoticias"},"share_on_mastodon":{"url":"","error":""},"_links":{"self":[{"href":"https:\/\/www.europesays.com\/es\/wp-json\/wp\/v2\/posts\/27923","targetHints":{"allow":["GET"]}}],"collection":[{"href":"https:\/\/www.europesays.com\/es\/wp-json\/wp\/v2\/posts"}],"about":[{"href":"https:\/\/www.europesays.com\/es\/wp-json\/wp\/v2\/types\/post"}],"author":[{"embeddable":true,"href":"https:\/\/www.europesays.com\/es\/wp-json\/wp\/v2\/users\/2"}],"replies":[{"embeddable":true,"href":"https:\/\/www.europesays.com\/es\/wp-json\/wp\/v2\/comments?post=27923"}],"version-history":[{"count":0,"href":"https:\/\/www.europesays.com\/es\/wp-json\/wp\/v2\/posts\/27923\/revisions"}],"wp:featuredmedia":[{"embeddable":true,"href":"https:\/\/www.europesays.com\/es\/wp-json\/wp\/v2\/media\/27924"}],"wp:attachment":[{"href":"https:\/\/www.europesays.com\/es\/wp-json\/wp\/v2\/media?parent=27923"}],"wp:term":[{"taxonomy":"category","embeddable":true,"href":"https:\/\/www.europesays.com\/es\/wp-json\/wp\/v2\/categories?post=27923"},{"taxonomy":"post_tag","embeddable":true,"href":"https:\/\/www.europesays.com\/es\/wp-json\/wp\/v2\/tags?post=27923"}],"curies":[{"name":"wp","href":"https:\/\/api.w.org\/{rel}","templated":true}]}}