{"id":279257,"date":"2025-12-09T10:38:11","date_gmt":"2025-12-09T10:38:11","guid":{"rendered":"https:\/\/www.europesays.com\/es\/279257\/"},"modified":"2025-12-09T10:38:11","modified_gmt":"2025-12-09T10:38:11","slug":"nuevos-combates-entre-tailandia-y-camboya-dejan-diez-muertos","status":"publish","type":"post","link":"https:\/\/www.europesays.com\/es\/279257\/","title":{"rendered":"Nuevos combates entre Tailandia y Camboya dejan diez muertos"},"content":{"rendered":"<p>    <img src=\"https:\/\/www.europesays.com\/es\/wp-content\/uploads\/2025\/12\/1765276691_871_2025-12-08T033A503A46Z-90599855.jpg\" width=\"1024\" height=\"576\" alt=\"\" loading=\"eager\" decoding=\"sync\" fetchpriority=\"high\"\/><\/p>\n<p>            afp_tickers        <\/p>\n<p>        Este contenido fue publicado en    <\/p>\n<p>        09 diciembre 2025 &#8211; 07:39\n<\/p>\n<p>Nuevos enfrentamientos fronterizos entre Camboya y Tailandia se cobraron la vida de tres soldados tailandeses y siete civiles camboyanos, informaron fuentes de ambos pa\u00edses.<\/p>\n<p>Los dos vecinos del sudeste asi\u00e1tico se acusan mutuamente de haber desencadenado la reanudaci\u00f3n de los combates el domingo por la noche, menos de dos meses despu\u00e9s de un acuerdo de alto el fuego firmado junto con el presidente estadounidense Donald Trump.<\/p>\n<p>El ej\u00e9rcito tailand\u00e9s atac\u00f3 el martes la provincia fronteriza de Banteay Meanchey, \u00abresultando en la muerte de dos civiles que viajaban por la Carretera Nacional 56 debido a los bombardeos\u00bb, indic\u00f3 el Ministerio de Defensa camboyano en Facebook.<\/p>\n<p>La portavoz ministerial Maly Socheata dijo posteriormente a periodistas que hasta la ma\u00f1ana del martes hab\u00edan muerto siete civiles camboyanos y 20 resultaron heridos en los ataques tailandeses.<\/p>\n<p>Horas m\u00e1s tarde, el ej\u00e9rcito tailand\u00e9s anunci\u00f3 en un comunicado la muerte de dos de sus soldados, que se suman a otro fallecido la v\u00edspera.<\/p>\n<p>Hasta ahora, Camboya afirmaba no haber respondido a los ataques de Tailandia, pero el influyente ex primer ministro de Camboya Hun Sen anunci\u00f3 el martes que su pa\u00eds tom\u00f3 represalias contra Tailandia.<\/p>\n<p>\u00abDespu\u00e9s de haber sido pacientes por m\u00e1s de 24 horas (\u2026) ayer por la noche tomamos represalias\u00bb, escribi\u00f3 el martes en Facebook Hun Sen, quien actualmente es el presidente del Senado.<\/p>\n<p>Las nuevas hostilidades provocaron la huida de miles de civiles en ambos lados de la frontera.<\/p>\n<p>\u00abNos pidieron evacuar y, dado lo que ocurri\u00f3 en julio, acat\u00e9 inmediatamente\u00bb, declar\u00f3 la tailandesa Tannarat Woratham, de 59 a\u00f1os, que abandon\u00f3 el domingo su casa a pocos kil\u00f3metros de la frontera con Camboya.<\/p>\n<p>La disputa entre ambos vecinos se centra en un desacuerdo centenario sobre las fronteras trazadas durante el dominio colonial franc\u00e9s en la regi\u00f3n. Tanto Tailandia como Camboya reclaman la soberan\u00eda sobre varios templos antiguos en la zona lim\u00edtrofe.<\/p>\n<p>Los dos pa\u00edses mantuvieron cinco d\u00edas de combates en julio que dejaron 43 muertos y unos 300.000 desplazados antes de la entrada en vigor de una tregua.<\/p>\n<p>Este alto al fuego se ratific\u00f3 en un acuerdo a finales de octubre impulsado por el presidente estadounidense Donald Trump, pero fue suspendido por Tailandia semanas despu\u00e9s por el estallido de una mina que hiri\u00f3 a varios soldados.<\/p>\n<p>\u2013 Acuerdo en entredicho \u2013<\/p>\n<p>La Uni\u00f3n Europea pidi\u00f3 el lunes a los dos pa\u00edses \u00abejercer la m\u00e1xima moderaci\u00f3n\u00bb, mientras que el secretario general de la ONU, Antonio Guterres, inst\u00f3 a ambas partes a \u00abrenovar su compromiso con el alto el fuego\u00bb negociado a principios de este a\u00f1o, inform\u00f3 su portavoz.<\/p>\n<p>Washington inst\u00f3 a los estadounidenses a evitar cualquier viaje en un radio de 50 kil\u00f3metros de la frontera entre Tailandia y Camboya.<\/p>\n<p>El portavoz del ej\u00e9rcito tailand\u00e9s anunci\u00f3 el lunes el lanzamiento de ataques a\u00e9reos contra objetivos militares del pa\u00eds vecino.<\/p>\n<p>\u00abLos ataques son de gran precisi\u00f3n y apuntan \u00fanicamente a objetivos militares a lo largo de la l\u00ednea fronteriza, sin impactar a civiles\u00bb, asegur\u00f3 en un comunicado Winthai Suvaree.<\/p>\n<p>Seg\u00fan \u00e9l, este despliegue respondi\u00f3 a ataques con armas de fuego de las fuerzas camboyanas que dejaron \u00abun soldado muerto y cuatro heridos\u00bb.<\/p>\n<p>Por su parte, la portavoz Socheata denunci\u00f3 ataques de Bangkok el lunes por la ma\u00f1ana en Preah Vihear y Oddar Meanche, y que un avi\u00f3n de combate F-16 del ej\u00e9rcito tailand\u00e9s atac\u00f3 a las fuerzas camboyanas.<\/p>\n<p>De su lado, el ej\u00e9rcito tailand\u00e9s acus\u00f3 a las tropas vecinas de disparar cohetes BM-21 contra \u00e1reas civiles en la provincia de Buri Ram, aunque no se reportaron v\u00edctimas.<\/p>\n<p>burs-sco\/mas\/dbh\/pc\/hgs\/ad\/mas\/cr\/meb<\/p>\n","protected":false},"excerpt":{"rendered":"afp_tickers Este contenido fue publicado en 09 diciembre 2025 &#8211; 07:39 Nuevos enfrentamientos fronterizos entre Camboya y Tailandia&hellip;\n","protected":false},"author":2,"featured_media":279258,"comment_status":"","ping_status":"","sticky":false,"template":"","format":"standard","meta":{"footnotes":""},"categories":[42],"tags":[635,17,18,636,83,13,14,11,61,62,63,86,64,19,20,9,10,15,16,88,90,12,21,22,65,66,67],"class_list":{"0":"post-279257","1":"post","2":"type-post","3":"status-publish","4":"format-standard","5":"has-post-thumbnail","7":"category-internacional","8":"tag-armed-conflict","9":"tag-breaking-news","10":"tag-breakingnews","11":"tag-conflict","12":"tag-diplomacy","13":"tag-featured-news","14":"tag-featurednews","15":"tag-headlines","16":"tag-internacional","17":"tag-international","18":"tag-international-news","19":"tag-international-relations","20":"tag-internationalnews","21":"tag-latest-news","22":"tag-latestnews","23":"tag-news","24":"tag-noticias","25":"tag-noticias-destacadas","26":"tag-noticiasdestacadas","27":"tag-politics","28":"tag-ticker","29":"tag-titulares","30":"tag-ultimas-noticias","31":"tag-ultimasnoticias","32":"tag-world","33":"tag-world-news","34":"tag-worldnews"},"share_on_mastodon":{"url":"https:\/\/pubeurope.com\/@es\/115689181151328563","error":""},"_links":{"self":[{"href":"https:\/\/www.europesays.com\/es\/wp-json\/wp\/v2\/posts\/279257","targetHints":{"allow":["GET"]}}],"collection":[{"href":"https:\/\/www.europesays.com\/es\/wp-json\/wp\/v2\/posts"}],"about":[{"href":"https:\/\/www.europesays.com\/es\/wp-json\/wp\/v2\/types\/post"}],"author":[{"embeddable":true,"href":"https:\/\/www.europesays.com\/es\/wp-json\/wp\/v2\/users\/2"}],"replies":[{"embeddable":true,"href":"https:\/\/www.europesays.com\/es\/wp-json\/wp\/v2\/comments?post=279257"}],"version-history":[{"count":0,"href":"https:\/\/www.europesays.com\/es\/wp-json\/wp\/v2\/posts\/279257\/revisions"}],"wp:featuredmedia":[{"embeddable":true,"href":"https:\/\/www.europesays.com\/es\/wp-json\/wp\/v2\/media\/279258"}],"wp:attachment":[{"href":"https:\/\/www.europesays.com\/es\/wp-json\/wp\/v2\/media?parent=279257"}],"wp:term":[{"taxonomy":"category","embeddable":true,"href":"https:\/\/www.europesays.com\/es\/wp-json\/wp\/v2\/categories?post=279257"},{"taxonomy":"post_tag","embeddable":true,"href":"https:\/\/www.europesays.com\/es\/wp-json\/wp\/v2\/tags?post=279257"}],"curies":[{"name":"wp","href":"https:\/\/api.w.org\/{rel}","templated":true}]}}