{"id":279259,"date":"2025-12-09T10:39:08","date_gmt":"2025-12-09T10:39:08","guid":{"rendered":"https:\/\/www.europesays.com\/es\/279259\/"},"modified":"2025-12-09T10:39:08","modified_gmt":"2025-12-09T10:39:08","slug":"cuenta-atras-para-conocer-la-sentencia-que-condena-al-fiscal-general-del-estado-tribunales","status":"publish","type":"post","link":"https:\/\/www.europesays.com\/es\/279259\/","title":{"rendered":"Cuenta atr\u00e1s para conocer la sentencia que condena al fiscal general del Estado | Tribunales"},"content":{"rendered":"<p class=\"loc\">Madrid<\/p>\n<p>Cuenta atr\u00e1s para conocer la sentencia del Tribunal Supremo que ha <a href=\"https:\/\/cadenaser.com\/nacional\/2025\/11\/20\/condenado-el-fiscal-general-del-estado-por-revelacion-de-secretos-cadena-ser\/\" target=\"_blank\" rel=\"nofollow noopener\" title=\"https:\/\/cadenaser.com\/nacional\/2025\/11\/20\/condenado-el-fiscal-general-del-estado-por-revelacion-de-secretos-cadena-ser\/\">condenado al fiscal general del Estado<\/a> por un delito de revelaci\u00f3n de datos reservados.<\/p>\n<p>M\u00e1s informaci\u00f3n<\/p>\n<p>La sentencia de condena que suscriben cinco magistrados junto al voto particular de las otras dos que formaron el tribunal ya est\u00e1n en manos del presidente de la sala de lo penal y ponente de la decisi\u00f3n mayoritaria, Andr\u00e9s Mart\u00ednez Arrieta.<\/p>\n<p>Solo falta firmar y notificar a las partes esta hist\u00f3rica sentencia que ha apartado de la jefatura del Ministerio P\u00fablico a \u00c1lvaro Garc\u00eda Ortiz.<\/p>\n<p>El alto tribunal, en una decisi\u00f3n poco habitual, adelant\u00f3 el pasado 20 de noviembre el fallo por el que condenaba a Garc\u00eda Ortiz a dos a\u00f1os de inhabilitaci\u00f3n para el cargo. Una deliberaci\u00f3n expr\u00e9s que dur\u00f3 una semana tras seis sesiones de un juicio en el que tanto la UCO como las acusaciones sostuvieron que el ya exfiscal General en \u00abunidad de acto\u00bb filtr\u00f3 el correo en el que el novio de D\u00edaz Ayuso reconoc\u00eda que hab\u00eda cometido dos delitos fiscales para poder hacer p\u00fablica despu\u00e9s una nota de prensa que sirviera para desmentir el bulo que fabric\u00f3 Miguel \u00c1ngel Rodr\u00edguez: que hab\u00eda sido la fiscal\u00eda la que hab\u00eda ofrecido un pacto a Alberto Gonz\u00e1lez Amador -cuando todo sucedi\u00f3 al rev\u00e9s- y que ese pacto se hab\u00eda frenado por \u00f3rdenes de arriba.<\/p>\n","protected":false},"excerpt":{"rendered":"Madrid Cuenta atr\u00e1s para conocer la sentencia del Tribunal Supremo que ha condenado al fiscal general del Estado&hellip;\n","protected":false},"author":2,"featured_media":279260,"comment_status":"","ping_status":"","sticky":false,"template":"","format":"standard","meta":{"footnotes":""},"categories":[8],"tags":[17,18,25,24,13,14,11,2128,19,20,9,10,15,16,4870,23,12,21,22],"class_list":{"0":"post-279259","1":"post","2":"type-post","3":"status-publish","4":"format-standard","5":"has-post-thumbnail","7":"category-espana","8":"tag-breaking-news","9":"tag-breakingnews","10":"tag-es","11":"tag-espana","12":"tag-featured-news","13":"tag-featurednews","14":"tag-headlines","15":"tag-juicios","16":"tag-latest-news","17":"tag-latestnews","18":"tag-news","19":"tag-noticias","20":"tag-noticias-destacadas","21":"tag-noticiasdestacadas","22":"tag-poder-judicial","23":"tag-spain","24":"tag-titulares","25":"tag-ultimas-noticias","26":"tag-ultimasnoticias"},"share_on_mastodon":{"url":"https:\/\/pubeurope.com\/@es\/115689184620739475","error":""},"_links":{"self":[{"href":"https:\/\/www.europesays.com\/es\/wp-json\/wp\/v2\/posts\/279259","targetHints":{"allow":["GET"]}}],"collection":[{"href":"https:\/\/www.europesays.com\/es\/wp-json\/wp\/v2\/posts"}],"about":[{"href":"https:\/\/www.europesays.com\/es\/wp-json\/wp\/v2\/types\/post"}],"author":[{"embeddable":true,"href":"https:\/\/www.europesays.com\/es\/wp-json\/wp\/v2\/users\/2"}],"replies":[{"embeddable":true,"href":"https:\/\/www.europesays.com\/es\/wp-json\/wp\/v2\/comments?post=279259"}],"version-history":[{"count":0,"href":"https:\/\/www.europesays.com\/es\/wp-json\/wp\/v2\/posts\/279259\/revisions"}],"wp:featuredmedia":[{"embeddable":true,"href":"https:\/\/www.europesays.com\/es\/wp-json\/wp\/v2\/media\/279260"}],"wp:attachment":[{"href":"https:\/\/www.europesays.com\/es\/wp-json\/wp\/v2\/media?parent=279259"}],"wp:term":[{"taxonomy":"category","embeddable":true,"href":"https:\/\/www.europesays.com\/es\/wp-json\/wp\/v2\/categories?post=279259"},{"taxonomy":"post_tag","embeddable":true,"href":"https:\/\/www.europesays.com\/es\/wp-json\/wp\/v2\/tags?post=279259"}],"curies":[{"name":"wp","href":"https:\/\/api.w.org\/{rel}","templated":true}]}}