{"id":279275,"date":"2025-12-09T10:56:07","date_gmt":"2025-12-09T10:56:07","guid":{"rendered":"https:\/\/www.europesays.com\/es\/279275\/"},"modified":"2025-12-09T10:56:07","modified_gmt":"2025-12-09T10:56:07","slug":"tchouameni-sobre-xabi-alonso-no-es-culpa-del-entrenador-tenemos-que-mejorar-futbol-deportes","status":"publish","type":"post","link":"https:\/\/www.europesays.com\/es\/279275\/","title":{"rendered":"Tchouameni, sobre Xabi Alonso: \u201cNo es culpa del entrenador; tenemos que mejorar\u201d | F\u00fatbol | Deportes"},"content":{"rendered":"<p class=\"\">En medio de la formidable crisis en la que se encuentra sumido el Real Madrid, y con Xabi Alonso muy se\u00f1alado, Aur\u00e9lien Tchouameni ha redirigido este martes la atenci\u00f3n a los futbolistas: \u201cPor ejemplo en <a href=\"https:\/\/elpais.com\/deportes\/futbol\/2025-12-07\/un-real-madrid-vulgar-y-desquiciado-se-hunde-contra-el-celta.html\" target=\"_self\" rel=\"nofollow noopener\" title=\"https:\/\/elpais.com\/deportes\/futbol\/2025-12-07\/un-real-madrid-vulgar-y-desquiciado-se-hunde-contra-el-celta.html\">el partido del Celta<\/a>, seguro que el entrenador ten\u00eda un buen plan de partido, pero al final somos nosotros los jugadores los que jugamos en el campo. Y si jugamos a nuestro nivel tenemos m\u00e1s posibilidades de ganar este tipo de partido. Si perdemos 2-0 es que hab\u00eda un problema nuestro en el campo, como intensidad, faltas t\u00e9cnicas&#8230; No es culpa del entrenador. La cosa es que tenemos que mejorar y vamos a hacerlo\u201d, dijo en la previa del encuentro de este mi\u00e9rcoles contra el Manchester City en el Bernab\u00e9u (21.00, Movistar). \u201cTenemos que hacer las cosas mejor para ganar partidos y esperamos que vamos a mejorar y ganar m\u00e1s partidos, porque lo que est\u00e1 pasando ahora no es posible\u201d. <\/p>\n<p class=\"\">El gran agujero vuelve a ser <a href=\"https:\/\/elpais.com\/deportes\/futbol\/2024-10-04\/el-futbol-apremia-al-real-madrid.html\" target=\"_self\" rel=\"nofollow noopener\" title=\"https:\/\/elpais.com\/deportes\/futbol\/2024-10-04\/el-futbol-apremia-al-real-madrid.html\">uno que ya se\u00f1al\u00f3 muchas veces Carlo Ancelotti la temporada pasada<\/a>, la intensidad, en particular en la presi\u00f3n adelantada. \u201cTenemos que mejorar en este aspecto del juego. Cuando empezamos el partido queremos presionar al rival. La cosa es que a veces lo hacemos bien y a veces, muy mal. Tenemos que mejorar en eso para recuperar m\u00e1s balones y marcar goles\u201d, dijo. \u201cSi no jugamos con la intensidad m\u00e1xima, va a ser muy dif\u00edcil ganar partidos. Tenemos que entender que para ganar este tipo de partidos tenemos que dar el m\u00e1ximo, y no lo hemos hecho contra el Celta, y tenemos que hacerlo ma\u00f1ana contra el City en la Champions\u201d.<\/p>\n<p class=\"\">Xabi Alonso, que no ha conseguido que sus futbolistas ejecuten su plan de manera consistente, tambi\u00e9n mira con esperanza el compromiso de la Copa de Europa: \u201cMe siento con muchas ganas de todo lo que viene, y todo lo que viene empieza ma\u00f1ana\u201d, dijo. \u201cEn nuestras cabezas est\u00e1 solo el City. Es la Champions, y esto puede cambiar r\u00e1pido. Afortunadamente, en f\u00fatbol, para bien y para mal se puede girar r\u00e1pido la perspectiva, y estamos en ese momento\u201d.<\/p>\n<p class=\"\">Tambi\u00e9n est\u00e1n en el momento en el que circulan nombres de posibles sustitutos para \u00e9l en el banquillo, pero Xabi volvi\u00f3 a esquivar este asunto como ha hecho en los \u00faltimos d\u00edas: \u201cCuando uno entrena al Madrid tiene que estar preparado para afrontar todas estas situaciones\u201d, contest\u00f3. \u201cEstamos mentalizados para afrontar todo lo que nos toca y este es el momento que tenemos. El equipo est\u00e1 unido, est\u00e1 convencido todo el mundo de que podemos ganar ma\u00f1ana. Creo que no hay nadie que tenga dudas, pero para ello tenemos que jugar un buen partido, tenemos que jugar con un buen ritmo con una buena intensidad, competir\u201d, dijo, regresando al punto central sobre el que Tchouameni enton\u00f3 un rotundo mea culpa.<\/p>\n","protected":false},"excerpt":{"rendered":"En medio de la formidable crisis en la que se encuentra sumido el Real Madrid, y con Xabi&hellip;\n","protected":false},"author":2,"featured_media":279276,"comment_status":"","ping_status":"","sticky":false,"template":"","format":"standard","meta":{"footnotes":""},"categories":[93],"tags":[42440,1241,1540,168,1539,25,24,282,1538,2013,24835,3048,23,167,10344],"class_list":{"0":"post-279275","1":"post","2":"type-post","3":"status-publish","4":"format-standard","5":"has-post-thumbnail","7":"category-deportes","8":"tag-aurelien-tchouameni","9":"tag-champions-league","10":"tag-competiciones","11":"tag-deportes","12":"tag-entrenadores","13":"tag-es","14":"tag-espana","15":"tag-futbol","16":"tag-futbolistas","17":"tag-manchester-city","18":"tag-pep-guardiola","19":"tag-real-madrid","20":"tag-spain","21":"tag-sports","22":"tag-xabi-alonso"},"share_on_mastodon":{"url":"https:\/\/pubeurope.com\/@es\/115689251593331765","error":""},"_links":{"self":[{"href":"https:\/\/www.europesays.com\/es\/wp-json\/wp\/v2\/posts\/279275","targetHints":{"allow":["GET"]}}],"collection":[{"href":"https:\/\/www.europesays.com\/es\/wp-json\/wp\/v2\/posts"}],"about":[{"href":"https:\/\/www.europesays.com\/es\/wp-json\/wp\/v2\/types\/post"}],"author":[{"embeddable":true,"href":"https:\/\/www.europesays.com\/es\/wp-json\/wp\/v2\/users\/2"}],"replies":[{"embeddable":true,"href":"https:\/\/www.europesays.com\/es\/wp-json\/wp\/v2\/comments?post=279275"}],"version-history":[{"count":0,"href":"https:\/\/www.europesays.com\/es\/wp-json\/wp\/v2\/posts\/279275\/revisions"}],"wp:featuredmedia":[{"embeddable":true,"href":"https:\/\/www.europesays.com\/es\/wp-json\/wp\/v2\/media\/279276"}],"wp:attachment":[{"href":"https:\/\/www.europesays.com\/es\/wp-json\/wp\/v2\/media?parent=279275"}],"wp:term":[{"taxonomy":"category","embeddable":true,"href":"https:\/\/www.europesays.com\/es\/wp-json\/wp\/v2\/categories?post=279275"},{"taxonomy":"post_tag","embeddable":true,"href":"https:\/\/www.europesays.com\/es\/wp-json\/wp\/v2\/tags?post=279275"}],"curies":[{"name":"wp","href":"https:\/\/api.w.org\/{rel}","templated":true}]}}