{"id":279303,"date":"2025-12-09T11:19:08","date_gmt":"2025-12-09T11:19:08","guid":{"rendered":"https:\/\/www.europesays.com\/es\/279303\/"},"modified":"2025-12-09T11:19:08","modified_gmt":"2025-12-09T11:19:08","slug":"el-dispositivo-de-seguridad-para-el-real-madrid-manchester-city-contara-con-mas-de-1-700-efectivos","status":"publish","type":"post","link":"https:\/\/www.europesays.com\/es\/279303\/","title":{"rendered":"El dispositivo de seguridad para el Real Madrid-Manchester City contar\u00e1 con m\u00e1s de 1.700 efectivos"},"content":{"rendered":"<p style=\"\">La Delegaci\u00f3n del Gobierno en Madrid ha organizado un dispositivo dotado con m\u00e1s de 1.700 efectivos para garantizar la seguridad en torno al partido de f\u00fatbol que enfrentar\u00e1 este mi\u00e9rcoles al Real Madrid con el Manchester City en el marco de la quinta ronda  &#8230; de la Champions League.<\/p>\n<p class=\"voc-p\" style=\"\">El operativo <a href=\"https:\/\/www.abc.es\/espana\/madrid\/terror-calles-vallecas-turba-200-bukaneros-ataca-20251106090857-nt.html\" target=\"_self\" data-voc-vtm-id=\"in-text-traffic\" title=\"vigilar\u00e1 las zonas aleda\u00f1as del estadio\" data-mrf-link=\"www.abc.es\" rel=\"nofollow noopener\">vigilar\u00e1 las zonas aleda\u00f1as del estadio<\/a> para prevenir incidentes y estar\u00e1 integrado por agentes de la Unidad de Intervenci\u00f3n Policial, Caballer\u00eda, la Brigada Provincial de Informaci\u00f3n y la Brigada M\u00f3vil de la Polic\u00eda Nacional, as\u00ed como de la Polic\u00eda Municipal, SAMUR-Protecci\u00f3n Civil, Bomberos y vigilantes del propio club madrile\u00f1o.<\/p>\n<p class=\"voc-p\" style=\"\">En el servicio de Metro tambi\u00e9n se ha previsto un refuerzo de la presencia de vigilantes, seg\u00fan ha subrayado la Delegaci\u00f3n del Gobierno en un comunicado. Las previsiones apuntan a la presencia de <strong>m\u00e1s de 2.650 aficionados ingleses<\/strong> con entrada para un estadio que presentar\u00e1 un aforo estimado de 77.000 espectadores.<\/p>\n<p class=\"voc-p\" style=\"\">Como es habitual, las autoridades han hecho un llamamiento a los asistentes para que faciliten y agilicen el trabajo de los agentes de seguridad accediendo a la zona con antelaci\u00f3n suficiente para pasar los controles de seguridad establecidos en las inmediaciones del estadio Santiago Bernab\u00e9u.<\/p>\n","protected":false},"excerpt":{"rendered":"La Delegaci\u00f3n del Gobierno en Madrid ha organizado un dispositivo dotado con m\u00e1s de 1.700 efectivos para garantizar&hellip;\n","protected":false},"author":2,"featured_media":279304,"comment_status":"","ping_status":"","sticky":false,"template":"","format":"standard","meta":{"footnotes":""},"categories":[93],"tags":[43720,20523,3759,8705,168,25436,25,24,67825,798,585,23,167],"class_list":{"0":"post-279303","1":"post","2":"type-post","3":"status-publish","4":"format-standard","5":"has-post-thumbnail","7":"category-deportes","8":"tag-43720","9":"tag-agentes","10":"tag-city","11":"tag-contara","12":"tag-deportes","13":"tag-dispositivo","14":"tag-es","15":"tag-espana","16":"tag-madridmanchester","17":"tag-real","18":"tag-seguridad","19":"tag-spain","20":"tag-sports"},"share_on_mastodon":{"url":"https:\/\/pubeurope.com\/@es\/115689342060645851","error":""},"_links":{"self":[{"href":"https:\/\/www.europesays.com\/es\/wp-json\/wp\/v2\/posts\/279303","targetHints":{"allow":["GET"]}}],"collection":[{"href":"https:\/\/www.europesays.com\/es\/wp-json\/wp\/v2\/posts"}],"about":[{"href":"https:\/\/www.europesays.com\/es\/wp-json\/wp\/v2\/types\/post"}],"author":[{"embeddable":true,"href":"https:\/\/www.europesays.com\/es\/wp-json\/wp\/v2\/users\/2"}],"replies":[{"embeddable":true,"href":"https:\/\/www.europesays.com\/es\/wp-json\/wp\/v2\/comments?post=279303"}],"version-history":[{"count":0,"href":"https:\/\/www.europesays.com\/es\/wp-json\/wp\/v2\/posts\/279303\/revisions"}],"wp:featuredmedia":[{"embeddable":true,"href":"https:\/\/www.europesays.com\/es\/wp-json\/wp\/v2\/media\/279304"}],"wp:attachment":[{"href":"https:\/\/www.europesays.com\/es\/wp-json\/wp\/v2\/media?parent=279303"}],"wp:term":[{"taxonomy":"category","embeddable":true,"href":"https:\/\/www.europesays.com\/es\/wp-json\/wp\/v2\/categories?post=279303"},{"taxonomy":"post_tag","embeddable":true,"href":"https:\/\/www.europesays.com\/es\/wp-json\/wp\/v2\/tags?post=279303"}],"curies":[{"name":"wp","href":"https:\/\/api.w.org\/{rel}","templated":true}]}}