{"id":279305,"date":"2025-12-09T11:20:12","date_gmt":"2025-12-09T11:20:12","guid":{"rendered":"https:\/\/www.europesays.com\/es\/279305\/"},"modified":"2025-12-09T11:20:12","modified_gmt":"2025-12-09T11:20:12","slug":"hay-pistas-rapidas-para-que-los-padres-puedan-distinguir-si-su-hijo-esta-solo-resfriado-o-tiene-gripe-o-covid","status":"publish","type":"post","link":"https:\/\/www.europesays.com\/es\/279305\/","title":{"rendered":"Hay pistas r\u00e1pidas para que los padres puedan distinguir si su hijo est\u00e1 solo resfriado o tiene gripe o covid"},"content":{"rendered":"<p id=\"ed2evy4sQK\" data-wc=\"56\">Tos, mocos, fiebre&#8230; la temporada fr\u00eda de oto\u00f1o-invierno es sin\u00f3nimo de virus respiratorios infantiles que suelen contagiarse con mucha facilidad. <strong>\u00bfC\u00f3mo diferenciar cuando estamos ante un cuadro m\u00e1s leve, como un resfriado, de otro m\u00e1s importante, como una gripe?\u00a0<\/strong>\u00bfPueden seguir los ni\u00f1os su vida normal e ir al colegio o conviene que est\u00e9n en casa?<\/p>\n<p id=\"eHVpiXzcgn\" data-wc=\"22\">A estas y otras preguntas responde el <strong>Dr. Enrique S\u00e1nchez, coordinador de Pediatr\u00eda de los Hospitales Vithas M\u00e1laga y Vithas Xanit Internacional.\u00a0<\/strong><\/p>\n<blockquote class=\"ho-bl-1081603\" cite=\"\">\n<p id=\"eAdKYHuA0nS\">Si el ni\u00f1o est\u00e1 activo, juega, no tiene fiebre o tiene fiebre baja, puede ir al colegio y hacer vida normal. Si tiene fiebre, malestar importante, o est\u00e1 muy deca\u00eddo, es mejor mantenerlo en casa<\/p>\n<\/blockquote>\n<p>Dr. Enrique S\u00e1nchez, pediatraC\u00f3mo diferenciar resfriado, gripe y covid en ni\u00f1os<\/p>\n<p id=\"eIvuiFoGEK\" data-wc=\"28\">Cuando el ni\u00f1o comienza a tener mocos u otros s\u00edntomas respiratorios, la primera pregunta es \u00bfqu\u00e9 ser\u00e1? El experto apunta unas claves para diferenciar, de entrada, la patolog\u00eda:<\/p>\n<p>Resfriado<\/p>\n<ul data-wc=\"21\" id=\"ul-181ny4miyhe760\">\n<li>Inicio progresivo.<\/li>\n<li>Mocos, congesti\u00f3n nasal, estornudos y tos leve.<\/li>\n<li><a class=\"hm-link ho-link\" href=\"https:\/\/www.hola.com\/padres\/20211223307759\/fiebre-en-ninos-dudas-frecuentes\/\" data-mrf-recirculation=\"article-body-link\" rel=\"nofollow noopener\" target=\"_blank\">Fiebre baja o ausente.<\/a><\/li>\n<li>El ni\u00f1o suele estar activo, juega y come de forma aceptable.<\/li>\n<\/ul>\n<p>GripeCovid<\/p>\n<p id=\"e8VBHZLV3Io\" data-wc=\"55\">No obstante, a pesar de estos datos, el Dr. Enrique S\u00e1nchez ofrecer una pista r\u00e1pida para que los padres pueden saber ante qu\u00e9 est\u00e1n:\u00a0<strong>\u00abEn la gripe la secuencia es: brusquedad, fiebre alta y dolores musculares; en el resfriado habr\u00e1 mocos y s\u00edntomas leves, y podr\u00eda ser covid cuando hay s\u00edntomas respiratorios variables y digestivos\u00bb.<\/strong><\/p>\n<p> <img src=\"https:\/\/www.europesays.com\/es\/wp-content\/uploads\/2025\/12\/627025ba65a6-adobestock480640161.jpg\"   width=\"1024\" height=\"683\" loading=\"lazy\" decoding=\"async\" alt=\"Ni\u00f1a con resfriado con una manta y tos en su casa\" fetchpriority=\"auto\" class=\"image ho-image\"\/>\u00a9 Adobe Stock<br \/>\nEl resfriado, muy contagioso los primeros d\u00edas<\/p>\n<p id=\"eUVD5JVGZwY\" data-wc=\"71\">El resfriado com\u00fan es muy contagioso, especialmente en los dos o tres primeros d\u00edas. Tal como explica el pediatra, <strong>\u00abse transmite por gotitas respiratorias al hablar, toser o estornudar; en contacto con superficies contaminadas, como juguetes, mesas o por las manos; y hay un autocontagio<\/strong> cuando se tocan la nariz, los ojos o la boca\u00bb. En este sentido, se\u00f1ala c\u00f3mo \u00ablos ni\u00f1os peque\u00f1os, al tocarse la cara constantemente, se contagian m\u00e1s\u00bb.<\/p>\n<p id=\"eAqQe1XD0DY\" data-wc=\"71\">Pero \u00bfpuede seguir haciendo el ni\u00f1o vida normal con un resfriado? \u00abDepende de c\u00f3mo se encuentre. Si est\u00e1 activo, juega, sin fiebre o con fiebre baja, puede ir al colegio y hacer vida normal. Si tiene fiebre, malestar importante, o est\u00e1 muy deca\u00eddo, es mejor mantenerlo en casa\u00bb. Y a\u00f1ade: \u00abDebemos recordar que <a class=\"hm-link ho-link\" href=\"https:\/\/www.hola.com\/padres\/20211223307759\/fiebre-en-ninos-dudas-frecuentes\/\" data-mrf-recirculation=\"article-body-link\" rel=\"nofollow noopener\" target=\"_blank\">el resfriado no se complica por salir, pero el descanso acelera la recuperaci\u00f3n y se evita contagiar m\u00e1s<\/a>\u00ab.<\/p>\n<p> <img src=\"https:\/\/www.europesays.com\/es\/wp-content\/uploads\/2025\/12\/f0f173e85d1d-adobestock554269365-1.jpg\"   width=\"1024\" height=\"682\" loading=\"lazy\" decoding=\"async\" alt=\"Beb\u00e9 con tos en brazos de su madre\" fetchpriority=\"auto\" class=\"image ho-image\"\/>\u00a9 Adobe Stock<br \/>\nFisioterapia respiratoria y lavados nasales, \u00bfcu\u00e1ndo est\u00e1n indicados?<\/p>\n<p id=\"eFEg5siZ0JKS\" data-wc=\"21\">En la mayor\u00eda de los resfriados simples en ni\u00f1os, la fisioterapia respiratoria \u00abno estar\u00eda indicada, aunque podr\u00eda valorarse en lactantes peque\u00f1itos\u00bb.<\/p>\n<p id=\"e3HDB01TnD8\" data-wc=\"40\"><a class=\"hm-link ho-link\" href=\"https:\/\/www.hola.com\/padres\/20220224309950\/fisioterapia-respiratoria-ninos-beneficios-tg\/\" data-mrf-recirculation=\"article-body-link\" rel=\"nofollow noopener\" target=\"_blank\">\u00abLa fisioterapia respiratoria tiene utilidad en patolog\u00edas muy concretas, como bronquiolitis, atelectasias o secreciones muy espesas asociadas a otras enfermedades.<\/a> En un resfriado com\u00fan, basta con lavados nasales, buena hidrataci\u00f3n y control de la fiebre\u00bb, resalta el especialista de Vithas.<\/p>\n<p id=\"eP8KxpHe8Pl\" data-wc=\"82\"><strong>En el caso de los lavados nasales, son una de las medidas m\u00e1s eficaces ante un resfriado com\u00fan, ya que<\/strong><a class=\"hm-link ho-link\" href=\"https:\/\/www.hola.com\/padres\/20231103352210\/lavado-nasal-ninos-como-hacerlo-tg\/\" data-mrf-recirculation=\"article-body-link\" rel=\"nofollow noopener\" target=\"_blank\">\u00a0despejan la nariz, mejoran la respiraci\u00f3n y la alimentaci\u00f3n<\/a> (especialmente en lactantes) y reducen el riesgo de otitis por acumulaci\u00f3n de moco. \u00bfC\u00f3mo hacerlos? \u00abCuando el ni\u00f1o est\u00e9 congestivo, especialmente antes de dormir y antes de comer. No hace falta hacerlos cada hora; es suficiente 2-4 veces al d\u00eda. Eso s\u00ed, siempre con suero fisiol\u00f3gico y t\u00e9cnica suave\u00bb, advierte el Dr. S\u00e1nchez.<\/p>\n<p> <img src=\"https:\/\/www.europesays.com\/es\/wp-content\/uploads\/2025\/12\/14506b5bc51f-adobestock1752288751.jpg\"   width=\"1024\" height=\"682\" loading=\"lazy\" decoding=\"async\" alt=\"Ni\u00f1o resfriado con aplicador de suero\" fetchpriority=\"auto\" class=\"image ho-image\"\/>\u00a9 Adobe Stock<br \/>\nQu\u00e9 tener en cuenta con los humidificadores y nebulizadores<\/p>\n<p id=\"eQHocFZNYhN\" data-wc=\"53\">En un caso de resfriado com\u00fan en ni\u00f1os, \u00ablos humidificadores pueden ayudar solo si el ambiente es muy seco. De todos modos, <strong>se recomienda humedad del 40\u201360%, limpieza diaria del aparato y evitar colocarlo pegado al ni\u00f1o.<\/strong> Por \u00faltimo, es importante recordar que no curan el resfriado, pero mejoran la sensaci\u00f3n de congesti\u00f3n\u00bb.<\/p>\n<p id=\"elrrXHfpgrM\" data-wc=\"45\">\u00abEn cuanto a los nebulizadores no est\u00e1n indicados para un resfriado com\u00fan, aunque es cierto que nebulizar suero fisiol\u00f3gico puede aliviar los s\u00edntomas. <a class=\"hm-link ho-link\" href=\"https:\/\/www.hola.com\/padres\/20231212353553\/mentiras-catarros-bronquiolitis-ninos-tg\/\" data-mrf-recirculation=\"article-body-link\" rel=\"nofollow noopener\" target=\"_blank\">Solo se usan si el pediatra prescribe salbutamol, adrenalina o suero hipert\u00f3nico para patolog\u00edas espec\u00edficas (como bronquiolitis o broncoespasmo)\u00bb,<\/a> aclara el especialista.<\/p>\n<p> <img src=\"https:\/\/www.europesays.com\/es\/wp-content\/uploads\/2025\/12\/b2b1bfcb99af-adobestock158939851.jpg\"   width=\"1024\" height=\"682\" loading=\"lazy\" decoding=\"async\" alt=\"Ni\u00f1o con dolor de cabeza con su madre\" fetchpriority=\"auto\" class=\"image ho-image\"\/>\u00a9 Adobe Stock<br \/>\n\u00bfCu\u00e1les son los f\u00e1rmacos aconsejados ante un resfriado y cu\u00e1les no?<\/p>\n<p id=\"ecLdSm_Kpvv\" data-wc=\"66\">Aunque el deseo sea que el ni\u00f1o se cure y est\u00e9 recuperado cuanto antes, no todos los medicamentos son adecuados en caso de un resfriado com\u00fan. <strong>\u00abLos que s\u00ed est\u00e1n indicados son paracetamol o ibuprofeno para fiebre o dolor (seg\u00fan edad y peso).\u00a0<\/strong>Tambi\u00e9n suero fisiol\u00f3gico para lavados nasales y miel en mayores de un a\u00f1o para calmar la tos (efectiva y segura)\u00bb, indica el experto.<\/p>\n<p id=\"etPQacN-cqa\" data-wc=\"67\">Sin embargo, <strong>no estar\u00edan indicados los antibi\u00f3ticos, ya que el resfriado es viral.<\/strong> Tampoco los antihistam\u00ednicos, mucol\u00edticos, jarabes para la tos o antitusivos en menores de seis a\u00f1os (\u00abson poco eficaces y tienen efectos secundarios\u00bb), al igual que los descongestionantes nasales en menores de seis a\u00f1os, pues \u00abpueden ser peligrosos\u00bb. Por \u00faltimo, los corticoides ante un resfriado simple tampoco tienen indicaci\u00f3n, como concluye el Dr. Enrique S\u00e1nchez.<\/p>\n","protected":false},"excerpt":{"rendered":"Tos, mocos, fiebre&#8230; la temporada fr\u00eda de oto\u00f1o-invierno es sin\u00f3nimo de virus respiratorios infantiles que suelen contagiarse con&hellip;\n","protected":false},"author":2,"featured_media":279306,"comment_status":"","ping_status":"","sticky":false,"template":"","format":"standard","meta":{"footnotes":""},"categories":[92],"tags":[253,25,24,165,3621,166,14288,23],"class_list":{"0":"post-279305","1":"post","2":"type-post","3":"status-publish","4":"format-standard","5":"has-post-thumbnail","7":"category-salud","8":"tag-discover","9":"tag-es","10":"tag-espana","11":"tag-health","12":"tag-padres","13":"tag-salud","14":"tag-salud-infantil","15":"tag-spain"},"share_on_mastodon":{"url":"https:\/\/pubeurope.com\/@es\/115689346328478575","error":""},"_links":{"self":[{"href":"https:\/\/www.europesays.com\/es\/wp-json\/wp\/v2\/posts\/279305","targetHints":{"allow":["GET"]}}],"collection":[{"href":"https:\/\/www.europesays.com\/es\/wp-json\/wp\/v2\/posts"}],"about":[{"href":"https:\/\/www.europesays.com\/es\/wp-json\/wp\/v2\/types\/post"}],"author":[{"embeddable":true,"href":"https:\/\/www.europesays.com\/es\/wp-json\/wp\/v2\/users\/2"}],"replies":[{"embeddable":true,"href":"https:\/\/www.europesays.com\/es\/wp-json\/wp\/v2\/comments?post=279305"}],"version-history":[{"count":0,"href":"https:\/\/www.europesays.com\/es\/wp-json\/wp\/v2\/posts\/279305\/revisions"}],"wp:featuredmedia":[{"embeddable":true,"href":"https:\/\/www.europesays.com\/es\/wp-json\/wp\/v2\/media\/279306"}],"wp:attachment":[{"href":"https:\/\/www.europesays.com\/es\/wp-json\/wp\/v2\/media?parent=279305"}],"wp:term":[{"taxonomy":"category","embeddable":true,"href":"https:\/\/www.europesays.com\/es\/wp-json\/wp\/v2\/categories?post=279305"},{"taxonomy":"post_tag","embeddable":true,"href":"https:\/\/www.europesays.com\/es\/wp-json\/wp\/v2\/tags?post=279305"}],"curies":[{"name":"wp","href":"https:\/\/api.w.org\/{rel}","templated":true}]}}