{"id":279307,"date":"2025-12-09T11:21:09","date_gmt":"2025-12-09T11:21:09","guid":{"rendered":"https:\/\/www.europesays.com\/es\/279307\/"},"modified":"2025-12-09T11:21:09","modified_gmt":"2025-12-09T11:21:09","slug":"muere-el-musico-jorge-martinez-alma-indomita-de-ilegales-a-los-70-anos-cultura","status":"publish","type":"post","link":"https:\/\/www.europesays.com\/es\/279307\/","title":{"rendered":"Muere el m\u00fasico Jorge Mart\u00ednez, alma ind\u00f3mita de Ilegales, a los 70 a\u00f1os | Cultura"},"content":{"rendered":"<p class=\"\">Una enfermedad ha tumbado en dos meses y medio a una roca que parec\u00eda indestructible. Jorge Mart\u00ednez, <a href=\"https:\/\/elpais.com\/cultura\/2022-03-01\/jorge-martinez-de-ilegales-en-cuanto-nos-robaron-los-instrumentos-fuimos-a-por-ellos-con-todo-hasta-recuperarlos-con-la-policia-hubiera-sido-imposible.html\" target=\"_self\" rel=\"nofollow noopener\" title=\"https:\/\/elpais.com\/cultura\/2022-03-01\/jorge-martinez-de-ilegales-en-cuanto-nos-robaron-los-instrumentos-fuimos-a-por-ellos-con-todo-hasta-recuperarlos-con-la-policia-hubiera-sido-imposible.html\">alma y car\u00e1cter animal del grupo Ilegales,<\/a> ha muerto a los 70 a\u00f1os. En septiembre anunci\u00f3 que paraba su gira para \u201csometerse a un tratamiento contra un c\u00e1ncer\u201d. <a href=\"https:\/\/elpais.com\/cultura\/2025-09-19\/jorge-martinez-comunica-que-parece-cancer-y-suspende-la-gira-de-ilegales.html\" target=\"_self\" rel=\"nofollow noopener\" title=\"https:\/\/elpais.com\/cultura\/2025-09-19\/jorge-martinez-comunica-que-parece-cancer-y-suspende-la-gira-de-ilegales.html\">Quedaban en el aire una veintena de conciertos<\/a> entre septiembre, octubre, noviembre y diciembre. El grupo presentaba su espl\u00e9ndido disco de 2025, Joven y arrogante, y esperaba retomar la gira tras la mejor\u00eda de su l\u00edder. Pero el c\u00e1ncer, de p\u00e1ncreas, era m\u00e1s agresivo de lo previsto. Llevaba dos semanas en el hospital, los \u00faltimos con grandes dolores. \u201cNo quiero vivir esta parte de mi vida\u201d, dec\u00eda ante el tormento f\u00edsico. Sus amigos se turnaron para pasar la noche con \u00e9l. Roberto Nicieza, exbater\u00eda de Australian Blonde, pas\u00f3 la \u00faltima, la de anoche. \u201cPens\u00f3 en m\u00fasica hasta el final. La \u00faltima vez que hablamos me dijo que hab\u00eda que editar una canci\u00f3n que ten\u00eda inconclusa. Y me cont\u00f3 un sue\u00f1o que hab\u00eda tenido, casi pesadilla para \u00e9l: un concierto suyo que hab\u00eda sonado mal\u201d, cuenta destrozado por tel\u00e9fono Nicieza. <\/p>\n<p>M\u00e1s informaci\u00f3n<\/p>\n<p class=\"\"><a href=\"https:\/\/elpais.com\/cultura\/2025-03-28\/las-15-canciones-que-cambiaron-la-vida-de-jorge-martinez-lider-de-ilegales.html\" target=\"_self\" rel=\"nofollow noopener\" title=\"https:\/\/elpais.com\/cultura\/2025-03-28\/las-15-canciones-que-cambiaron-la-vida-de-jorge-martinez-lider-de-ilegales.html\">Alto, fornido, impetuoso, bocazas, provocador, salvaje,<\/a> inadaptado social. Todo eso era <a href=\"https:\/\/elpais.com\/cultura\/2025-03-28\/las-15-canciones-que-cambiaron-la-vida-de-jorge-martinez-lider-de-ilegales.html\" target=\"_self\" rel=\"nofollow noopener\" title=\"https:\/\/elpais.com\/cultura\/2025-03-28\/las-15-canciones-que-cambiaron-la-vida-de-jorge-martinez-lider-de-ilegales.html\">al que la gente llamaba Jorge Ilegal<\/a>. Tambi\u00e9n fue un gran m\u00fasico, un bicho raro en los ochenta, diestro con su guitarra en una \u00e9poca en la que se alardeaba de amateurismo. Por actitud, pocos tan punk como \u00e9l; por la m\u00fasica, mucho m\u00e1s all\u00e1 del punk. Sus canciones eran contundentes, secas, pero con un sonido cristalino, arrimado a la nueva ola y con un gusto por la melod\u00eda que las alejaba de la ruidosa tropa del punk. Tiempos nuevos, tiempos salvajes; Soy un macarra; \u00a1Hola, mamoncete! o Agotados de esperar el fin, todas de sus dos primeros discos, forman parada ineludible de los mejores temas del pop espa\u00f1ol de los ochenta.<\/p>\n<p class=\"\">\u00daltimamente Mart\u00ednez hablaba con frecuencia de la muerte en las entrevistas. \u201cEst\u00e1 bien platearse de vez en cuando que puedes morir. Yo me lo he planteado, sin miedo, porque soy un indigente en cuesti\u00f3n de miedo\u201d, dec\u00eda. <a href=\"https:\/\/elpais.com\/cultura\/2025-03-28\/las-15-canciones-que-cambiaron-la-vida-de-jorge-martinez-lider-de-ilegales.html\" target=\"_self\" rel=\"nofollow noopener\" title=\"https:\/\/elpais.com\/cultura\/2025-03-28\/las-15-canciones-que-cambiaron-la-vida-de-jorge-martinez-lider-de-ilegales.html\">En marzo de 2025 reflexionaba as\u00ed en EL PA\u00cdS<\/a> al hilo del t\u00edtulo del \u00faltimo disco de Ilegales: \u201cJoven y arrogante [nombre del \u00e1lbum] es una postura inherente al rock and roll. La arrogancia no se deber\u00eda perder nunca. La juventud evidentemente se pierde por una cuesti\u00f3n vital, aunque a m\u00ed todav\u00eda me queda juventud, y tambi\u00e9n me queda arrogancia, por supuesto. Cada concierto de Ilegales es lo que debe ser un concierto de rock: un ejercicio de arrogancia. Yo estoy seguro de que lo que estoy ofertando es algo realmente bueno\u201d. Efectivamente, sus conciertos (muy especialmente los \u00faltimos) eran de una solvencia s\u00f3nica apabullante. <\/p>\n<p class=\"\">Jorge Mart\u00ednez naci\u00f3 en Avil\u00e9s (Asturias) en 1955. Procede de una familia de estirpe noble \u201cvenida a menos\u201d. \u201cNunca nos falt\u00f3 de nada, eso s\u00ed\u201d, informaba. Su padre trabajaba de secretario de Justicia Municipal. La radio se convirti\u00f3 en uno de los mejores entretenimientos de su ni\u00f1ez. Odiaba la copla imperante de la \u00e9poca<a href=\"https:\/\/elpais.com\/cultura\/2025-03-28\/las-15-canciones-que-cambiaron-la-vida-de-jorge-martinez-lider-de-ilegales.html\" target=\"_self\" rel=\"nofollow noopener\" title=\"https:\/\/elpais.com\/cultura\/2025-03-28\/las-15-canciones-que-cambiaron-la-vida-de-jorge-martinez-lider-de-ilegales.html\">, pero el peque\u00f1o Jorge mov\u00eda el dial hasta que surg\u00edan Elvis Presley,<\/a> los Teen Tops, Lone Star y sobre todo Los Bravos. As\u00ed relat\u00f3 a este peri\u00f3dico el impacto que le caus\u00f3 descubrir Black is Black: \u201cEsta es la canci\u00f3n con la que dije: \u2018Quiero dedicarme a la m\u00fasica\u2019. Tendr\u00eda unos 12 a\u00f1os cuando la escuch\u00e9. Me qued\u00e9 impresionado. Ese \u00f3rgano tan bien puesto, y <a href=\"https:\/\/elpais.com\/cultura\/2024-02-18\/la-extraordinaria-vida-de-mike-kennedy-voz-de-los-bravos-y-genuino-rebelde-hasta-hoy.html\" rel=\"nofollow noopener\" target=\"_blank\">esa voz tan potente que ten\u00eda Mike Kennedy.<\/a> Yo estaba en un colegio de esos militarizados de la OJE, y los s\u00e1bados por la noche nos pon\u00edan la tele, un programa de actuaciones. Pero no hab\u00eda el m\u00e1s m\u00ednimo inter\u00e9s por parte de nosotros en ver el programa. Todos nos \u00edbamos a hacer otras cosas. Pero cuando sal\u00edan Los Bravos hab\u00eda una expectaci\u00f3n total\u201d. <\/p>\n<p class=\"\">Cuando Jorge empez\u00f3 a crecer tuvo varios choques frontales con la figura paterna. Todav\u00eda con Franco vivo se sac\u00f3 el carnet de m\u00fasico, obligatorio en aquella \u00e9poca para actuar,<a href=\"https:\/\/elpais.com\/cultura\/2025-03-28\/las-15-canciones-que-cambiaron-la-vida-de-jorge-martinez-lider-de-ilegales.html\" target=\"_self\" rel=\"nofollow noopener\" title=\"https:\/\/elpais.com\/cultura\/2025-03-28\/las-15-canciones-que-cambiaron-la-vida-de-jorge-martinez-lider-de-ilegales.html\"> y comenz\u00f3 a tocar en orquestas. <\/a>Tambi\u00e9n inici\u00f3 la carrera de Derecho, pero no la termin\u00f3. Con 20 a\u00f1os dej\u00f3 la casa familiar. Su primera banda seria, sobre 1977, se llam\u00f3 Madson. Tambi\u00e9n formaba parte de ella su hermano Juan. <a href=\"https:\/\/elpais.com\/cultura\/2025-03-28\/las-15-canciones-que-cambiaron-la-vida-de-jorge-martinez-lider-de-ilegales.html\" target=\"_self\" rel=\"nofollow noopener\" title=\"https:\/\/elpais.com\/cultura\/2025-03-28\/las-15-canciones-que-cambiaron-la-vida-de-jorge-martinez-lider-de-ilegales.html\">Tocaban rock and roll y en las letras ya despuntaba<\/a> su estilo provocador. \u201cNo fumes marihuana ni esa mierda de hash, sabes que la hero\u00edna te coloca m\u00e1s\u201d, dec\u00eda uno de los temas. Madson no solo tocaban m\u00fasica: tambi\u00e9n eran aficionados a las incursiones delictivas, peque\u00f1os hurtos en farmacias y otras tiendas. Era la \u00e9poca de la reconversi\u00f3n industrial en Asturias: <a href=\"https:\/\/elpais.com\/cultura\/2022-03-01\/jorge-martinez-de-ilegales-en-cuanto-nos-robaron-los-instrumentos-fuimos-a-por-ellos-con-todo-hasta-recuperarlos-con-la-policia-hubiera-sido-imposible.html\" target=\"_self\" rel=\"nofollow noopener\" title=\"https:\/\/elpais.com\/cultura\/2022-03-01\/jorge-martinez-de-ilegales-en-cuanto-nos-robaron-los-instrumentos-fuimos-a-por-ellos-con-todo-hasta-recuperarlos-con-la-policia-hubiera-sido-imposible.html\">desempleo, pelotas de goma, peleas entre bandas, drogas.<\/a> Cuando Madson se rompi\u00f3 Jorge fund\u00f3 Los Met\u00e1licos, que a los pocos meses pas\u00f3 a denominarse Ilegales. Antes de ese nombre, Jorge propuso este otro que finalmente desecharon sus compa\u00f1eros: Los Hijos de la Gran Puta.<b> <\/b>As\u00ed se las gastaba.<b> <\/b>Ya hab\u00eda comenzado la d\u00e9cada de los ochenta. <a href=\"https:\/\/elpais.com\/cultura\/2022-03-01\/jorge-martinez-de-ilegales-en-cuanto-nos-robaron-los-instrumentos-fuimos-a-por-ellos-con-todo-hasta-recuperarlos-con-la-policia-hubiera-sido-imposible.html\" target=\"_self\" rel=\"nofollow noopener\" title=\"https:\/\/elpais.com\/cultura\/2022-03-01\/jorge-martinez-de-ilegales-en-cuanto-nos-robaron-los-instrumentos-fuimos-a-por-ellos-con-todo-hasta-recuperarlos-con-la-policia-hubiera-sido-imposible.html\">Era la \u00e9poca en la que Jorge vest\u00eda de mod<\/a> e iba siempre por Gij\u00f3n con un palo de hockey, que utilizaba sin miramientos en las frecuentes peleas en las que se met\u00eda. <\/p>\n<p>Jorge Mart\u00ednez en un concierto de Ilegales en el festival Noches del Bot\u00e1nico, en junio de 2023. Foto: Europa Press News (Europa Press via Getty Images) | V\u00eddeo: El Faro Cadena SER<\/p>\n<p class=\"\">Un actor inesperado se cruz\u00f3 entonces en el camino del joven airado: el cantautor V\u00edctor Manuel, tambi\u00e9n asturiano. Con las canciones del primer disco grabadas, ninguna discogr\u00e1ficas se atrev\u00eda a editarlas. V\u00edctor Manuel, una estrella en aquella \u00e9poca, trabajaba para la Sociedad Fonogr\u00e1fica Asturiana. Le lleg\u00f3 la maqueta de Ilegales y tuvo claro que <a href=\"https:\/\/elpais.com\/cultura\/2022-03-01\/jorge-martinez-de-ilegales-en-cuanto-nos-robaron-los-instrumentos-fuimos-a-por-ellos-con-todo-hasta-recuperarlos-con-la-policia-hubiera-sido-imposible.html\" target=\"_self\" rel=\"nofollow noopener\" title=\"https:\/\/elpais.com\/cultura\/2022-03-01\/jorge-martinez-de-ilegales-en-cuanto-nos-robaron-los-instrumentos-fuimos-a-por-ellos-con-todo-hasta-recuperarlos-con-la-policia-hubiera-sido-imposible.html\">aquella bestialidad de sus paisanos merec\u00eda ser publicada.<\/a> Intercedi\u00f3 con la potente CBS y el primer disco de Ilegales se public\u00f3 en 1982. <\/p>\n<p class=\"\">Despach\u00f3 200.000 unidades, una cifra estratosf\u00e9rica para un debut. Son canciones rocosas, nueva ola expeditiva y coreable, gamberradas como \u00a1Heil Hitler! \u201cTiempos nuevos, tiempos salvajes. \/ Toma un arma, eso te salvar\u00e1\u201d, proclamaban en el tema titular. Est\u00e9ticamente tambi\u00e9n abrumaban: tres tipos liderados por un armario de casi 1,90 con evidentes problemas de alopecia, cantando bravuconadas y tocando la guitarra con el volumen al diez con los ojos a punto de estallar. Ellos mismos definieron su estilo como \u201cm\u00fasica peligrosa\u201d. Eran diferentes: trituraban el festivo concepto pop del momento y resultaban demasiado dotados instrumentalmente para alinearse con el punk. Sacaban un amplio partido al minimalista bater\u00eda\/bajo\/guitarra. Adem\u00e1s, no hab\u00eda nadie<a href=\"https:\/\/elpais.com\/cultura\/2022-03-01\/jorge-martinez-de-ilegales-en-cuanto-nos-robaron-los-instrumentos-fuimos-a-por-ellos-con-todo-hasta-recuperarlos-con-la-policia-hubiera-sido-imposible.html\" target=\"_self\" rel=\"nofollow noopener\" title=\"https:\/\/elpais.com\/cultura\/2022-03-01\/jorge-martinez-de-ilegales-en-cuanto-nos-robaron-los-instrumentos-fuimos-a-por-ellos-con-todo-hasta-recuperarlos-con-la-policia-hubiera-sido-imposible.html\"> con la arrolladora e intimidante personalidad de Jorge Mart\u00ednez.<\/a> Y ven\u00edan de Asturias, donde la industria musical no hac\u00eda parada. Iban, en definitiva, por otro carril. <\/p>\n<p class=\"\">En el documental sobre el grupo, Mi vida entre las hormigas (2017), en tr\u00edo se\u00f1ala sin ambages: \u201cLa violencia en Ilegales era algo natural. Formaba parte del proyecto\u201d. <a href=\"https:\/\/elpais.com\/cultura\/2022-03-01\/jorge-martinez-de-ilegales-en-cuanto-nos-robaron-los-instrumentos-fuimos-a-por-ellos-con-todo-hasta-recuperarlos-con-la-policia-hubiera-sido-imposible.html\" target=\"_self\" rel=\"nofollow noopener\" title=\"https:\/\/elpais.com\/cultura\/2022-03-01\/jorge-martinez-de-ilegales-en-cuanto-nos-robaron-los-instrumentos-fuimos-a-por-ellos-con-todo-hasta-recuperarlos-con-la-policia-hubiera-sido-imposible.html\">Eran frecuentes las broncas en los conciertos.<\/a> Cualquier circunstancia pod\u00eda producir una buena tangana. Si los punks escup\u00edan al escenario (algo habitual en la \u00e9poca), Jorge se lanzaba al p\u00fablico y se liaba a mamporros; si alguien pon\u00eda en duda su calidad musical en un garito, ah\u00ed asomaba el stick del cabecilla del grupo. Dec\u00eda que era imposible ser honesto sin hacerse enemigos: \u201c\u00bfLe caemos mal a usted? Pues estoy encantado de que usted sea mi enemigo, porque es usted un cretino\u201d.<\/p>\n<p class=\"\">El segundo disco, Agotados de esperar el fin (1984), acrecent\u00f3 la fama del tr\u00edo. All\u00ed se inclu\u00eda Soy un macarra, un tema en el que no confiaban y que incluyeron a \u00faltima hora porque el disco se quedaba corto. A la postre, esa canci\u00f3n y esos versos (\u201csoy un macarra, soy un hortera y voy a toda hostia por la carretera\u201d) resultaron ser los m\u00e1s populares de su carrera. <a href=\"https:\/\/elpais.com\/cultura\/2022-03-01\/jorge-martinez-de-ilegales-en-cuanto-nos-robaron-los-instrumentos-fuimos-a-por-ellos-con-todo-hasta-recuperarlos-con-la-policia-hubiera-sido-imposible.html\" target=\"_self\" rel=\"nofollow noopener\" title=\"https:\/\/elpais.com\/cultura\/2022-03-01\/jorge-martinez-de-ilegales-en-cuanto-nos-robaron-los-instrumentos-fuimos-a-por-ellos-con-todo-hasta-recuperarlos-con-la-policia-hubiera-sido-imposible.html\">En estos primeros a\u00f1os Ilegales amasaron dinero y se lo gastaron<\/a> seg\u00fan llegaba. La hero\u00edna consumi\u00f3 a alguno de los miembros y Jorge debi\u00f3 reformar el grupo en varios momentos, pasando en algunas ocasiones a quinteto. <\/p>\n<p class=\"\">En los noventa Jorge se convirti\u00f3 en un recurso para ambientar las tertulias televisivas. \u00c9l se dejaba utilizar y los programadores babeaban cuando le ve\u00edan decir barbaridades: la audiencia sub\u00eda. Trascendieron casi m\u00e1s sus exabruptos en los medios que su m\u00fasica. Existe calidad en sus \u00e1lbumes de los noventa, pero va perdiendo frescura por una tendencia a la autoindulgencia. A pesar de que muchas veces <a href=\"https:\/\/elpais.com\/cultura\/2022-03-01\/jorge-martinez-de-ilegales-en-cuanto-nos-robaron-los-instrumentos-fuimos-a-por-ellos-con-todo-hasta-recuperarlos-con-la-policia-hubiera-sido-imposible.html\" target=\"_self\" rel=\"nofollow noopener\" title=\"https:\/\/elpais.com\/cultura\/2022-03-01\/jorge-martinez-de-ilegales-en-cuanto-nos-robaron-los-instrumentos-fuimos-a-por-ellos-con-todo-hasta-recuperarlos-con-la-policia-hubiera-sido-imposible.html\">su excesivo personaje abrumaba a los interlocutores,<\/a> los que le conocieron bien destacan un lado tierno que ocultaba cuando se transformaba en Jorge Ilegal. Adem\u00e1s de sus estacadas s\u00f3nicas pod\u00eda componer canciones realmente delicadas, como Las rosas trepadoras asesinas, Hoy no hay sonrisas o Luminoso viento nocturno, esta \u00faltima de este mismo 2025. <\/p>\n<p class=\"\">En 2010 Ilegales anunci\u00f3 una gira de despedida. \u00bfSe iba a quedar parado este hombre inquieto? No: mont\u00f3 inmediatamente Jorge Ilegal y los Magn\u00edficos, un delicioso recorrido por los ritmos latinos de los a\u00f1os treinta, cuarenta y cincuenta. Pero, como no pod\u00eda ser de otra forma, <a href=\"https:\/\/elpais.com\/cultura\/2022-03-01\/jorge-martinez-de-ilegales-en-cuanto-nos-robaron-los-instrumentos-fuimos-a-por-ellos-con-todo-hasta-recuperarlos-con-la-policia-hubiera-sido-imposible.html\" target=\"_self\" rel=\"nofollow noopener\" title=\"https:\/\/elpais.com\/cultura\/2022-03-01\/jorge-martinez-de-ilegales-en-cuanto-nos-robaron-los-instrumentos-fuimos-a-por-ellos-con-todo-hasta-recuperarlos-con-la-policia-hubiera-sido-imposible.html\">Ilegales regres\u00f3 por aclamaci\u00f3n popular <\/a>en unos \u00faltimos a\u00f1os de reivindicaci\u00f3n y de buenos discos, como el citado Joven y arrogante. <\/p>\n<p class=\"\"><a href=\"https:\/\/elpais.com\/cultura\/2025-03-28\/las-15-canciones-que-cambiaron-la-vida-de-jorge-martinez-lider-de-ilegales.html\" target=\"_self\" rel=\"nofollow noopener\" title=\"https:\/\/elpais.com\/cultura\/2025-03-28\/las-15-canciones-que-cambiaron-la-vida-de-jorge-martinez-lider-de-ilegales.html\">Coleccionista compulsivo de soldaditos de plomo <\/a>(ten\u00eda una colecci\u00f3n impresionante) dec\u00eda disfrutar viviendo solo. No tuvo hijos. Cuando se pon\u00eda nost\u00e1lgico hablaba de aquella novia que cay\u00f3 en la red de la hero\u00edna. \u201cPienso todos los d\u00edas en ella\u201d, a\u00f1onaba<a href=\"https:\/\/elpais.com\/cultura\/2025-03-28\/las-15-canciones-que-cambiaron-la-vida-de-jorge-martinez-lider-de-ilegales.html\" target=\"_self\" rel=\"nofollow noopener\" title=\"https:\/\/elpais.com\/cultura\/2025-03-28\/las-15-canciones-que-cambiaron-la-vida-de-jorge-martinez-lider-de-ilegales.html\">. Los encuentros que tuvo con este periodista <\/a>siempre resultaron revitalizadores. Jorge contagiaba entusiasmo. Disfrutaba escenificando c\u00f3mo sonaba ese modelo de guitarra Fender que se hab\u00eda comprado (\u201csuena\u2026 guauuuu\u201d) y aunque con el tiempo atemper\u00f3 su lado animal, siempre soltaba alguna burrada que hasta daba reparo publicar. As\u00ed se le quer\u00eda a Jorge Ilegal. Vivi\u00f3 como clam\u00f3 en uno de sus dichos: \u201cAntes morir que perder la vida. El momento es ya\u201d. <\/p>\n","protected":false},"excerpt":{"rendered":"Una enfermedad ha tumbado en dos meses y medio a una roca que parec\u00eda indestructible. Jorge Mart\u00ednez, alma&hellip;\n","protected":false},"author":2,"featured_media":279308,"comment_status":"","ping_status":"","sticky":false,"template":"","format":"standard","meta":{"footnotes":""},"categories":[91],"tags":[1066,209,146,147,25,24,55672,49555,25357,185,724,15910,1273,23],"class_list":{"0":"post-279307","1":"post","2":"type-post","3":"status-publish","4":"format-standard","5":"has-post-thumbnail","7":"category-entretenimiento","8":"tag-cancer","9":"tag-cultura","10":"tag-entertainment","11":"tag-entretenimiento","12":"tag-es","13":"tag-espana","14":"tag-ilegales-grupo-musica","15":"tag-jorge-martinez","16":"tag-movida-madrilena","17":"tag-musica","18":"tag-obituarios","19":"tag-punk","20":"tag-rock","21":"tag-spain"},"share_on_mastodon":{"url":"https:\/\/pubeurope.com\/@es\/115689349844382916","error":""},"_links":{"self":[{"href":"https:\/\/www.europesays.com\/es\/wp-json\/wp\/v2\/posts\/279307","targetHints":{"allow":["GET"]}}],"collection":[{"href":"https:\/\/www.europesays.com\/es\/wp-json\/wp\/v2\/posts"}],"about":[{"href":"https:\/\/www.europesays.com\/es\/wp-json\/wp\/v2\/types\/post"}],"author":[{"embeddable":true,"href":"https:\/\/www.europesays.com\/es\/wp-json\/wp\/v2\/users\/2"}],"replies":[{"embeddable":true,"href":"https:\/\/www.europesays.com\/es\/wp-json\/wp\/v2\/comments?post=279307"}],"version-history":[{"count":0,"href":"https:\/\/www.europesays.com\/es\/wp-json\/wp\/v2\/posts\/279307\/revisions"}],"wp:featuredmedia":[{"embeddable":true,"href":"https:\/\/www.europesays.com\/es\/wp-json\/wp\/v2\/media\/279308"}],"wp:attachment":[{"href":"https:\/\/www.europesays.com\/es\/wp-json\/wp\/v2\/media?parent=279307"}],"wp:term":[{"taxonomy":"category","embeddable":true,"href":"https:\/\/www.europesays.com\/es\/wp-json\/wp\/v2\/categories?post=279307"},{"taxonomy":"post_tag","embeddable":true,"href":"https:\/\/www.europesays.com\/es\/wp-json\/wp\/v2\/tags?post=279307"}],"curies":[{"name":"wp","href":"https:\/\/api.w.org\/{rel}","templated":true}]}}