{"id":279311,"date":"2025-12-09T11:23:16","date_gmt":"2025-12-09T11:23:16","guid":{"rendered":"https:\/\/www.europesays.com\/es\/279311\/"},"modified":"2025-12-09T11:23:16","modified_gmt":"2025-12-09T11:23:16","slug":"signus-refuerza-el-reciclaje-de-neumaticos-y-ajusta-la-tarifa-ecovalor-para-asegurar-la-sostenibilidad-en-2026","status":"publish","type":"post","link":"https:\/\/www.europesays.com\/es\/279311\/","title":{"rendered":"SIGNUS refuerza el reciclaje de neum\u00e1ticos y ajusta la tarifa ecovalor para asegurar la sostenibilidad en 2026"},"content":{"rendered":"<p>Durante su tradicional <strong data-end=\"822\" data-start=\"794\">desayuno con periodistas<\/strong>, <strong><a href=\"https:\/\/www.signus.es\/es\/\" rel=\"noopener nofollow\" target=\"_blank\">SIGNUS<\/a><\/strong> adelant\u00f3 los <strong data-end=\"885\" data-start=\"844\">datos preliminares del ejercicio 2025<\/strong>, explic\u00f3 el <strong data-end=\"932\" data-start=\"898\">impacto del nuevo real decreto<\/strong> en la gesti\u00f3n de los <strong data-end=\"1000\" data-start=\"954\">neum\u00e1ticos al final de su vida \u00fatil (NFVU)<\/strong> y anunci\u00f3 el <strong data-end=\"1046\" data-start=\"1014\">ajuste de la tarifa ecovalor<\/strong> que se aplicar\u00e1 en 2026 para garantizar la viabilidad del sistema. En este encuentro tambi\u00e9n se comunic\u00f3 el reciente nombramiento de <strong data-end=\"1198\" data-start=\"1180\">Daniel Camacho<\/strong>, <strong data-end=\"1248\" data-start=\"1200\">Head of Region South West Bridgestone Europe<\/strong>, como <strong data-end=\"1316\" data-start=\"1255\">presidente de la entidad en representaci\u00f3n de su compa\u00f1\u00eda<\/strong>.<\/p>\n<p>En Madrid, este\u00a0<strong data-end=\"1361\" data-start=\"1334\">9 de diciembre de 2025<\/strong>, la organizaci\u00f3n present\u00f3 los principales temas que marcar\u00e1n la agenda del sector: <strong data-end=\"1499\" data-start=\"1445\">los datos de gesti\u00f3n de 2025 \u2014a\u00fan no consolidados\u2014<\/strong>, las <strong data-end=\"1541\" data-start=\"1505\">novedades del nuevo real decreto<\/strong> que regula la gesti\u00f3n de los NFVU, los <strong data-end=\"1612\" data-start=\"1581\">retos y proyectos para 2026<\/strong> y las <strong data-end=\"1639\" data-is-only-node=\"\" data-start=\"1619\">tarifas ecovalor<\/strong> previstas para afrontar la gesti\u00f3n de los neum\u00e1ticos al final de su vida \u00fatil durante el pr\u00f3ximo a\u00f1o.<\/p>\n<p><img decoding=\"async\" alt=\"Residuos-circularidad-retema.jpg\" data-entity-type=\"file\" data-entity-uuid=\"0456f6a5-e6e7-4154-a802-53a9c0f2eeb3\" src=\"https:\/\/www.europesays.com\/es\/wp-content\/uploads\/2025\/12\/IMG_9727.jpeg\" width=\"4032\" height=\"3024\" loading=\"lazy\"\/><\/p>\n<p data-end=\"2590\" data-start=\"1823\">En relaci\u00f3n con la nueva regulaci\u00f3n, se subrayaron varias novedades que incidir\u00e1n positivamente en la gesti\u00f3n de los NFVU. Entre ellas, SIGNUS destac\u00f3 <strong data-end=\"2079\" data-start=\"1974\">la simplificaci\u00f3n administrativa con un modelo de autorizaci\u00f3n \u00fanica para todo el territorio nacional<\/strong>, la <strong data-end=\"2141\" data-start=\"2084\">ecomodulaci\u00f3n\u00a0<\/strong>en la fijaci\u00f3n de los costes de gesti\u00f3n, una mayor participaci\u00f3n de los productores en el funcionamiento del sistema y el fomento de la prevenci\u00f3n y el reciclaje.<\/p>\n<p data-end=\"2590\" data-start=\"1823\">Adem\u00e1s, el nuevo marco normativo define <strong data-end=\"2366\" data-start=\"2315\">objetivos espec\u00edficos para el periodo 2025-2035<\/strong>, con especial \u00e9nfasis en <strong data-end=\"2453\" data-start=\"2392\">un incremento del reciclado y de la valorizaci\u00f3n material<\/strong>, estableciendo una l\u00ednea clara hacia m\u00e1s reciclaje y valorizaci\u00f3n material como prioridad de la pol\u00edtica ambiental en este \u00e1mbito.<\/p>\n<p data-end=\"2674\" data-start=\"2591\">\u00a0<\/p>\n<blockquote>\n<p data-end=\"2674\" data-start=\"2591\">\u201cSIGNUS se ha propuesto evolucionar hacia un modelo basado en la democratizaci\u00f3n con el objetivo de dar cumplimento al nuevo Real Decreto de NFVU. Todos los productores deben poder participar en el modelo y formar parte de los \u00f3rganos de gesti\u00f3n\u201c &#8211; Carlos Prieto, director general de SIGNUS<\/p>\n<\/blockquote>\n<p>\u00a0<\/p>\n<p><strong>Incremento de toneladas gestionadas\u00a0<\/strong><\/p>\n<p data-end=\"3490\" data-start=\"2675\">Desde la perspectiva de los vol\u00famenes gestionados, el director general de Signus, <strong data-end=\"2774\" data-start=\"2757\">Carlos Prieto<\/strong>, adelant\u00f3 que, previsiblemente, <strong data-end=\"2871\" data-start=\"2807\">la entidad gestionar\u00e1 en 2025 alrededor de 220.000 toneladas<\/strong>, lo que supone <strong data-end=\"2937\" data-start=\"2887\">un 6,1 % m\u00e1s de la responsabilidad del sistema<\/strong>, traducido en <strong data-end=\"2989\" data-start=\"2952\">unas 10.000 toneladas adicionales<\/strong>.<\/p>\n<p data-end=\"3490\" data-start=\"2675\">Este <strong data-end=\"3020\" data-start=\"2998\">exceso de recogida<\/strong> se atribuye principalmente a <strong data-end=\"3115\" data-start=\"3050\">importaciones y adquisiciones intracomunitarias no declaradas<\/strong>, as\u00ed como a <strong data-end=\"3247\" data-start=\"3128\">neum\u00e1ticos de segunda mano que Centros Autorizados de Tratamiento (CAT-Desguaces) ponen en el mercado de reposici\u00f3n<\/strong>. Por este motivo, SIGNUS <strong data-end=\"3356\" data-start=\"3273\">solicita un mayor control e inspecci\u00f3n por parte de las autoridades competentes<\/strong>, una demanda que ya se contempla en el <strong data-end=\"3418\" data-start=\"3396\">nuevo real decreto<\/strong> como elemento clave para reforzar la transparencia y la trazabilidad.<\/p>\n<p>\u00a0<br \/>\n<strong>Ajuste de la tarifa Ecovalor para garantizar la sostenibilidad\u00a0<\/strong><\/p>\n<p data-end=\"4469\" data-start=\"3571\">En el an\u00e1lisis econ\u00f3mico y operativo, la nueva regulaci\u00f3n establece <strong data-end=\"3705\" data-start=\"3639\">un incremento gradual del reciclado y la valorizaci\u00f3n material<\/strong>, con el objetivo de <strong data-end=\"3754\" data-start=\"3726\">alcanzar el 65 % en 2035<\/strong>. Este horizonte implica <strong data-end=\"3851\" data-start=\"3779\">mayores costes de gesti\u00f3n de los neum\u00e1ticos al final de su vida \u00fatil<\/strong>, especialmente si se considera el <strong data-end=\"3956\" data-start=\"3886\">desajuste entre las toneladas que es necesario recoger y gestionar<\/strong> y las <strong data-end=\"4017\" data-start=\"3963\">declaraciones de las empresas adheridas al sistema<\/strong>.<\/p>\n<p data-end=\"4469\" data-start=\"3571\">Como consecuencia, SIGNUS plantea <strong data-end=\"4090\" data-start=\"4055\">un ajuste de la tarifa Ecovalor<\/strong> con el objetivo de <strong data-end=\"4154\" data-start=\"4110\">garantizar la sostenibilidad del sistema<\/strong> y asegurar la <strong data-end=\"4242\" data-start=\"4169\">correcta gesti\u00f3n ambiental de los neum\u00e1ticos al final de su vida \u00fatil<\/strong>, en coherencia con lo que se\u00f1ala la propia regulaci\u00f3n. Esta medida se presenta como imprescindible para <strong data-end=\"4396\" data-start=\"4347\">mantener un modelo econ\u00f3micamente equilibrado<\/strong> y compatible con los <strong data-end=\"4466\" data-start=\"4418\">nuevos objetivos de reciclaje y valorizaci\u00f3n<\/strong>.<\/p>\n<p>\u00a0<br \/>\n<strong>Proyectos t\u00e9cnicos y de innovaci\u00f3n<\/strong><\/p>\n<p data-end=\"6173\" data-start=\"4564\">Desde la <strong data-end=\"4594\" data-start=\"4573\">Direcci\u00f3n T\u00e9cnica<\/strong> se compartieron los resultados de los <strong data-end=\"4680\" data-start=\"4633\">principales proyectos desarrollados en 2025<\/strong>, con especial foco en la <strong data-end=\"4749\" data-start=\"4706\">innovaci\u00f3n aplicada al caucho reciclado<\/strong>. Entre las iniciativas destacadas se encuentra la <strong data-end=\"4875\" data-start=\"4800\">Gu\u00eda sobre Materiales Circulares con Neum\u00e1tico Reciclado en Edificaci\u00f3n<\/strong>, concebida como <strong data-end=\"4915\" data-start=\"4892\">herramienta t\u00e9cnica<\/strong> para incorporar <strong data-end=\"5009\" data-start=\"4932\">materiales reciclados y de alto valor a\u00f1adido en soluciones constructivas<\/strong>.<\/p>\n<p data-end=\"6173\" data-start=\"4564\">Asimismo, se present\u00f3 la <strong data-end=\"5101\" data-start=\"5038\">evaluaci\u00f3n de las tecnolog\u00edas de los proyectos de pir\u00f3lisis<\/strong>, tanto de <strong data-end=\"5134\" data-start=\"5112\">la fracci\u00f3n caucho<\/strong> como de <strong data-end=\"5165\" data-start=\"5143\">la fracci\u00f3n textil<\/strong> contenidas en el NFVU, con el fin de determinar su <strong data-end=\"5251\" data-start=\"5217\">viabilidad t\u00e9cnica y ambiental<\/strong> en nuevos procesos de valorizaci\u00f3n.<\/p>\n<p data-end=\"6173\" data-start=\"4564\">En el \u00e1mbito de los desarrollos de producto, se expusieron los \u00faltimos avances del <strong data-end=\"5393\" data-start=\"5373\">Proyecto GREENFU<\/strong>, centrado en el <strong data-end=\"5500\" data-start=\"5410\">desarrollo de materiales formados por un termopl\u00e1stico y polvo de caucho de neum\u00e1ticos<\/strong>, con aplicaciones en sectores como <strong data-end=\"5570\" data-start=\"5536\">la automoci\u00f3n y la edificaci\u00f3n<\/strong>. Paralelamente, se destacaron los progresos del <strong data-end=\"5639\" data-start=\"5619\">Proyecto PERSEUS<\/strong>, financiado por el <strong data-end=\"5667\" data-start=\"5659\">CDTI<\/strong>, cuyo objetivo principal es <strong data-end=\"5806\" data-start=\"5696\">dise\u00f1ar un pavimento seguro y duradero que permita reducir las emisiones de ruido generadas por el tr\u00e1fico<\/strong>.<\/p>\n<p data-end=\"6173\" data-start=\"4564\">De cara a 2026, SIGNUS anunci\u00f3 que, adem\u00e1s de <strong data-end=\"5898\" data-start=\"5856\">consolidar las aplicaciones existentes<\/strong>, el foco se situar\u00e1 en <strong data-end=\"5959\" data-start=\"5922\">los pavimentos urbanos con caucho<\/strong> y en <strong data-end=\"6075\" data-start=\"5965\">estudiar la viabilidad de fabricar hormigones con caucho procedente de neum\u00e1ticos al final de su vida \u00fatil<\/strong>, abriendo nuevas oportunidades de <strong data-end=\"6170\" data-start=\"6110\">aplicaci\u00f3n en infraestructuras y construcci\u00f3n sostenible<\/strong>.<\/p>\n<p data-end=\"6502\" data-start=\"6218\">En el plano de la organizaci\u00f3n y el modelo de gobernanza, la entidad remarc\u00f3 su voluntad de <strong data-end=\"6365\" data-start=\"6310\">avanzar hacia una mayor democratizaci\u00f3n del sistema<\/strong>, dando cabida a <strong data-end=\"6407\" data-start=\"6382\">todos los productores<\/strong> en los \u00f3rganos de decisi\u00f3n, en l\u00ednea con el nuevo marco regulatorio de los NFVU.<\/p>\n","protected":false},"excerpt":{"rendered":"Durante su tradicional desayuno con periodistas, SIGNUS adelant\u00f3 los datos preliminares del ejercicio 2025, explic\u00f3 el impacto del&hellip;\n","protected":false},"author":2,"featured_media":279312,"comment_status":"","ping_status":"","sticky":false,"template":"","format":"standard","meta":{"footnotes":""},"categories":[80],"tags":[517,5051,82,16341,95,94,15558,2308,25,24,4806,2893,13583,10,1925,16340,4286,7788,16342,23],"class_list":{"0":"post-279311","1":"post","2":"type-post","3":"status-publish","4":"format-standard","5":"has-post-thumbnail","7":"category-economia","8":"tag-actualidad","9":"tag-agua","10":"tag-business","11":"tag-clima","12":"tag-economia","13":"tag-economy","14":"tag-emisiones","15":"tag-empresas","16":"tag-es","17":"tag-espana","18":"tag-eventos","19":"tag-industria","20":"tag-medioambiente","21":"tag-noticias","22":"tag-opinion","23":"tag-podcasts","24":"tag-reportajes","25":"tag-residuos","26":"tag-sostenibilidad","27":"tag-spain"},"share_on_mastodon":{"url":"https:\/\/pubeurope.com\/@es\/115689357812377979","error":""},"_links":{"self":[{"href":"https:\/\/www.europesays.com\/es\/wp-json\/wp\/v2\/posts\/279311","targetHints":{"allow":["GET"]}}],"collection":[{"href":"https:\/\/www.europesays.com\/es\/wp-json\/wp\/v2\/posts"}],"about":[{"href":"https:\/\/www.europesays.com\/es\/wp-json\/wp\/v2\/types\/post"}],"author":[{"embeddable":true,"href":"https:\/\/www.europesays.com\/es\/wp-json\/wp\/v2\/users\/2"}],"replies":[{"embeddable":true,"href":"https:\/\/www.europesays.com\/es\/wp-json\/wp\/v2\/comments?post=279311"}],"version-history":[{"count":0,"href":"https:\/\/www.europesays.com\/es\/wp-json\/wp\/v2\/posts\/279311\/revisions"}],"wp:featuredmedia":[{"embeddable":true,"href":"https:\/\/www.europesays.com\/es\/wp-json\/wp\/v2\/media\/279312"}],"wp:attachment":[{"href":"https:\/\/www.europesays.com\/es\/wp-json\/wp\/v2\/media?parent=279311"}],"wp:term":[{"taxonomy":"category","embeddable":true,"href":"https:\/\/www.europesays.com\/es\/wp-json\/wp\/v2\/categories?post=279311"},{"taxonomy":"post_tag","embeddable":true,"href":"https:\/\/www.europesays.com\/es\/wp-json\/wp\/v2\/tags?post=279311"}],"curies":[{"name":"wp","href":"https:\/\/api.w.org\/{rel}","templated":true}]}}