{"id":279313,"date":"2025-12-09T11:24:11","date_gmt":"2025-12-09T11:24:11","guid":{"rendered":"https:\/\/www.europesays.com\/es\/279313\/"},"modified":"2025-12-09T11:24:11","modified_gmt":"2025-12-09T11:24:11","slug":"lituania-declara-el-estado-de-emergencia-por-las-incursiones-de-globos-procedentes-de-bielorrusia","status":"publish","type":"post","link":"https:\/\/www.europesays.com\/es\/279313\/","title":{"rendered":"Lituania declara el estado de emergencia por las incursiones de globos procedentes de Bielorrusia"},"content":{"rendered":"<p>\n         Publicado<br \/>\n            09\/12\/2025 &#8211; 11:45 CET\n            <\/p>\n<p>El Gobierno de Lituania declar\u00f3 el martes el estado de emergencia por los riesgos de seguridad que plantean <strong>los globos de contrabando<\/strong> procedentes de Bielorrusia que han violado su espacio a\u00e9reo en las \u00faltimas semanas.<\/p>\n<p>Las tensiones entre Vilna y Minsk han aumentado despu\u00e9s de que globos meteorol\u00f3gicos procedentes de Bielorrusia obligaran a la vecina Lituania<a href=\"https:\/\/es.euronews.com\/2025\/10\/07\/globos-con-cigarrillos-de-contrabando-obligan-a-cerrar-el-aeropuerto-de-vilna-en-lituania\" rel=\"nofollow noopener\" target=\"_blank\"> a cerrar repetidamente su principal aeropuerto<\/a> en las \u00faltimas semanas, <strong>dejando a miles de personas varadas<\/strong>.<\/p>\n<p>Aunque los globos <strong>se utilizan para introducir cigarrillos de contrabando<\/strong> en Lituania, las autoridades del pa\u00eds b\u00e1ltico afirman que, adem\u00e1s, se tratan de actos deliberados de perturbaci\u00f3n orquestados por Bielorrusia, aliada de Rusia.<\/p>\n<p>Al anunciar el estado de excepci\u00f3n, el Gobierno lituano <strong>cit\u00f3 \u00abintereses de seguridad nacional\u00bb<\/strong> y la amenaza que suponen los globos para la vida humana, la propiedad y el medio ambiente.<\/p>\n<p>La decisi\u00f3n se adopt\u00f3 tras una reuni\u00f3n del Gabinete del pa\u00eds, miembro de la UE y de la OTAN y <strong>firme defensor de Ucrania<\/strong> en su lucha contra la invasi\u00f3n rusa a gran escala, que en breve cumplir\u00e1 su cuarto a\u00f1o.<\/p>\n<p>\u00abLa emergencia se declar\u00f3 debido a las perturbaciones de la aviaci\u00f3n civil y por motivos de seguridad nacional\u00bb, declar\u00f3 en la reuni\u00f3n el ministro del Interior, <strong>Vladislavas Kondratovi\u010dius<\/strong>.<\/p>\n<p>Kondratovi\u010dius dijo que el Gobierno ha pedido al Parlamento que permita a los militares trabajar junto con la <strong>Polic\u00eda, la Guardia de Fronteras y los funcionarios de seguridad<\/strong> durante el estado de emergencia. No estaba claro cu\u00e1nto durar\u00eda la situaci\u00f3n.<\/p>\n<p>El mes pasado, la primera ministra lituana, <strong>Inga Rugienen\u0117<\/strong>, afirm\u00f3 que los incidentes con globos eran <strong>una forma de \u00abataque h\u00edbrido\u00bb<\/strong>, y advirti\u00f3 de que la amenaza iba en aumento tras <a href=\"https:\/\/es.euronews.com\/2025\/11\/25\/bielorrusia-vuelve-a-introducir-tabaco-en-los-balticos-mediante-globos\" rel=\"nofollow noopener\" target=\"_blank\">las incursiones ocurridas en Letonia<\/a>.<\/p>\n<p>A finales de octubre, Lituania <a href=\"https:\/\/es.euronews.com\/2025\/10\/27\/lituania-cierra-frontera-bielorrusia-incursiones-globos-contrabando\" rel=\"nofollow noopener\" target=\"_blank\">cerr\u00f3 su frontera con su Bielorrusia<\/a> durante varias semanas debido a la incursi\u00f3n de globos aerost\u00e1ticos. Vilna considera que los globos de contrabando forman parte de una campa\u00f1a contra el pa\u00eds. Minsk ha servido anteriormente de escenario para la guerra h\u00edbrida, <strong>acusada de empujar a miles de aspirantes a solicitantes de asilo<\/strong> a trav\u00e9s de las fronteras polaca y lituana.<\/p>\n<p>Minsk ha negado ser responsable de los globos. A principios de noviembre, el Presidente bielorruso, <strong>Aleksandr Lukashenko<\/strong>, denunci\u00f3 que la medida de Lituania de cerrar la frontera era una \u00abestafa demencial\u00bb. <\/p>\n<p>Europa est\u00e1 en alerta m\u00e1xima tras <a href=\"https:\/\/es.euronews.com\/2025\/09\/23\/la-otan-advierte-a-rusia-de-que-se-defendera-de-las-violaciones-del-espacio-aereo\" rel=\"nofollow noopener\" target=\"_blank\">las intrusiones de drones en el espacio a\u00e9reo de la OTAN<\/a>, que alcanzaron una escala sin precedentes en septiembre. La semana pasada, la presidenta de la Comisi\u00f3n Europea, <strong>Ursula von der Leyen<\/strong>, <a href=\"https:\/\/x.com\/vonderleyen\/status\/1995534904302489846\" target=\"_blank\" rel=\"noreferrer nofollow\">calific\u00f3<\/a> las incursiones de Bielorrusia de \u00abtotalmente inaceptables\u00bb y dijo que la UE estaba preparando nuevas medidas contra Minsk, en el marco de su r\u00e9gimen de sanciones.<\/p>\n<p>Fuentes adicionales<strong> \u2022 AP<\/strong><\/p>\n","protected":false},"excerpt":{"rendered":"Publicado 09\/12\/2025 &#8211; 11:45 CET El Gobierno de Lituania declar\u00f3 el martes el estado de emergencia por los&hellip;\n","protected":false},"author":2,"featured_media":279314,"comment_status":"","ping_status":"","sticky":false,"template":"","format":"standard","meta":{"footnotes":""},"categories":[42],"tags":[44127,31499,17,18,13,14,7419,11,61,62,63,64,19,20,14551,9,10,15,16,67826,1614,12,21,22,65,66,67],"class_list":{"0":"post-279313","1":"post","2":"type-post","3":"status-publish","4":"format-standard","5":"has-post-thumbnail","7":"category-internacional","8":"tag-ataque-hibrido","9":"tag-bielorrusia","10":"tag-breaking-news","11":"tag-breakingnews","12":"tag-featured-news","13":"tag-featurednews","14":"tag-guerra-en-ucrania","15":"tag-headlines","16":"tag-internacional","17":"tag-international","18":"tag-international-news","19":"tag-internationalnews","20":"tag-latest-news","21":"tag-latestnews","22":"tag-lituania","23":"tag-news","24":"tag-noticias","25":"tag-noticias-destacadas","26":"tag-noticiasdestacadas","27":"tag-politica-lituania","28":"tag-rusia","29":"tag-titulares","30":"tag-ultimas-noticias","31":"tag-ultimasnoticias","32":"tag-world","33":"tag-world-news","34":"tag-worldnews"},"share_on_mastodon":{"url":"https:\/\/pubeurope.com\/@es\/115689361644546135","error":""},"_links":{"self":[{"href":"https:\/\/www.europesays.com\/es\/wp-json\/wp\/v2\/posts\/279313","targetHints":{"allow":["GET"]}}],"collection":[{"href":"https:\/\/www.europesays.com\/es\/wp-json\/wp\/v2\/posts"}],"about":[{"href":"https:\/\/www.europesays.com\/es\/wp-json\/wp\/v2\/types\/post"}],"author":[{"embeddable":true,"href":"https:\/\/www.europesays.com\/es\/wp-json\/wp\/v2\/users\/2"}],"replies":[{"embeddable":true,"href":"https:\/\/www.europesays.com\/es\/wp-json\/wp\/v2\/comments?post=279313"}],"version-history":[{"count":0,"href":"https:\/\/www.europesays.com\/es\/wp-json\/wp\/v2\/posts\/279313\/revisions"}],"wp:featuredmedia":[{"embeddable":true,"href":"https:\/\/www.europesays.com\/es\/wp-json\/wp\/v2\/media\/279314"}],"wp:attachment":[{"href":"https:\/\/www.europesays.com\/es\/wp-json\/wp\/v2\/media?parent=279313"}],"wp:term":[{"taxonomy":"category","embeddable":true,"href":"https:\/\/www.europesays.com\/es\/wp-json\/wp\/v2\/categories?post=279313"},{"taxonomy":"post_tag","embeddable":true,"href":"https:\/\/www.europesays.com\/es\/wp-json\/wp\/v2\/tags?post=279313"}],"curies":[{"name":"wp","href":"https:\/\/api.w.org\/{rel}","templated":true}]}}