{"id":279326,"date":"2025-12-09T11:39:08","date_gmt":"2025-12-09T11:39:08","guid":{"rendered":"https:\/\/www.europesays.com\/es\/279326\/"},"modified":"2025-12-09T11:39:08","modified_gmt":"2025-12-09T11:39:08","slug":"las-claves-de-su-decision","status":"publish","type":"post","link":"https:\/\/www.europesays.com\/es\/279326\/","title":{"rendered":"las claves de su decisi\u00f3n"},"content":{"rendered":"<p class=\"voc-p\" style=\"\">La vida de <strong>Bert\u00edn Osborne<\/strong> (71 a\u00f1os) dio un giro de 180 grados hace dos a\u00f1os cuando tuvo a <a href=\"https:\/\/www.abc.es\/gente\/siete-hijos-bertin-osborne-tragica-muerte-primogenito-20250901204500-nt.html\" target=\"_self\" data-voc-vtm-id=\"in-text-traffic\" title=\"su s\u00e9ptimo hijo\" data-mrf-link=\"www.abc.es\" rel=\"nofollow noopener\">su s\u00e9ptimo hijo<\/a>, <strong>Arian David<\/strong>, fruto de una fugaz relaci\u00f3n con <strong>Gabriela Guill\u00e9n<\/strong> (33). <\/p>\n<p class=\"voc-p\" style=\"\">En este tiempo, la relaci\u00f3n entre el cantante  &#8230; y la joven no ha sido nada buena. Llena de reproches a trav\u00e9s de entrevistas en revistas y plat\u00f3s de televisi\u00f3n, la gota que colm\u00f3 el vaso fue la paraguaya amenaz\u00f3 en &#8216;\u00a1De Viernes!&#8217; con demandar al artista si no se hac\u00eda cargo de sus responsabilidades como padre. A ra\u00edz de esto se cerr\u00f3 un acuerdo econ\u00f3mico. \u00abEstoy muy contenta por el paso <a href=\"https:\/\/www.abc.es\/gente\/bertin-osborne-pone-venta-casa-llega-acuerdo-20251203111712-nt.html\" target=\"_self\" data-voc-vtm-id=\"in-text-traffic\" title=\" el acuerdo que hemos llegado el padre de mi hijo y yo\" data-mrf-link=\"www.abc.es\" rel=\"nofollow noopener\"> el acuerdo que hemos llegado el padre de mi hijo y yo<\/a> y estoy, estoy muy bien, tranquila\u00bb, dijo Guill\u00e9n a Europa Press durante un evento celebrado en Madrid. \u00abEsta semana exactamente est\u00e1 todo bien, est\u00e1 todo ya solucionado\u00bb, a\u00f1adi\u00f3.<\/p>\n<p class=\"voc-p\" style=\"\">Tal y como adelant\u00f3 la periodista <strong>Beatriz Cort\u00e1zar<\/strong>, el acuerdo se est\u00e1 llevando a cabo de forma telem\u00e1tica por las dos partes y posteriormente se elevar\u00e1 al juzgado para que quede registrado de forma oficial. Tambi\u00e9n se ha revelado que<a href=\"https:\/\/www.abc.es\/gente\/bertin-osborne-pone-venta-casa-llega-acuerdo-20251203111712-nt.html\" target=\"_self\" data-voc-vtm-id=\"in-text-traffic\" title=\" tendr\u00e1 car\u00e1cter retroactivo\" data-mrf-link=\"www.abc.es\" rel=\"nofollow noopener\"> tendr\u00e1 car\u00e1cter retroactivo<\/a>.<\/p>\n<p class=\"voc-p\" style=\"\">El convenio alcanzado entre ambos recoge que expl\u00edcitamente que Bert\u00edn Osborne tendr\u00e1 ver a su nuevo hijo en los t\u00e9rminos que se prev\u00e9n legalmente. El menor tiene derecho a saber de su padre, pero debido a la profesi\u00f3n y circunstancias concretas del cantante, no se han fijado d\u00edas se\u00f1alados de forma fija para las visitas o el reparto del tiempo. Se ir\u00e1n adaptando, dicen, sobre la marcha.<\/p>\n<p>\nAcuerdo econ\u00f3mico\n<\/p>\n<p class=\"voc-p\" style=\"\">Este pasado fin de semana, en el programa de televisi\u00f3n &#8216;Fiesta&#8217;, <strong>Marisa Mart\u00edn-Bl\u00e1zquez<\/strong> ha asegurado que Bert\u00edn Osborne no est\u00e1 nada de acuerdo con la entrevista que ofreci\u00f3 Gabriela Guill\u00e9n en &#8216;De Viernes&#8217; y que esto le ha llevado a tomar una dr\u00e1stica decisi\u00f3n. \u00ab<a href=\"https:\/\/www.abc.es\/gente\/bertin-osborne-pone-venta-casa-llega-acuerdo-20251203111712-nt.html\" target=\"_self\" data-voc-vtm-id=\"in-text-traffic\" title=\"\u00c9l ha tomado una decisi\u00f3n\" data-mrf-link=\"www.abc.es\" rel=\"nofollow noopener\">\u00c9l ha tomado una decisi\u00f3n<\/a>. La situaci\u00f3n es, si no cambia de nuevo y no se arregla, que est\u00e1 viendo que ella es muy materialista y no va a mantener una relaci\u00f3n paternofilial con el ni\u00f1o, salvo en lo estrictamente econ\u00f3mico. Vuelve a la casilla de salida. Le ha echado para atr\u00e1s el aspecto de mantener la fluidez con el cr\u00edo\u00bb.<\/p>\n<p class=\"voc-p\" style=\"\">Una afirmaci\u00f3n que no dud\u00f3 en negar el propio cantante: \u00abJam\u00e1s lo he dicho ni lo he comentado. Es que no lo pienso [&#8230;]. Eso es radicalmente mentira\u00bb, dijo a trav\u00e9s de un mensaje enviado al colaborador de televisi\u00f3n <strong>Aurelio Manzano<\/strong>. <\/p>\n<p>\nArt\u00edculo solo para suscriptores\n<\/p>\n<p>Reportar un error<\/p>\n","protected":false},"excerpt":{"rendered":"La vida de Bert\u00edn Osborne (71 a\u00f1os) dio un giro de 180 grados hace dos a\u00f1os cuando tuvo&hellip;\n","protected":false},"author":2,"featured_media":279327,"comment_status":"","ping_status":"","sticky":false,"template":"","format":"standard","meta":{"footnotes":""},"categories":[171],"tags":[25177,6365,2347,5637,146,147,25,24,24056,16630,25178,23,4350,214],"class_list":{"0":"post-279326","1":"post","2":"type-post","3":"status-publish","4":"format-standard","5":"has-post-thumbnail","7":"category-tv","8":"tag-bertin","9":"tag-claves","10":"tag-decision","11":"tag-distancia","12":"tag-entertainment","13":"tag-entretenimiento","14":"tag-es","15":"tag-espana","16":"tag-gabriela","17":"tag-guillen","18":"tag-osborne","19":"tag-spain","20":"tag-toma","21":"tag-tv"},"share_on_mastodon":{"url":"https:\/\/pubeurope.com\/@es\/115689420709460854","error":""},"_links":{"self":[{"href":"https:\/\/www.europesays.com\/es\/wp-json\/wp\/v2\/posts\/279326","targetHints":{"allow":["GET"]}}],"collection":[{"href":"https:\/\/www.europesays.com\/es\/wp-json\/wp\/v2\/posts"}],"about":[{"href":"https:\/\/www.europesays.com\/es\/wp-json\/wp\/v2\/types\/post"}],"author":[{"embeddable":true,"href":"https:\/\/www.europesays.com\/es\/wp-json\/wp\/v2\/users\/2"}],"replies":[{"embeddable":true,"href":"https:\/\/www.europesays.com\/es\/wp-json\/wp\/v2\/comments?post=279326"}],"version-history":[{"count":0,"href":"https:\/\/www.europesays.com\/es\/wp-json\/wp\/v2\/posts\/279326\/revisions"}],"wp:featuredmedia":[{"embeddable":true,"href":"https:\/\/www.europesays.com\/es\/wp-json\/wp\/v2\/media\/279327"}],"wp:attachment":[{"href":"https:\/\/www.europesays.com\/es\/wp-json\/wp\/v2\/media?parent=279326"}],"wp:term":[{"taxonomy":"category","embeddable":true,"href":"https:\/\/www.europesays.com\/es\/wp-json\/wp\/v2\/categories?post=279326"},{"taxonomy":"post_tag","embeddable":true,"href":"https:\/\/www.europesays.com\/es\/wp-json\/wp\/v2\/tags?post=279326"}],"curies":[{"name":"wp","href":"https:\/\/api.w.org\/{rel}","templated":true}]}}