{"id":279335,"date":"2025-12-09T11:44:10","date_gmt":"2025-12-09T11:44:10","guid":{"rendered":"https:\/\/www.europesays.com\/es\/279335\/"},"modified":"2025-12-09T11:44:10","modified_gmt":"2025-12-09T11:44:10","slug":"preventa-de-entradas-para-las-segundas-fechas-de-los-conciertos-de-rosalia-con-su-lux-tour-2026-en-directo-cuando-salen-donde-comprarlas-codigos-y-precios-musica","status":"publish","type":"post","link":"https:\/\/www.europesays.com\/es\/279335\/","title":{"rendered":"Preventa de entradas para las segundas fechas de los conciertos de Rosal\u00eda con su &#8216;LUX Tour 2026&#8217;, en directo: cu\u00e1ndo salen, d\u00f3nde comprarlas, c\u00f3digos y precios | M\u00fasica"},"content":{"rendered":"<p class=\"ev-title\">Todas las fechas del LUX Tour 2026 de Rosal\u00eda<\/p>\n<p>16 de marzo \u2013 Lyon, Francia \u2013 LDLC Arena<\/p>\n<p>18 de marzo \u2013 Par\u00eds, Francia \u2013 Accor Arena<\/p>\n<p>20 de marzo \u2013 Par\u00eds, Francia \u2013 Accor Arena<\/p>\n<p>22 de marzo \u2013 Z\u00farich, Suiza \u2013 Hallenstadion<\/p>\n<p>25 de marzo \u2013 Mil\u00e1n, Italia \u2013 Unipol Forum<\/p>\n<p>30 de marzo \u2013 Madrid, Espa\u00f1a \u2013 Movistar Arena<\/p>\n<p>1 de abril \u2013 Madrid, Espa\u00f1a \u2013 Movistar Arena<\/p>\n<p>3 de abril \u2013 Madrid, Espa\u00f1a \u2013 Movistar Arena<\/p>\n<p>4 de abril \u2013 Madrid, Espa\u00f1a \u2013 Movistar Arena<\/p>\n<p>8 de abril \u2013 Lisboa, Portugal \u2013 MEO Arena<\/p>\n<p>9 de abril \u2013 Lisboa, Portugal \u2013 MEO Arena<\/p>\n<p>13 de abril \u2013 Barcelona, Espa\u00f1a \u2013 Palau Sant Jordi<\/p>\n<p>15 de abril \u2013 Barcelona, Espa\u00f1a \u2013 Palau Sant Jordi<\/p>\n<p>17 de abril \u2013 Barcelona, Espa\u00f1a \u2013 Palau Sant Jordi<\/p>\n<p>18 de abril \u2013 Barcelona, Espa\u00f1a \u2013 Palau Sant Jordi<\/p>\n<p>22 de abril \u2013 \u00c1msterdam, Pa\u00edses Bajos \u2013 Ziggo Dome<\/p>\n<p>27 de abril \u2013 Amberes, B\u00e9lgica \u2013 AFAS Dome<\/p>\n<p>29 de abril \u2013 Colonia, Alemania \u2013 Lanxess Arena<\/p>\n<p>1 de mayo \u2013 Berl\u00edn, Alemania \u2013 Uber Arena<\/p>\n<p>5 de mayo \u2013 Londres, Reino Unido \u2013 The O2<\/p>\n<p>4 de junio \u2013 Miami, EE. UU. \u2013 Kaseya Center<\/p>\n<p>8 de junio \u2013 Orlando, EE. UU. \u2013 Kia Center<\/p>\n<p>11 de junio \u2013 Boston, EE. UU. \u2013 TD Garden<\/p>\n<p>13 de junio \u2013 Toronto, Canad\u00e1 \u2013 Scotiabank Arena<\/p>\n<p>16 de junio \u2013 Nueva York, EE. UU. \u2013 Madison Square Garden<\/p>\n<p>20 de junio \u2013 Chicago, EE. UU. \u2013 United Center<\/p>\n<p>23 de junio \u2013 Houston, EE. UU. \u2013 Toyota Center<\/p>\n<p>27 de junio \u2013 Las Vegas, EE. UU. \u2013 T-Mobile Arena<\/p>\n<p>29 de junio \u2013 Los \u00c1ngeles, EE. UU. \u2013 Kia Forum<\/p>\n<p>3 de julio \u2013 San Diego, EE. UU. \u2013 Pechanga Arena<\/p>\n<p>6 de julio \u2013 Oakland, EE. UU. \u2013 Oakland Arena<\/p>\n<p>16 de julio \u2013 Bogot\u00e1, Colombia \u2013 Movistar Arena<\/p>\n<p>24 de julio \u2013 Santiago, Chile \u2013 Movistar Arena<\/p>\n<p>25 de julio \u2013 Santiago, Chile \u2013 Movistar Arena<\/p>\n<p>1 de agosto \u2013 Buenos Aires, Argentina \u2013 Movistar Arena<\/p>\n<p>2 de agosto \u2013 Buenos Aires, Argentina \u2013 Movistar Arena<\/p>\n<p>10 de agosto \u2013 R\u00edo de Janeiro, Brasil \u2013 Farmasi Arena<\/p>\n<p>15 de agosto \u2013 Guadalajara, M\u00e9xico \u2013 Arena VFG<\/p>\n<p>19 de agosto \u2013 Monterrey, M\u00e9xico \u2013 Arena Monterrey<\/p>\n<p>24 de agosto \u2013 Ciudad de M\u00e9xico, M\u00e9xico \u2013 Palacio de los Deportes<\/p>\n<p>26 de agosto \u2013 Ciudad de M\u00e9xico, M\u00e9xico \u2013 Palacio de los Deportes<\/p>\n<p>3 de septiembre \u2013 San Juan, Puerto Rico \u2013 Coliseo de Puerto Rico<\/p>\n","protected":false},"excerpt":{"rendered":"Todas las fechas del LUX Tour 2026 de Rosal\u00eda 16 de marzo \u2013 Lyon, Francia \u2013 LDLC Arena&hellip;\n","protected":false},"author":2,"featured_media":279336,"comment_status":"","ping_status":"","sticky":false,"template":"","format":"standard","meta":{"footnotes":""},"categories":[91],"tags":[11420,2690,67526,146,147,28733,25,24,8552,40732,67527,28740,23,67528],"class_list":{"0":"post-279335","1":"post","2":"type-post","3":"status-publish","4":"format-standard","5":"has-post-thumbnail","7":"category-entretenimiento","8":"tag-2020s","9":"tag-2025-2026","10":"tag-air-date-11162025","11":"tag-entertainment","12":"tag-entretenimiento","13":"tag-episodic","14":"tag-es","15":"tag-espana","16":"tag-indoor","17":"tag-late-night","18":"tag-nup_209335","19":"tag-select","20":"tag-spain","21":"tag-talk-show"},"share_on_mastodon":{"url":"https:\/\/pubeurope.com\/@es\/115689440372572381","error":""},"_links":{"self":[{"href":"https:\/\/www.europesays.com\/es\/wp-json\/wp\/v2\/posts\/279335","targetHints":{"allow":["GET"]}}],"collection":[{"href":"https:\/\/www.europesays.com\/es\/wp-json\/wp\/v2\/posts"}],"about":[{"href":"https:\/\/www.europesays.com\/es\/wp-json\/wp\/v2\/types\/post"}],"author":[{"embeddable":true,"href":"https:\/\/www.europesays.com\/es\/wp-json\/wp\/v2\/users\/2"}],"replies":[{"embeddable":true,"href":"https:\/\/www.europesays.com\/es\/wp-json\/wp\/v2\/comments?post=279335"}],"version-history":[{"count":0,"href":"https:\/\/www.europesays.com\/es\/wp-json\/wp\/v2\/posts\/279335\/revisions"}],"wp:featuredmedia":[{"embeddable":true,"href":"https:\/\/www.europesays.com\/es\/wp-json\/wp\/v2\/media\/279336"}],"wp:attachment":[{"href":"https:\/\/www.europesays.com\/es\/wp-json\/wp\/v2\/media?parent=279335"}],"wp:term":[{"taxonomy":"category","embeddable":true,"href":"https:\/\/www.europesays.com\/es\/wp-json\/wp\/v2\/categories?post=279335"},{"taxonomy":"post_tag","embeddable":true,"href":"https:\/\/www.europesays.com\/es\/wp-json\/wp\/v2\/tags?post=279335"}],"curies":[{"name":"wp","href":"https:\/\/api.w.org\/{rel}","templated":true}]}}