{"id":279341,"date":"2025-12-09T11:47:08","date_gmt":"2025-12-09T11:47:08","guid":{"rendered":"https:\/\/www.europesays.com\/es\/279341\/"},"modified":"2025-12-09T11:47:08","modified_gmt":"2025-12-09T11:47:08","slug":"balotaje-en-chile-podra-la-izquierda-dar-la-sorpresa-dw-com","status":"publish","type":"post","link":"https:\/\/www.europesays.com\/es\/279341\/","title":{"rendered":"Balotaje en Chile: \u00bfpodr\u00e1 la izquierda dar la sorpresa? &#8211; dw.com"},"content":{"rendered":"<ol>\n<li><a href=\"https:\/\/news.google.com\/rss\/articles\/CBMinAFBVV95cUxPTzRLMFVxOEV5a3c2MjlqTGVwdkZVZjVIVE9tblVNU3lybFhKRzhUZVYyVmEzSU4xRlFHWE1xVmYtd2JyemVvRXpUdjc5VGJkT3pwc1NqdGFiaGhwSTdMa2k5eXpsa2FRb1JHVWhmd2hRTVpnU0tRM2N3anpmdEtHWGZEZ2hiOVRPRnRkeVVnOFZVd2ZhNzdBSGJzNHbSAZwBQVVfeXFMT1JpVWc4V2hhbjY3LVhFVmNDTlhXVUpEZUNqSGJJUnd3aFpxMTZfd2gzZWVleFE5elBlWlFlOGdLTE5aelNBTzlrbzdYOHNXZi1WX1Q1VVhMeE1EZTBNdW50LVZnMkJNOVBEbThpTWlMYUozUFBSeWMyVUxmZE5SSWgwQjVWMF84Sk1HUUIzVTZSWUgwX3h1bUVYOF9x?oc=5\" target=\"_blank\" rel=\"nofollow noopener\">Balotaje en Chile: \u00bfpodr\u00e1 la izquierda dar la sorpresa?<\/a>&nbsp;&nbsp;dw.com<\/li>\n<li><a href=\"https:\/\/news.google.com\/rss\/articles\/CBMidEFVX3lxTE4zNVNrZXkzVmVOS3hVd3FXbnVaTU5uNVZwbkFXMzkwNHdYM05FS2VTdGhJOW1Ob0E2UlVKSEZubERCd3A2WjRnOF9ORFhyLW9GNGVaamY5NkFuQzZESE50OVdXdE5XX0ZjczNuWEFONG9NT0tW?oc=5\" target=\"_blank\" rel=\"nofollow noopener\">Chile: una elecci\u00f3n odiosa<\/a>&nbsp;&nbsp;EL PA\u00cdS<\/li>\n<li><a href=\"https:\/\/news.google.com\/rss\/articles\/CBMivwFBVV95cUxOUi10d0drMS1hMnpqME5DOU12UWNlbFY3NmUtS0t2X0w1OVVJb1Y2cnFYQjRGaDl5R2d4NzdVMVhqYTlKWUw0MXZhWVZiODB5RGRsMXlROTVmRlhhLXdkaTRBbjVPOUVqUl9TeEJibmloMjdqRU8tbG1EUGFSb2pES2tDdnNlcURlYkFaRERpR1RNdXE0TnFnN3VwV2JQam5jNVl6by11cFh0UFNYRTRZMjl0SXVOOThVOWJWRXBBdw?oc=5\" target=\"_blank\" rel=\"nofollow noopener\">El derechista Kast ganar\u00eda holgadamente la segunda vuelta de las presidenciales en Chile, seg\u00fan las encuestas<\/a>&nbsp;&nbsp;ABC<\/li>\n<li><a href=\"https:\/\/news.google.com\/rss\/articles\/CBMixAFBVV95cUxNRExxNUtpenJjSERSRjVWYmptUXhXbnRqQnBYNkxjWm9sUmphTFNNWmFlS2djaGtTTlhLMUVzVW1MZTdoTXNfZ2pzZE5tS1NuR2NYVGxreHF3Nkt6dWNzLTRYTFk3SDFlakVNZllMdUR1NnE3ZDFlRWk3LUM2SnZmdDNNRC1zdDZLaHlPOUpJVXM3dWNyZDN2UTlieVVpMkpDQk8xR1ZZczFSQTVTODF3eld3Q21hdnk1ZGRBUHhNZVdwR01I0gHEAUFVX3lxTE9fSTJDS3pXQ1drT2FhWnhrVmRJRXA5S2VNUTBCY2Rja01GdFpFNllUZ1ItVW5ZZmw0VFFibkdxX1VPSUpQenhqRlJXOVhFMWpjT0U1cG9Mb0tGelFVRUQweDVjcUlKdTA2emE1WTlGWXhzZjUzMTRhakpDcWl1aTV3T1BuUDFmcFpVQTJ5ajg0ZlkzVGVZQmp2SF9scXBZeDROcDg0dzg3MVBsWXVLeWhxNUV2d1BHenNSekFMRUxCZDRsN3A?oc=5\" target=\"_blank\" rel=\"nofollow noopener\">Chile arranca la campa\u00f1a para la segunda vuelta con unos sondeos que dan por hecho el triunfo del ultraderechista Kast<\/a>&nbsp;&nbsp;RTVE.es<\/li>\n<li><a href=\"https:\/\/news.google.com\/rss\/articles\/CBMiywFBVV95cUxObWNzdkpsM2xpaXJkZGxCaEctMWs2Q0NQb0Q5VjMzZTVJUThOcUJURFBtYW1EdGVmbEtsVFQzeEpHcFpiZURlRUoyUURWYUdkMTBkLTVub3ZRWkVWWDZRWUEwVGNjN1diRUkwa2REZ3kyeWdhWG9XTWFCSUUxUXdBd2lPME94SkF2cnExM3R6Tk9mX1JSSjhGY0prcnpDYllXeFBpdW92YXpQR1pjY3lKdzJPcVJYbnc5WFdNVWwzYlZNMW1tWVAzdmxLRQ?oc=5\" target=\"_blank\" rel=\"nofollow noopener\">El Debate &#8211; Chile enfrenta las elecciones m\u00e1s polarizadas de su historia reciente<\/a>&nbsp;&nbsp;France 24<\/li>\n<\/ol>\n","protected":false},"excerpt":{"rendered":"Balotaje en Chile: \u00bfpodr\u00e1 la izquierda dar la sorpresa?&nbsp;&nbsp;dw.com Chile: una elecci\u00f3n odiosa&nbsp;&nbsp;EL PA\u00cdS El derechista Kast ganar\u00eda&hellip;\n","protected":false},"author":2,"featured_media":279342,"comment_status":"","ping_status":"","sticky":false,"template":"","format":"standard","meta":{"footnotes":""},"categories":[42],"tags":[17,18,13,14,11,61,62,63,64,19,20,9,10,15,16,12,21,22,65,66,67],"class_list":{"0":"post-279341","1":"post","2":"type-post","3":"status-publish","4":"format-standard","5":"has-post-thumbnail","7":"category-internacional","8":"tag-breaking-news","9":"tag-breakingnews","10":"tag-featured-news","11":"tag-featurednews","12":"tag-headlines","13":"tag-internacional","14":"tag-international","15":"tag-international-news","16":"tag-internationalnews","17":"tag-latest-news","18":"tag-latestnews","19":"tag-news","20":"tag-noticias","21":"tag-noticias-destacadas","22":"tag-noticiasdestacadas","23":"tag-titulares","24":"tag-ultimas-noticias","25":"tag-ultimasnoticias","26":"tag-world","27":"tag-world-news","28":"tag-worldnews"},"share_on_mastodon":{"url":"https:\/\/pubeurope.com\/@es\/115689452079331806","error":""},"_links":{"self":[{"href":"https:\/\/www.europesays.com\/es\/wp-json\/wp\/v2\/posts\/279341","targetHints":{"allow":["GET"]}}],"collection":[{"href":"https:\/\/www.europesays.com\/es\/wp-json\/wp\/v2\/posts"}],"about":[{"href":"https:\/\/www.europesays.com\/es\/wp-json\/wp\/v2\/types\/post"}],"author":[{"embeddable":true,"href":"https:\/\/www.europesays.com\/es\/wp-json\/wp\/v2\/users\/2"}],"replies":[{"embeddable":true,"href":"https:\/\/www.europesays.com\/es\/wp-json\/wp\/v2\/comments?post=279341"}],"version-history":[{"count":0,"href":"https:\/\/www.europesays.com\/es\/wp-json\/wp\/v2\/posts\/279341\/revisions"}],"wp:featuredmedia":[{"embeddable":true,"href":"https:\/\/www.europesays.com\/es\/wp-json\/wp\/v2\/media\/279342"}],"wp:attachment":[{"href":"https:\/\/www.europesays.com\/es\/wp-json\/wp\/v2\/media?parent=279341"}],"wp:term":[{"taxonomy":"category","embeddable":true,"href":"https:\/\/www.europesays.com\/es\/wp-json\/wp\/v2\/categories?post=279341"},{"taxonomy":"post_tag","embeddable":true,"href":"https:\/\/www.europesays.com\/es\/wp-json\/wp\/v2\/tags?post=279341"}],"curies":[{"name":"wp","href":"https:\/\/api.w.org\/{rel}","templated":true}]}}