{"id":279343,"date":"2025-12-09T11:48:09","date_gmt":"2025-12-09T11:48:09","guid":{"rendered":"https:\/\/www.europesays.com\/es\/279343\/"},"modified":"2025-12-09T11:48:09","modified_gmt":"2025-12-09T11:48:09","slug":"detenido-un-hombre-como-presunto-autor-del-asesinato-de-su-pareja-en-el-piso-en-el-que-ambos-vivian-en-lhospitalet-de-llobregat-barcelona-sociedad","status":"publish","type":"post","link":"https:\/\/www.europesays.com\/es\/279343\/","title":{"rendered":"Detenido un hombre como presunto autor del asesinato de su pareja en el piso en el que ambos viv\u00edan en L&#8217;Hospitalet de Llobregat (Barcelona) | Sociedad"},"content":{"rendered":"<p class=\"loc\">Hospitalet de Llobregat (Barcelona)<\/p>\n<p>Los Mossos d&#8217;Esquadra han detenido este martes a un hombre de 46 a\u00f1os en l&#8217;Hospitalet de Llobregat (Barcelona) por presuntamente asesinar a su pareja, de 36, en el domicilio que compart\u00edan en el n\u00famero 45 de la calle Santa Eulalia. Las alertas han llevado a los Mossos a acudir al domicilio sobre las 6:30 horas. Cu\u00e1ndo han llegado, han localizado el cuerpo sin vida y con signos de violencia de la mujer, que se llamaba Sayuri. <\/p>\n<p>Seg\u00fan fuentes policiales, el crimen se investiga como un caso de violencia de g\u00e9nero, puesto que el detenido es la pareja de la v\u00edctima. Las alertas han llevado a los Mossos a acudir al domicilio sobre las 6:30 horas. <\/p>\n<p>La Divisi\u00f3n de Investigaci\u00f3n Criminal (DIC) de los Mossos se ha hecho cargo de la investigaci\u00f3n para esclarecer las circunstancias de los hechos. Si se confirma el crimen machista, ser\u00edan 43 las mujeres asesinadas este 2025, seg\u00fan datos del Ministerio de Igualdad.<\/p>\n","protected":false},"excerpt":{"rendered":"Hospitalet de Llobregat (Barcelona) Los Mossos d&#8217;Esquadra han detenido este martes a un hombre de 46 a\u00f1os en&hellip;\n","protected":false},"author":2,"featured_media":226272,"comment_status":"","ping_status":"","sticky":false,"template":"","format":"standard","meta":{"footnotes":""},"categories":[8],"tags":[17,18,25,24,13,14,11,19,20,9,10,15,16,23,12,21,22],"class_list":{"0":"post-279343","1":"post","2":"type-post","3":"status-publish","4":"format-standard","5":"has-post-thumbnail","7":"category-espana","8":"tag-breaking-news","9":"tag-breakingnews","10":"tag-es","11":"tag-espana","12":"tag-featured-news","13":"tag-featurednews","14":"tag-headlines","15":"tag-latest-news","16":"tag-latestnews","17":"tag-news","18":"tag-noticias","19":"tag-noticias-destacadas","20":"tag-noticiasdestacadas","21":"tag-spain","22":"tag-titulares","23":"tag-ultimas-noticias","24":"tag-ultimasnoticias"},"share_on_mastodon":{"url":"https:\/\/pubeurope.com\/@es\/115689455925252521","error":""},"_links":{"self":[{"href":"https:\/\/www.europesays.com\/es\/wp-json\/wp\/v2\/posts\/279343","targetHints":{"allow":["GET"]}}],"collection":[{"href":"https:\/\/www.europesays.com\/es\/wp-json\/wp\/v2\/posts"}],"about":[{"href":"https:\/\/www.europesays.com\/es\/wp-json\/wp\/v2\/types\/post"}],"author":[{"embeddable":true,"href":"https:\/\/www.europesays.com\/es\/wp-json\/wp\/v2\/users\/2"}],"replies":[{"embeddable":true,"href":"https:\/\/www.europesays.com\/es\/wp-json\/wp\/v2\/comments?post=279343"}],"version-history":[{"count":0,"href":"https:\/\/www.europesays.com\/es\/wp-json\/wp\/v2\/posts\/279343\/revisions"}],"wp:featuredmedia":[{"embeddable":true,"href":"https:\/\/www.europesays.com\/es\/wp-json\/wp\/v2\/media\/226272"}],"wp:attachment":[{"href":"https:\/\/www.europesays.com\/es\/wp-json\/wp\/v2\/media?parent=279343"}],"wp:term":[{"taxonomy":"category","embeddable":true,"href":"https:\/\/www.europesays.com\/es\/wp-json\/wp\/v2\/categories?post=279343"},{"taxonomy":"post_tag","embeddable":true,"href":"https:\/\/www.europesays.com\/es\/wp-json\/wp\/v2\/tags?post=279343"}],"curies":[{"name":"wp","href":"https:\/\/api.w.org\/{rel}","templated":true}]}}