{"id":279351,"date":"2025-12-09T11:58:10","date_gmt":"2025-12-09T11:58:10","guid":{"rendered":"https:\/\/www.europesays.com\/es\/279351\/"},"modified":"2025-12-09T11:58:10","modified_gmt":"2025-12-09T11:58:10","slug":"todos-los-cruces-de-dieciseisavos-con-barca-y-madrid","status":"publish","type":"post","link":"https:\/\/www.europesays.com\/es\/279351\/","title":{"rendered":"todos los cruces de dieciseisavos con Bar\u00e7a y Madrid"},"content":{"rendered":"<p class=\"ft-text\">Estos son todos los equipos que formar\u00e1n parte del sorteo de la pr\u00f3xima ronda de Copa del Rey<\/p>\n<p class=\"ft-text\"><strong>COPA FEDERACI\u00d3N (1)<\/strong><\/p>\n<p class=\"ft-text\">OURENSE CF<\/p>\n<p class=\"ft-text\"><strong>SEGUNDA FEDERACI\u00d3N (1)<\/strong><\/p>\n<p class=\"ft-text\">AT. BALEARES<\/p>\n<p class=\"ft-text\"><strong>PRIMERA FEDERACI\u00d3N VERSUS e-LEARNING (4)<\/strong><\/p>\n<p class=\"ft-text\">CD GUADALAJARA, REAL MURCIA, CF TALAVERA, CD ELDENSE<\/p>\n<p class=\"ft-text\"><strong>SEGUNDA DIVISI\u00d3N (9)<\/strong><\/p>\n<p class=\"ft-text\">SD HUESCA, REAL SPORTING DE GIJ\u00d3N, CULTURAL Y DEPORTIVA LEONESA, SD EIBAR, RC DEPORTIVO, ALBACETE BALOMPI\u00c9, REAL RACING CLUB DE SANTANDER, BURGOS CF, GRANADA CF<\/p>\n<p class=\"ft-text\"><strong>PRIMERA DIVISI\u00d3N (13)<\/strong><\/p>\n<p class=\"ft-text\">DEPORTIVO ALAV\u00c9S, CA OSASUNA, RCD MALLORCA, GETAFE CF, REAL SOCIEDAD DE F\u00daTBOL, LEVANTE UD, ELCHE CF, REAL BETIS BALOMPI\u00c9, RC CELTA DE VIGO, VILLARREAL CF, RAYO VALLECANO, SEVILLA FC, VALENCIA CF<\/p>\n<p class=\"ft-text\"><strong>SUPERCOPA DE ESPA\u00d1A (4)<\/strong><\/p>\n<p class=\"ft-text\">FC BARCELONA, REAL MADRID CF, CLUB ATL\u00c9TICO DE MADRID, ATHLETIC CLUB<\/p>\n","protected":false},"excerpt":{"rendered":"Estos son todos los equipos que formar\u00e1n parte del sorteo de la pr\u00f3xima ronda de Copa del Rey&hellip;\n","protected":false},"author":2,"featured_media":279352,"comment_status":"","ping_status":"","sticky":false,"template":"","format":"standard","meta":{"footnotes":""},"categories":[268],"tags":[2296,1941,168,25,24,280,282,205,281,886,23,167],"class_list":{"0":"post-279351","1":"post","2":"type-post","3":"status-publish","4":"format-standard","5":"has-post-thumbnail","7":"category-futbol","8":"tag-barca","9":"tag-copa-del-rey","10":"tag-deportes","11":"tag-es","12":"tag-espana","13":"tag-football","14":"tag-futbol","15":"tag-madrid","16":"tag-soccer","17":"tag-sorteo","18":"tag-spain","19":"tag-sports"},"share_on_mastodon":{"url":"https:\/\/pubeurope.com\/@es\/115689495317376260","error":""},"_links":{"self":[{"href":"https:\/\/www.europesays.com\/es\/wp-json\/wp\/v2\/posts\/279351","targetHints":{"allow":["GET"]}}],"collection":[{"href":"https:\/\/www.europesays.com\/es\/wp-json\/wp\/v2\/posts"}],"about":[{"href":"https:\/\/www.europesays.com\/es\/wp-json\/wp\/v2\/types\/post"}],"author":[{"embeddable":true,"href":"https:\/\/www.europesays.com\/es\/wp-json\/wp\/v2\/users\/2"}],"replies":[{"embeddable":true,"href":"https:\/\/www.europesays.com\/es\/wp-json\/wp\/v2\/comments?post=279351"}],"version-history":[{"count":0,"href":"https:\/\/www.europesays.com\/es\/wp-json\/wp\/v2\/posts\/279351\/revisions"}],"wp:featuredmedia":[{"embeddable":true,"href":"https:\/\/www.europesays.com\/es\/wp-json\/wp\/v2\/media\/279352"}],"wp:attachment":[{"href":"https:\/\/www.europesays.com\/es\/wp-json\/wp\/v2\/media?parent=279351"}],"wp:term":[{"taxonomy":"category","embeddable":true,"href":"https:\/\/www.europesays.com\/es\/wp-json\/wp\/v2\/categories?post=279351"},{"taxonomy":"post_tag","embeddable":true,"href":"https:\/\/www.europesays.com\/es\/wp-json\/wp\/v2\/tags?post=279351"}],"curies":[{"name":"wp","href":"https:\/\/api.w.org\/{rel}","templated":true}]}}