{"id":279369,"date":"2025-12-09T12:09:13","date_gmt":"2025-12-09T12:09:13","guid":{"rendered":"https:\/\/www.europesays.com\/es\/279369\/"},"modified":"2025-12-09T12:09:13","modified_gmt":"2025-12-09T12:09:13","slug":"kpmg-impulsa-un-equipo-integral-de-defensa-con-casi-una-veintena-de-socios-y-expertos-externos","status":"publish","type":"post","link":"https:\/\/www.europesays.com\/es\/279369\/","title":{"rendered":"KPMG impulsa un equipo integral de defensa con casi una veintena de socios y expertos externos"},"content":{"rendered":"<p>KPMG ha presentado una nueva estrategia para reforzarse en el sector de defensa, conformando un equipo multidisciplinar que integra todas sus \u00e1reas de especializaci\u00f3n. Esta iniciativa responde a las necesidades de las compa\u00f1\u00edas y el sector p\u00fablico para adaptarse a un nuevo entorno marcado por las tensiones geopol\u00edticas, fruto del cual se ha establecido un compromiso internacional de aumento del gasto en defensa. En conjunto, este grupo de expertos estar\u00e1 formado por casi una veintena de socios de KPMG, como:<\/p>\n<ul>\n<li><a href=\"https:\/\/kpmg.com\/es\/es\/contactos\/c\/fernando-cunado.html\" target=\"_blank\" data-cmp-data-layer=\"{&quot;fernando-cu\u00f1ado,-socio-responsable-de-mercados-85ca3dcc32&quot;:{&quot;parentId&quot;:&quot;fernando-cu\u00f1ado,-socio-responsable-de-mercados&quot;,&quot;@type&quot;:&quot;kpmg\/components\/content\/text&quot;,&quot;dc:title&quot;:&quot;Fernando Cu\u00f1ado, socio responsable de Mercados&quot;,&quot;xdm:linkURL&quot;:&quot;\/content\/kpmgpublic\/es\/es\/contactos\/c\/fernando-cunado.html&quot;}}\" data-cmp-clickable=\"\" rel=\"noopener noreferrer nofollow\"><b>Fernando Cu\u00f1ado<\/b>, socio responsable de Mercados<\/a><\/li>\n<li><a href=\"https:\/\/kpmg.com\/es\/es\/contactos\/s\/jorge-sainz.html\" target=\"_blank\" data-cmp-data-layer=\"{&quot;jorge-sainz,-socio-responsable-de-industria-y-defensa-c053052dd8&quot;:{&quot;parentId&quot;:&quot;jorge-sainz,-socio-responsable-de-industria-y-defensa&quot;,&quot;@type&quot;:&quot;kpmg\/components\/content\/text&quot;,&quot;dc:title&quot;:&quot;Jorge Sainz, socio responsable de Industria y Defensa&quot;,&quot;xdm:linkURL&quot;:&quot;\/content\/kpmgpublic\/es\/es\/contactos\/s\/jorge-sainz.html&quot;}}\" data-cmp-clickable=\"\" rel=\"noopener noreferrer nofollow\"><b>Jorge Sainz<\/b>, socio responsable de Industria y Defensa<\/a><\/li>\n<li><a href=\"https:\/\/kpmg.com\/es\/es\/contactos\/m\/marc-martinez.html\" target=\"_blank\" data-cmp-data-layer=\"{&quot;marc-mart\u00ednez,-socio-responsable-de-ciberseguridad-27944d31ad&quot;:{&quot;parentId&quot;:&quot;marc-mart\u00ednez,-socio-responsable-de-ciberseguridad&quot;,&quot;@type&quot;:&quot;kpmg\/components\/content\/text&quot;,&quot;dc:title&quot;:&quot;Marc Mart\u00ednez, socio responsable de Ciberseguridad&quot;,&quot;xdm:linkURL&quot;:&quot;\/content\/kpmgpublic\/es\/es\/contactos\/m\/marc-martinez.html&quot;}}\" data-cmp-clickable=\"\" rel=\"noopener noreferrer nofollow\"><b>Marc Mart\u00ednez<\/b>, socio responsable de Ciberseguridad<\/a><\/li>\n<li><a href=\"https:\/\/kpmg.com\/es\/es\/contactos\/p\/candido-perez-serrano.html\" target=\"_blank\" data-cmp-data-layer=\"{&quot;c\u00e1ndido-p\u00e9rez-serrano,-socio-responsable-de-infraestructuras,-transporte,-gobierno-y-sanidad-5c89a29435&quot;:{&quot;parentId&quot;:&quot;c\u00e1ndido-p\u00e9rez-serrano,-socio-responsable-de-infraestructuras,-transporte,-gobierno-y-sanidad&quot;,&quot;@type&quot;:&quot;kpmg\/components\/content\/text&quot;,&quot;dc:title&quot;:&quot;C\u00e1ndido P\u00e9rez Serrano, socio responsable de Infraestructuras, Transporte, Gobierno y Sanidad&quot;,&quot;xdm:linkURL&quot;:&quot;\/content\/kpmgpublic\/es\/es\/contactos\/p\/candido-perez-serrano.html&quot;}}\" data-cmp-clickable=\"\" rel=\"noopener noreferrer nofollow\"><b>C\u00e1ndido P\u00e9rez Serrano<\/b>, socio responsable de Infraestructuras, Transporte, Gobierno y Sanidad<\/a><\/li>\n<li><a href=\"https:\/\/kpmg.com\/es\/es\/contactos\/d\/natan-diaz.html\" target=\"_blank\" data-cmp-data-layer=\"{&quot;nat\u00e1n-d\u00edaz,-socio-responsable-de-sectors-business-consulting-e573487ad0&quot;:{&quot;parentId&quot;:&quot;nat\u00e1n-d\u00edaz,-socio-responsable-de-sectors-business-consulting&quot;,&quot;@type&quot;:&quot;kpmg\/components\/content\/text&quot;,&quot;dc:title&quot;:&quot;Nat\u00e1n D\u00edaz, socio responsable de Sectors Business Consulting&quot;,&quot;xdm:linkURL&quot;:&quot;\/content\/kpmgpublic\/es\/es\/contactos\/d\/natan-diaz.html&quot;}}\" data-cmp-clickable=\"\" rel=\"noopener noreferrer nofollow\"><b>Nat\u00e1n D\u00edaz<\/b>, socio responsable de Sectors Business Consulting<\/a><\/li>\n<li><a href=\"https:\/\/kpmg.com\/es\/es\/contactos\/f\/miguel-angel-faura.html\" target=\"_blank\" data-cmp-data-layer=\"{&quot;miguel-angel-faura,-socio-responsable-de-auditor\u00eda-para-industria-y-con-gran-experiencia-en-compa\u00f1\u00edas-de-defensa-3b1355ec36&quot;:{&quot;parentId&quot;:&quot;miguel-angel-faura,-socio-responsable-de-auditor\u00eda-para-industria-y-con-gran-experiencia-en-compa\u00f1\u00edas-de-defensa&quot;,&quot;@type&quot;:&quot;kpmg\/components\/content\/text&quot;,&quot;dc:title&quot;:&quot;Miguel Angel Faura, socio responsable de Auditor\u00eda para Industria y con gran experiencia en compa\u00f1\u00edas de defensa&quot;,&quot;xdm:linkURL&quot;:&quot;\/content\/kpmgpublic\/es\/es\/contactos\/f\/miguel-angel-faura.html&quot;}}\" data-cmp-clickable=\"\" rel=\"noopener noreferrer nofollow\"><b>Miguel Angel Faura<\/b>, socio responsable de Auditor\u00eda para Industria y con gran experiencia en compa\u00f1\u00edas de defensa<\/a><\/li>\n<li><b>Ana Sabiote<\/b>, socia de Regulatorio, Administrativo y Cumplimiento (RAC)<\/li>\n<li><b>Arantxa Tapia<\/b>, asesora externa de la firma, entre otros.<\/li>\n<\/ul>\n<p>Adem\u00e1s, contar\u00e1 con el apoyo como experto de Joaqu\u00edn Castell\u00f3n, actual director en Ciberseguridad de KPMG, y que tambi\u00e9n fue director de Seguridad Industrial y CISO de Navantia y director operativo del Departamento de Seguridad Nacional.<\/p>\n<p>\u201cEsta combinaci\u00f3n de talento interno y externo permite aportar una visi\u00f3n estrat\u00e9gica y operativa de primer nivel para el sector de defensa que se encuentra en un momento decisivo y que precisa de un enfoque m\u00e1s coordinado y adaptado a las necesidades actuales\u201d, ha se\u00f1alado Fernando Cu\u00f1ado.<\/p>\n<p>\u201cLa creaci\u00f3n de este equipo es fundamental para afrontar los desaf\u00edos que enfrentan tanto empresas como administraciones p\u00fablicas en el \u00e1mbito de defensa y nuestro objetivo es contribuir a la evoluci\u00f3n y modernizaci\u00f3n del sector, aportando conocimiento, experiencia y una visi\u00f3n integral\u201d, ha a\u00f1adido Jorge Sainz.<\/p>\n<p>KPMG refuerza as\u00ed su compromiso con la evoluci\u00f3n del sector defensa, prepar\u00e1ndose para un futuro donde la tecnolog\u00eda, la ciberseguridad y la gesti\u00f3n del talento ser\u00e1n m\u00e1s cr\u00edticas que nunca. La firma fomentar\u00e1 alianzas con proveedores tecnol\u00f3gicos y empresas l\u00edderes del sector para ofrecer una propuesta de valor diferencial.<\/p>\n<p>Esta iniciativa se enmarca en la nueva estrategia de Mercados de la firma, que busca dar respuesta a los retos de los clientes de manera m\u00e1s integral y coordinada, movilizando el conocimiento y la experiencia de todas las funciones de KPMG.<\/p>\n<p>KPMG en Espa\u00f1a forma parte de un grupo internacional de trabajo que la firma tiene establecido sobre defensa y en el que participan tambi\u00e9n otros pa\u00edses europeos. Este equipo multipa\u00eds permite cubrir las necesidades de los clientes en las mejores condiciones.<\/p>\n","protected":false},"excerpt":{"rendered":"KPMG ha presentado una nueva estrategia para reforzarse en el sector de defensa, conformando un equipo multidisciplinar que&hellip;\n","protected":false},"author":2,"featured_media":279370,"comment_status":"","ping_status":"","sticky":false,"template":"","format":"standard","meta":{"footnotes":""},"categories":[80],"tags":[82,95,94,25,24,23],"class_list":{"0":"post-279369","1":"post","2":"type-post","3":"status-publish","4":"format-standard","5":"has-post-thumbnail","7":"category-economia","8":"tag-business","9":"tag-economia","10":"tag-economy","11":"tag-es","12":"tag-espana","13":"tag-spain"},"share_on_mastodon":{"url":"https:\/\/pubeurope.com\/@es\/115689538726239541","error":""},"_links":{"self":[{"href":"https:\/\/www.europesays.com\/es\/wp-json\/wp\/v2\/posts\/279369","targetHints":{"allow":["GET"]}}],"collection":[{"href":"https:\/\/www.europesays.com\/es\/wp-json\/wp\/v2\/posts"}],"about":[{"href":"https:\/\/www.europesays.com\/es\/wp-json\/wp\/v2\/types\/post"}],"author":[{"embeddable":true,"href":"https:\/\/www.europesays.com\/es\/wp-json\/wp\/v2\/users\/2"}],"replies":[{"embeddable":true,"href":"https:\/\/www.europesays.com\/es\/wp-json\/wp\/v2\/comments?post=279369"}],"version-history":[{"count":0,"href":"https:\/\/www.europesays.com\/es\/wp-json\/wp\/v2\/posts\/279369\/revisions"}],"wp:featuredmedia":[{"embeddable":true,"href":"https:\/\/www.europesays.com\/es\/wp-json\/wp\/v2\/media\/279370"}],"wp:attachment":[{"href":"https:\/\/www.europesays.com\/es\/wp-json\/wp\/v2\/media?parent=279369"}],"wp:term":[{"taxonomy":"category","embeddable":true,"href":"https:\/\/www.europesays.com\/es\/wp-json\/wp\/v2\/categories?post=279369"},{"taxonomy":"post_tag","embeddable":true,"href":"https:\/\/www.europesays.com\/es\/wp-json\/wp\/v2\/tags?post=279369"}],"curies":[{"name":"wp","href":"https:\/\/api.w.org\/{rel}","templated":true}]}}