{"id":279371,"date":"2025-12-09T12:10:10","date_gmt":"2025-12-09T12:10:10","guid":{"rendered":"https:\/\/www.europesays.com\/es\/279371\/"},"modified":"2025-12-09T12:10:10","modified_gmt":"2025-12-09T12:10:10","slug":"la-central-atomica-josep-pla","status":"publish","type":"post","link":"https:\/\/www.europesays.com\/es\/279371\/","title":{"rendered":"La central at\u00f3mica Josep Pla"},"content":{"rendered":"<p data-gtm-element-container=\"modulo-texto-link\" class=\"paragraph\">Josep Pla, periodista, escritor, gran figura de la literatura catalana, fue un firme defensor de la energ\u00eda nuclear. Tanto es as\u00ed que en 1965 puso en marcha una discreta campa\u00f1a en favor de la construcci\u00f3n de una central at\u00f3mica cerca de la playa de Pals, en la Costa Brava. Hoy nos puede parecer una locura, pero la propuesta lleg\u00f3 a la mesa del presidente del Gobierno, almirante Luis Carrero Blanco. Escrib\u00ed en La Vanguardia sobre <a href=\"https:\/\/www.lavanguardia.com\/politica\/20100131\/53881181369\/josep-pla-queria-una-central-atomica.html\" title=\"Josep Pla quer\u00eda una central at\u00f3mica\" rel=\"nofollow noopener\" target=\"_blank\">este singular episodio hace quince a\u00f1os<\/a> y quiz\u00e1s sea interesante recordarlo hoy, cuando la energ\u00eda at\u00f3mica vuelve a tener firmes apoyos en los grandes despachos de todo el mundo y el debate sobre la continuidad de las centrales nucleares adquiere <a href=\"https:\/\/www.lavanguardia.com\/economia\/20240604\/9705724\/foment-treball-pide-ampliar-vida-centrales-nucleares-catalunya.html\" title=\"Foment del Treball pide ampliar la vida de las centrales nucleares en Catalunya\" rel=\"nofollow noopener\" target=\"_blank\">una especial significaci\u00f3n en Catalunya<\/a>.<\/p>\n<p data-gtm-element-container=\"modulo-texto-link\" class=\"paragraph\">Pla viv\u00eda en una mas\u00eda de Llofriu (Palafrugell), vest\u00eda como un pay\u00e9s, fumaba como un pay\u00e9s, hablaba a veces como un pay\u00e9s, describ\u00eda como nadie los magn\u00edficos paisajes payeses del Empord\u00e0, interpretaba el papel de un sard\u00f3nico pay\u00e9s distanciado del mundanal ruido (v\u00e9ase  <a href=\"https:\/\/www.youtube.com\/watch?v=8SKyRyCAyl8\" target=\"_blank\" rel=\"nofollow noreferrer noopener\">la c\u00e9lebre entrevista con Joaqu\u00edn Soler Serrano en el programa A Fondo<\/a> de TVE), pero era un defensor a ultranza de la industria. Y era tambi\u00e9n un gran admirador del general De Gaulle. Por ello se entusiasm\u00f3 cuando supo que la Rep\u00fablica Francesa propon\u00eda al gobierno de Franco la instalaci\u00f3n de una segunda central nuclear en Espa\u00f1a, con tecnolog\u00eda francesa, ubicada en un lugar no muy lejano de la frontera. La primera central nuclear espa\u00f1ola se estaba construyendo en el municipio de Almonacid de Zorita (Guadalajara) con tecnolog\u00eda norteamericana \u2014reactor Westinghouse\u2014, en el marco de los acuerdos de cooperaci\u00f3n con Estados Unidos.<\/p>\n<p data-gtm-element-container=\"modulo-texto-link\" class=\"paragraph\">De Gaulle, que hab\u00eda puesto en marcha un ambicioso proyecto nuclear con tecnolog\u00eda propia, quer\u00eda poner pie en Espa\u00f1a. Estaba dispuesto a comprar parte de la energ\u00eda que produjese esa central, por ello ped\u00eda una ubicaci\u00f3n cercana a la frontera. Pla se entusiasm\u00f3. Con un grupo de amigos inici\u00f3 una silente campa\u00f1a para que la oferta gaullista se materializase en unos terrenos situados cerca de la desembocadura del r\u00edo Ter, junto a la playa de Pals. A\u00f1ado un imprescindible dato de contexto: la obtenci\u00f3n de energ\u00eda el\u00e9ctrica mediante la fisi\u00f3n del \u00e1tomo no ten\u00eda adversarios en 1965. En plena Guerra Fr\u00eda, norteamericanos y sovi\u00e9ticos estaban de acuerdo en ensalzar el \u201cuso del \u00e1tomo para fines pac\u00edficos\u201d. El movimiento antinuclear empez\u00f3 a tomar fuerza en los a\u00f1os setenta a ra\u00edz de la continua detonaci\u00f3n de bombas at\u00f3micas en el subsuelo o en atolones del Pac\u00edfico, espoleado tambi\u00e9n por los primeros accidentes en centrales norteamericanas (Browns Ferry y Harrisburg).<\/p>\n<p data-gtm-element-container=\"modulo-texto-link\" class=\"paragraph\">Pals ya era un lugar estrat\u00e9gico. Desde 1959, en aquella zona de matorrales mediterr\u00e1neos operaba Radio Free Europe, m\u00e1s tarde fusionada con Radio Liberty, emisora de la CIA que transmit\u00eda propaganda anticomunista a los pa\u00edses del este y a la Uni\u00f3n Sovi\u00e9tica. Escogieron aquel lugar por hallarse lejos de una gran ciudad, en un paraje tranquilo y poco frecuentado. Era la emisora m\u00e1s potente de la CIA en Europa. Sus antenas eran enormes. Josep Pla ten\u00eda ojo cl\u00ednico: puesto que la extensa playa de Pals ya se destinaba a usos duros, tambi\u00e9n pod\u00eda tener una central nuclear en sus inmediaciones. \u00c1tomos y ondas.<\/p>\n<p data-gtm-element-container=\"modulo-texto-link\" class=\"paragraph\">A los pioneros del turismo en la Costa Brava, por el contrario, no les pareci\u00f3 una buena idea. En 1965 el turismo ya despuntaba y la Costa Brava, nombre acu\u00f1ado en 1908 por el diario nacionalista La Veu de Catalunya, era percibida como un lugar selecto. El almirante Carrero Blanco, que pasaba algunos d\u00edas de vacaciones en Begur, no muy lejos de Pals, tuvo noticia de la idea de Pla y tambi\u00e9n escuch\u00f3 a los empresarios. Y baj\u00f3 el pulgar.<\/p>\n<p data-gtm-element-container=\"modulo-texto-link\" class=\"paragraph\">La segunda central nuclear espa\u00f1ola acabar\u00eda construy\u00e9ndose sobre una s\u00f3lida superficie rocosa del t\u00e9rmino municipal de Vandell\u00f2s i l\u2019Hospitalet de l\u2019Infant, en el litoral de la provincia de Tarragona, zona muy poco frecuentada por los turistas. El 5 de enero de 1972, v\u00edspera del d\u00eda de Reyes, Pla fue invitado a visitar la central Vandell\u00f2s I, a punto de ser inaugurada. Esa historia, relativamente poco conocida, inspir\u00f3 un texto teatral escrito a cuatro manos por el novelista Juli\u00e0 de J\u00f2dar y un servidor en 2011. Se titula Radiacions y versa sobre el encuentro de dos viejos amigos con cuentas pendientes, que se citan en un lugar desangelado del litoral de Badalona, el Pont del Petroli, para hablar de un proyecto aparentemente descabellado. La cineasta Judith Colell dirigi\u00f3 una <a href=\"https:\/\/www.3cat.cat\/3cat\/radiacions\/video\/4573211\/\" target=\"_blank\" rel=\"nofollow noreferrer noopener\">adaptaci\u00f3n de Radiacions<\/a> para TV3.\u00a0<\/p>\n<p data-gtm-element-container=\"modulo-texto-link\" class=\"paragraph\">Cuando escribimos ese texto acababa de producirse el grave accidente de la central Fukushima (Jap\u00f3n) y el relanzamiento de la energ\u00eda nuclear parec\u00eda imposible. A\u00fan est\u00e1bamos inmersos en la crisis econ\u00f3mica. No as\u00ed en Alemania, donde la canciller Angela Merkel ya maduraba la decisi\u00f3n de cerrar las centrales nucleares para salir en b\u00fasqueda de las energ\u00edas renovables utilizando el puente de plata del gas ruso. Un puente con tarifas razonables. Un puente que en Washington ten\u00edan marcado con un c\u00edrculo rojo. Ven\u00eda un tiempo llamado Transici\u00f3n Ecol\u00f3gica. Ese tiempo est\u00e1 colapsando. Si a\u00fan no lo tienen claro, lean el documento de la nueva Estrategia de Seguridad Nacional de los Estados Unidos <a href=\"https:\/\/legrandcontinent.eu\/es\/2025\/12\/07\/estrategia-de-seguridad-nacional-estadounidense-el-plan-de-la-casa-blanca-contra-europa-texto-integro\/\" target=\"_blank\" rel=\"nofollow noreferrer noopener\">publicada el pasado viernes<\/a>. Vuelve la presi\u00f3n en favor de la energ\u00eda nuclear y Josep Pla debe estar liando un cigarrillo de picadura all\u00e1 en los cielos.<\/p>\n<p data-gtm-element-container=\"modulo-texto-link\" class=\"paragraph\">Catalunya es nuclear. Catalunya es nuclear desde la discusi\u00f3n sobre Pals, que hoy provocar\u00eda un ruido insoportable en las redes sociales. Lo digo para que entendamos mejor la textura de aquella \u00e9poca, que era un tiempo de silencios. Es interesante ver la distribuci\u00f3n territorial de la producci\u00f3n de energ\u00eda en Espa\u00f1a. Pen\u00ednsulas ha buscado los datos con la inestimable colaboraci\u00f3n de Santiago Fern\u00e1ndez Mu\u00f1oz, profesor de Geograf\u00eda Humana en la Universidad Carlos III de Madrid.<\/p>\n<p data-gtm-element-container=\"modulo-texto-link\" class=\"paragraph\">Son datos significativos. Catalunya cuenta en estos momentos con tres centrales nucleares (Vandell\u00f2s II, Asc\u00f3 I y Asc\u00f3 II) y lidera la producci\u00f3n de energ\u00eda el\u00e9ctrica en Espa\u00f1a con un porcentaje del 14,3%. Le siguen Extremadura (11,9%), Castilla-La Mancha (11,7%), Andaluc\u00eda (11,6%), Castilla y Le\u00f3n (10,3%), Galicia (8,8%) y Arag\u00f3n (8,3%). Estas siete comunidades generan el 77% del total de la energ\u00eda el\u00e9ctrica consumida en Espa\u00f1a. Hay territorios claramente exportadores de energ\u00eda y entre ellos destacan Extremadura (central nuclear de Almaraz), las dos Castillas, Arag\u00f3n y Galicia. Por su parte, las grandes importadoras son la Comunidad de Madrid, la Comunidad Valenciana y el Pa\u00eds Vasco. Andaluc\u00eda y Catalunya tambi\u00e9n producen menos energ\u00eda de la que consumen, pero sus balances son m\u00e1s equilibrados. En el caso catal\u00e1n se trata de un equilibrio precario, puesto que depende de la continuidad de sus tres centrales nucleares, que generan el 60% de la electricidad consumida.<\/p>\n<p data-gtm-element-container=\"modulo-texto-link\" class=\"paragraph\">M\u00e1s datos. La energ\u00eda de origen nuclear se genera en siete centrales ubicadas en cuatro comunidades (Catalunya, Castilla-La Mancha, Comunidad Valenciana y Extremadura), pero se concentra especialmente en los tres reactores Vandell\u00f2s y Asc\u00f3, cuyas turbinas produjeron en el a\u00f1o pasado el 55% del total de la energ\u00eda nuclear espa\u00f1ola, seguidos de los dos reactores de Almaraz. Nos vamos situando.<\/p>\n<p data-gtm-element-container=\"modulo-texto-link\" class=\"paragraph\">El 82% de la producci\u00f3n renovable se acumula en Andaluc\u00eda, Arag\u00f3n, Castilla-La Mancha, Castilla y Le\u00f3n, Extremadura y Galicia (datos de 2024). Estas seis comunidades, todas ellas con territorios en la Espa\u00f1a interior, con zonas de baja demograf\u00eda, han apostado claramente por las renovables. Observen a continuaci\u00f3n dos mapas sobre la distribuci\u00f3n de los parques fotovoltaicos (en rojo) y de los parques e\u00f3licos (en verde).<\/p>\n<p>                <img loading=\"lazy\" decoding=\"async\" data-full-src=\"https:\/\/www.lavanguardia.com\/uploads\/2025\/12\/09\/69375909b90c3.jpeg\" alt=\"Distribuci\u00f3n de las plantas de energ\u00eda solar (rojo) y de los parques de energ\u00eda e\u00f3lica (verde)\" width=\"449\" height=\"220\" src=\"https:\/\/www.europesays.com\/es\/wp-content\/uploads\/2025\/12\/69375909b90c3.jpeg\" class=\"lazy\"\/><\/p>\n<p class=\"caption-title \">Distribuci\u00f3n de las plantas de energ\u00eda solar (rojo) y de los parques de energ\u00eda e\u00f3lica (verde)<\/p>\n<p>                    REE<\/p>\n<p data-gtm-element-container=\"modulo-texto-link\" class=\"paragraph\">Queda claro que la apuesta por las renovables no es compartida por todos los territorios. Entre las cinco comunidades con mayor demanda el\u00e9ctrica, cuatro tienen una escasa producci\u00f3n de renovables: Catalunya, Comunidad Valenciana, Madrid y Pa\u00eds Vasco. En todas ellas el crecimiento de la energ\u00eda solar y e\u00f3lica ha sido muy inferior a la media. Catalunya tiene, con diferencia, la mayor demanda el\u00e9ctrica de Espa\u00f1a, resultado del mayor peso de la industria y del tama\u00f1o y densidad de su poblaci\u00f3n. Produce el 14,3% de la energ\u00eda y consume el 17,7%. Es levemente deficitaria. Sin embargo, apenas el 19% de su electricidad es renovable. La mitad de su energ\u00eda verde se origina en las hist\u00f3ricas centrales hidroel\u00e9ctricas del Pirineo y del Ebro. En toda la provincia de Girona no se produce ni un solo GWh de energ\u00eda e\u00f3lica y solo 29 GWh de energ\u00eda de solar, que representa el 0,06% del total. La provincia de Barcelona presenta una situaci\u00f3n similar: produce 133 GWh de solar (el 0,3% del total espa\u00f1ol) y 386 de e\u00f3lica, el 0,0006%.<\/p>\n<p data-gtm-element-container=\"modulo-texto-link\" class=\"paragraph\">Durante los diez largos a\u00f1os del proc\u00e9s y su denso ep\u00edlogo en Catalunya se gobern\u00f3 poco. Los asuntos problem\u00e1ticos eran sistem\u00e1ticamente orillados en beneficio de la utop\u00eda disponible. Todo se arreglar\u00eda con la independencia. Muchos hablaban de soberan\u00eda y algunos ignoraban que la soberan\u00eda energ\u00e9tica de Catalunya se halla depositada en la mesa del Consejo de Ministros de la Rep\u00fablica Italiana, puesto que las tres centrales nucleares catalanas son italianas desde el 2009. Su principal accionista es Endesa, filial de la empresa estatal italiana de electricidad, Enel, controlada por el Tesoro. Llegados aqu\u00ed, Pla quiz\u00e1s se quedar\u00eda un poco perplejo, pese a su sutil simpat\u00eda por las ciudades italianas.<\/p>\n<p data-gtm-element-container=\"modulo-texto-link\" class=\"paragraph\">En Madrid no hay centrales nucleares, pero la turbo-comunidad que todo lo atrapa apenas produce el 0,4% del total de la energ\u00eda renovable del pa\u00eds; no genera ni un solo GWh de energ\u00eda e\u00f3lica y apenas 227 de solar, el 1% del total. Isabel D\u00edaz Ayuso anunci\u00f3 recientemente un plan para limitar la implantaci\u00f3n de plantas fotovoltaicas \u201cpara proteger la agricultura\u201d. Vox apoya esta posici\u00f3n y califica de \u201ccampos llenos de chatarra\u201d las plantas fotovoltaicas.<\/p>\n<p data-gtm-element-container=\"modulo-texto-link\" class=\"paragraph\">Las grandes regiones urbanas, las m\u00e1s ricas, las que hoy concentran las mejores expectativas de futuro, han decidido proteger sus territorios ante las protestas de quienes se sienten afectados por las inc\u00f3modas instalaciones de energ\u00eda renovable. En consecuencia, estas se han concentrado m\u00e1s en la Espa\u00f1a interior, donde la despoblaci\u00f3n reduce la resistencia social. Hay m\u00e1s espacio y menos protestas. Las plantas fotovoltaicas est\u00e1n m\u00e1s presentes en la mitad sur del pa\u00eds, y los parques e\u00f3licos se hallan m\u00e1s concentrados en el centro-norte y en Galicia. Cualquiera que recorra Espa\u00f1a puede ver como los molinos e\u00f3licos y las placas solares se extienden en corredores en el entorno de las l\u00edneas de alta tensi\u00f3n y son ya los elementos que definen el car\u00e1cter de muchos paisajes. Cada vez m\u00e1s grandes, los aerogeneradores forman bosques extensos en La Mancha, en el valle del Ebro, en las costas gallegas y gaditanas, en el corredor Valladolid \u2013 Burgos\u2026 Las placas fotovoltaicas se multiplican en la campi\u00f1a sevillana, en Extremadura y en los Monegros.<\/p>\n<p data-gtm-element-container=\"modulo-texto-link\" class=\"paragraph\">La Espa\u00f1a interior produce la mayor parte de la energ\u00eda renovable y en las provincias de Gipuzkoa, Madrid y Girona, que figuran entre las m\u00e1s ricas, no se genera ni un solo gigavatio de energ\u00eda e\u00f3lica. Entre susurros, en Catalunya se empieza a discutir sobre la continuidad de las centrales nucleares, asunto que hace diez a\u00f1os era tab\u00fa. Y en el Madrid DF demandan m\u00e1s electricidad para construir grandes centros de datos que les den l\u00ednea directa con los oligarcas de la industria tecnol\u00f3gica norteamericana.<\/p>\n<p data-gtm-element-container=\"modulo-texto-link\" class=\"paragraph\">Pals no produce electricidad, pero pronto escucharemos emisiones en onda corta de Radio Free Europe llamando a destruir la Uni\u00f3n Europea.<\/p>\n<p data-gtm-element-container=\"modulo-texto-link\" class=\"paragraph\">(Este nuevo cap\u00edtulo de &#8216;Pen\u00ednsulas&#8217; ha contado con la colaboraci\u00f3n de Santiago Fern\u00e1ndez Mu\u00f1oz, profesor de Geograf\u00eda Humana en la Universidad Carlos III de Madrid, socio de SILO y antiguo jefe de proyectos de la divisi\u00f3n de Evaluaci\u00f3n de Pol\u00edticas P\u00fablicas de la AIReF.)<\/p>\n","protected":false},"excerpt":{"rendered":"Josep Pla, periodista, escritor, gran figura de la literatura catalana, fue un firme defensor de la energ\u00eda nuclear.&hellip;\n","protected":false},"author":2,"featured_media":279372,"comment_status":"","ping_status":"","sticky":false,"template":"","format":"standard","meta":{"footnotes":""},"categories":[42],"tags":[17,18,13,14,11,61,62,63,64,19,20,9,10,15,16,12,21,22,65,66,67],"class_list":{"0":"post-279371","1":"post","2":"type-post","3":"status-publish","4":"format-standard","5":"has-post-thumbnail","7":"category-internacional","8":"tag-breaking-news","9":"tag-breakingnews","10":"tag-featured-news","11":"tag-featurednews","12":"tag-headlines","13":"tag-internacional","14":"tag-international","15":"tag-international-news","16":"tag-internationalnews","17":"tag-latest-news","18":"tag-latestnews","19":"tag-news","20":"tag-noticias","21":"tag-noticias-destacadas","22":"tag-noticiasdestacadas","23":"tag-titulares","24":"tag-ultimas-noticias","25":"tag-ultimasnoticias","26":"tag-world","27":"tag-world-news","28":"tag-worldnews"},"share_on_mastodon":{"url":"https:\/\/pubeurope.com\/@es\/115689543010714830","error":""},"_links":{"self":[{"href":"https:\/\/www.europesays.com\/es\/wp-json\/wp\/v2\/posts\/279371","targetHints":{"allow":["GET"]}}],"collection":[{"href":"https:\/\/www.europesays.com\/es\/wp-json\/wp\/v2\/posts"}],"about":[{"href":"https:\/\/www.europesays.com\/es\/wp-json\/wp\/v2\/types\/post"}],"author":[{"embeddable":true,"href":"https:\/\/www.europesays.com\/es\/wp-json\/wp\/v2\/users\/2"}],"replies":[{"embeddable":true,"href":"https:\/\/www.europesays.com\/es\/wp-json\/wp\/v2\/comments?post=279371"}],"version-history":[{"count":0,"href":"https:\/\/www.europesays.com\/es\/wp-json\/wp\/v2\/posts\/279371\/revisions"}],"wp:featuredmedia":[{"embeddable":true,"href":"https:\/\/www.europesays.com\/es\/wp-json\/wp\/v2\/media\/279372"}],"wp:attachment":[{"href":"https:\/\/www.europesays.com\/es\/wp-json\/wp\/v2\/media?parent=279371"}],"wp:term":[{"taxonomy":"category","embeddable":true,"href":"https:\/\/www.europesays.com\/es\/wp-json\/wp\/v2\/categories?post=279371"},{"taxonomy":"post_tag","embeddable":true,"href":"https:\/\/www.europesays.com\/es\/wp-json\/wp\/v2\/tags?post=279371"}],"curies":[{"name":"wp","href":"https:\/\/api.w.org\/{rel}","templated":true}]}}