{"id":279383,"date":"2025-12-09T12:21:08","date_gmt":"2025-12-09T12:21:08","guid":{"rendered":"https:\/\/www.europesays.com\/es\/279383\/"},"modified":"2025-12-09T12:21:08","modified_gmt":"2025-12-09T12:21:08","slug":"lo-de-salah-es-vergonzoso-era-conocido-como-el-tipo-que-fracaso-en-el-chelsea","status":"publish","type":"post","link":"https:\/\/www.europesays.com\/es\/279383\/","title":{"rendered":"Lo de Salah es vergonzoso, era conocido como el tipo que fracas\u00f3 en el Chelsea"},"content":{"rendered":"<p data-gtm-element-container=\"modulo-texto-link\" class=\"paragraph\">La situaci\u00f3n de <strong>Salah<\/strong> (33 a\u00f1os) en el <strong>Liverpool <\/strong>sigue dando que hablar. El egipcio, suplente en los \u00faltimos tres partidos del equipo, explot\u00f3 tras no jugar ni un minuto contra el <strong>Leeds United (<\/strong>3-3).\u00a0\u00a0\u00abPara ser sincero, no me parece aceptable. No s\u00e9 por qu\u00e9 siempre me pasa. No puedo creerlo, estoy muy decepcionado. He hecho tanto por este club, todo el mundo lo ha visto, especialmente la temporada pasada. Estar en el banquillo, no s\u00e9 por qu\u00e9. Siento que el club me est\u00e1 dejando en rid\u00edculo. As\u00ed me siento\u201d, dijo un Salah que en una semana se marchar\u00e1 a jugar la Copa \u00c1frica con su selecci\u00f3n.<\/p>\n<p data-gtm-element-container=\"modulo-texto-link\" class=\"paragraph\">El castigo acordado entre <strong>Arne Slot <\/strong>y el club ha sido dejarle fuera de la convocatoria del partido de Champions contra el Inter, pero el tema sigue dando que hablar. Uno de los \u00faltimos en pronunciarse ha sido<strong> Jamie Carragher,<\/strong> ex jugador del Liverpool, que ha aprovechado la situaci\u00f3n para descargar contra el egipcio sacando trapos sucios del pasado incluso.\u00a0<\/p>\n<p data-gtm-element-container=\"modulo-texto-link\" class=\"paragraph\">\u201cMe pareci\u00f3 vergonzoso lo que hizo despu\u00e9s del partido. Algunas personas lo han descrito como un arrebato emocional, pero yo no lo creo as\u00ed. Cada vez que Mo Salah se detiene en la zona mixta, algo que ha hecho cuatro veces en ocho a\u00f1os en el Liverpool, es algo coreografiado entre \u00e9l y su agente para causar el m\u00e1ximo da\u00f1o posible y reforzar su propia posici\u00f3n. Lo hizo hace 12 meses y yo se lo recrimin\u00e9. Jug\u00f3 con los sentimientos de los aficionados del Liverpool. El Liverpool era l\u00edder de la liga. Ese era el momento de salir y presionar a la directiva del Liverpool, as\u00ed que durante el resto de la temporada habr\u00eda pancartas entre el p\u00fablico diciendo que le dieran el dinero que ped\u00eda a Mo. Esta vez ha esperado a que el Liverpool obtuviera un mal resultado. Los aficionados del Liverpool, los directivos, el entrenador&#8230; todos los que forman parte del club se sienten como si estuvieran en la cuneta en este momento, y \u00e9l ha elegido ese momento para ir a por el entrenador y tal vez intentar que lo despidan. As\u00ed es como yo lo veo\u201d, comenz\u00f3 afirmando Jamie Carragher.<\/p>\n<p data-gtm-element-container=\"modulo-texto-link\" class=\"paragraph\">Un discurso muy largo en el que toc\u00f3 diversos temas, destacando la frase de Salah en la que aseguraba sentir que le hab\u00edan bajado del autob\u00fas. \u00ab\u00c9l ha intentado \u2018echar al club bajo el autob\u00fas\u2019 dos veces en los \u00faltimos 12 meses. Ahora, yendo tras los mismos propietarios que le han estado pagando cientos de miles de libras durante seis a\u00f1os. Hace un a\u00f1o se quej\u00f3 porque no le hab\u00edan renovado el contrato a los 32 a\u00f1os, y ten\u00eda todo el derecho a hacerlo\u00bb.<\/p>\n<p>    Lee tambi\u00e9n<\/p>\n<p data-gtm-element-container=\"modulo-texto-link\" class=\"paragraph\">Por \u00faltimo, se lamenta de que el atacante no est\u00e9 valorando el hecho de que su carrera cambi\u00f3 en el momento en el que lleg\u00f3 a Anfield.\u00a0\u201cUna cosa que quiero recordarle a Mo Salah, o quiz\u00e1 a su agente, es que antes de llegar al Liverpool, Mo Salah era conocido como \u2018el tipo que fracas\u00f3 en el Chelsea\u2019. Es un hecho. Nunca hab\u00eda ganado un t\u00edtulo importante antes de llegar al Liverpool. Tambi\u00e9n es el mejor jugador que ha tenido Egipto, la naci\u00f3n m\u00e1s exitosa en la Copa de \u00c1frica, en la que va a participar en dentro de un par de semanas. Mo Salah nunca la ha ganado\u201d.<\/p>\n","protected":false},"excerpt":{"rendered":"La situaci\u00f3n de Salah (33 a\u00f1os) en el Liverpool sigue dando que hablar. El egipcio, suplente en los&hellip;\n","protected":false},"author":2,"featured_media":279384,"comment_status":"","ping_status":"","sticky":false,"template":"","format":"standard","meta":{"footnotes":""},"categories":[268],"tags":[168,25,24,280,282,281,23,167],"class_list":{"0":"post-279383","1":"post","2":"type-post","3":"status-publish","4":"format-standard","5":"has-post-thumbnail","7":"category-futbol","8":"tag-deportes","9":"tag-es","10":"tag-espana","11":"tag-football","12":"tag-futbol","13":"tag-soccer","14":"tag-spain","15":"tag-sports"},"share_on_mastodon":{"url":"https:\/\/pubeurope.com\/@es\/115689585792649004","error":""},"_links":{"self":[{"href":"https:\/\/www.europesays.com\/es\/wp-json\/wp\/v2\/posts\/279383","targetHints":{"allow":["GET"]}}],"collection":[{"href":"https:\/\/www.europesays.com\/es\/wp-json\/wp\/v2\/posts"}],"about":[{"href":"https:\/\/www.europesays.com\/es\/wp-json\/wp\/v2\/types\/post"}],"author":[{"embeddable":true,"href":"https:\/\/www.europesays.com\/es\/wp-json\/wp\/v2\/users\/2"}],"replies":[{"embeddable":true,"href":"https:\/\/www.europesays.com\/es\/wp-json\/wp\/v2\/comments?post=279383"}],"version-history":[{"count":0,"href":"https:\/\/www.europesays.com\/es\/wp-json\/wp\/v2\/posts\/279383\/revisions"}],"wp:featuredmedia":[{"embeddable":true,"href":"https:\/\/www.europesays.com\/es\/wp-json\/wp\/v2\/media\/279384"}],"wp:attachment":[{"href":"https:\/\/www.europesays.com\/es\/wp-json\/wp\/v2\/media?parent=279383"}],"wp:term":[{"taxonomy":"category","embeddable":true,"href":"https:\/\/www.europesays.com\/es\/wp-json\/wp\/v2\/categories?post=279383"},{"taxonomy":"post_tag","embeddable":true,"href":"https:\/\/www.europesays.com\/es\/wp-json\/wp\/v2\/tags?post=279383"}],"curies":[{"name":"wp","href":"https:\/\/api.w.org\/{rel}","templated":true}]}}