{"id":279385,"date":"2025-12-09T12:22:09","date_gmt":"2025-12-09T12:22:09","guid":{"rendered":"https:\/\/www.europesays.com\/es\/279385\/"},"modified":"2025-12-09T12:22:09","modified_gmt":"2025-12-09T12:22:09","slug":"luis-tosar-se-dirige-directamente-al-19-de-jovenes-que-defienden-a-franco-de-una-forma-que-no-esta-dejando-de-compartirse","status":"publish","type":"post","link":"https:\/\/www.europesays.com\/es\/279385\/","title":{"rendered":"Luis Tosar se dirige directamente al 19% de j\u00f3venes que defienden a Franco de una forma que no est\u00e1 dejando de compartirse"},"content":{"rendered":"<p><b>Una intervenci\u00f3n del actor <\/b><a href=\"https:\/\/www.3cat.cat\/3cat\/luis-tosar-aquesta-democracia-necessita-una-mica-de-reforma\/audio\/1263498\/\" rel=\"nofollow noopener\" target=\"_blank\"><b>Luis Tosar<\/b> en una entrevista en 3CatRadio<\/a> est\u00e1 arrasando en las \u00faltimas horas en redes sociales. Su mensaje est\u00e1 dirigido a ese<a href=\"https:\/\/www.huffingtonpost.es\/virales\/el-19-jovenes-espanoles-creenos-franquismo-muy-buenos-ramoncin-da-clave-respuesta.html\" rel=\"nofollow noopener\" target=\"_blank\"> 19% de los j\u00f3venes espa\u00f1oles de 18 a 24 a\u00f1os<\/a> que, seg\u00fan un reciente bar\u00f3metro del Centro de Investigaciones Sociol\u00f3gicas (CIS), cree que durante la dictadura de Franco fueron unos a\u00f1os \u00abbuenos\u00bb o \u00abmuy buenos\u00bb para el pa\u00eds y para todos sus ciudadanos.<\/p>\n<p>\u00abLa pel\u00edcula comienza con un momento muy doloroso de la historia de Espa\u00f1a como son los muertos enterrados en cunetas,<b> \u00bfte preocupa que haya un negacionismo, especialmente por parte de la extrema derecha<\/b> sobre todo?\u00bb, fue preguntado el actor, que est\u00e1 promocionando Golpes, su nueva pel\u00edcula.<\/p>\n<p>Tosar fue muy rotundo: \u00abEstamos viviendo un tiempo muy extra\u00f1o. Me produce mucho dolor <b>escuchar a chavalitos de 14 o 15 a\u00f1os reivindicando la figura de Franco <\/b>como si ese se\u00f1or no fuera el que un 18 de julio se alz\u00f3 en armas para reventar a un gobierno leg\u00edtimo y provoc\u00f3 una guerra de tres a\u00f1os en este pa\u00eds que a\u00fan estamos pagando en dolor y gente enterrada en cunetas\u00bb.\u00a0<\/p>\n<p><b>\u00abNo s\u00e9 si identifican que es la misma persona<\/b>, que este se\u00f1or someti\u00f3 a este pa\u00eds a 40 a\u00f1os de sufrimiento, oscuridad, retraso con respecto al entorno y que provoc\u00f3 muchas muertes. Me parece terrible\u00bb, remat\u00f3.<\/p>\n<p>Adem\u00e1s, tambi\u00e9n aprovech\u00f3 para mandar un recado a la clase pol\u00edtica que no condena este periodo: \u00abMe parece terrible que por puro r\u00e9dito pol\u00edtico <b>haya mucha gente trabajando para que esto siga ocurriendo<\/b> as\u00ed, es muy triste lo que est\u00e1 ocurriendo en este pa\u00eds, la verdad\u00bb.<\/p>\n<p>Defendi\u00f3 la libertad de expresi\u00f3n que hay hoy en d\u00eda<\/p>\n<p>Durante la conversaci\u00f3n, Tosar defendi\u00f3 la libertad de expresi\u00f3n y <b>quiso reivindicar su mensaje<\/b>, as\u00ed como conden\u00f3 a los que denuncian que hoy en d\u00eda se puede hablar menos que hace a\u00f1os.<\/p>\n<p>\u00abEntiendo que a la gente no le interese lo que yo pueda opinar, ni siquiera aspiro a eso, pero entiendo que yo tengo derecho a expresarme y contar lo que ocurre en mi vida que es la vida de un ciudadano que se ve alterada por la pol\u00edtica. <b>Considero que es sano que uno pueda expresarse libremente<\/b>\u00ab, empez\u00f3 diciendo.\u00a0<\/p>\n<p>El actor, finalmente, remat\u00f3 asegurando que \u00abest\u00e1 este discurso de que ahora ya no se puede hablar en ning\u00fan sitio y <b>es precisamente la era en la que se puede hablar de todo<\/b> en cualquier lado\u00bb.<\/p>\n<p>\u00abY a veces peligrosamente porque <b>hay discursos que a m\u00ed me dan miedo <\/b>que se puedan expresar de manera libre, pero lo pueden hacer\u00bb, apostill\u00f3.\u00a0<\/p>\n<p>Sus palabras han sido compartidas en la red social de X y en cuesti\u00f3n de horas <b>llevan ya m\u00e1s de 11.000 me gusta<\/b> y han sido vistas m\u00e1s de 150.000 veces.<\/p>\n","protected":false},"excerpt":{"rendered":"Una intervenci\u00f3n del actor Luis Tosar en una entrevista en 3CatRadio est\u00e1 arrasando en las \u00faltimas horas en&hellip;\n","protected":false},"author":2,"featured_media":279386,"comment_status":"","ping_status":"","sticky":false,"template":"","format":"standard","meta":{"footnotes":""},"categories":[174],"tags":[255,146,147,25,24,256,1470,15752,23],"class_list":{"0":"post-279385","1":"post","2":"type-post","3":"status-publish","4":"format-standard","5":"has-post-thumbnail","7":"category-famosos","8":"tag-celebrities","9":"tag-entertainment","10":"tag-entretenimiento","11":"tag-es","12":"tag-espana","13":"tag-famosos","14":"tag-franquismo","15":"tag-luis-tosar","16":"tag-spain"},"share_on_mastodon":{"url":"https:\/\/pubeurope.com\/@es\/115689589721032490","error":""},"_links":{"self":[{"href":"https:\/\/www.europesays.com\/es\/wp-json\/wp\/v2\/posts\/279385","targetHints":{"allow":["GET"]}}],"collection":[{"href":"https:\/\/www.europesays.com\/es\/wp-json\/wp\/v2\/posts"}],"about":[{"href":"https:\/\/www.europesays.com\/es\/wp-json\/wp\/v2\/types\/post"}],"author":[{"embeddable":true,"href":"https:\/\/www.europesays.com\/es\/wp-json\/wp\/v2\/users\/2"}],"replies":[{"embeddable":true,"href":"https:\/\/www.europesays.com\/es\/wp-json\/wp\/v2\/comments?post=279385"}],"version-history":[{"count":0,"href":"https:\/\/www.europesays.com\/es\/wp-json\/wp\/v2\/posts\/279385\/revisions"}],"wp:featuredmedia":[{"embeddable":true,"href":"https:\/\/www.europesays.com\/es\/wp-json\/wp\/v2\/media\/279386"}],"wp:attachment":[{"href":"https:\/\/www.europesays.com\/es\/wp-json\/wp\/v2\/media?parent=279385"}],"wp:term":[{"taxonomy":"category","embeddable":true,"href":"https:\/\/www.europesays.com\/es\/wp-json\/wp\/v2\/categories?post=279385"},{"taxonomy":"post_tag","embeddable":true,"href":"https:\/\/www.europesays.com\/es\/wp-json\/wp\/v2\/tags?post=279385"}],"curies":[{"name":"wp","href":"https:\/\/api.w.org\/{rel}","templated":true}]}}