{"id":279389,"date":"2025-12-09T12:25:10","date_gmt":"2025-12-09T12:25:10","guid":{"rendered":"https:\/\/www.europesays.com\/es\/279389\/"},"modified":"2025-12-09T12:25:10","modified_gmt":"2025-12-09T12:25:10","slug":"cuenta-una-version-muy-suya-ojala-tuviese-tambien-buena-memoria","status":"publish","type":"post","link":"https:\/\/www.europesays.com\/es\/279389\/","title":{"rendered":"Cuenta una versi\u00f3n muy suya, ojal\u00e1 tuviese tambi\u00e9n buena memoria"},"content":{"rendered":"<p class=\"ft-text\">Una de las grandes fortalezas de la serie<strong> &#8216;El caso Asunta&#8217;,<\/strong> que ha cosechado un gran \u00e9xito entre el p\u00fablico, es el papel de Candela Pe\u00f1a como <strong>Rosario Porto<\/strong>. Una interpretaci\u00f3n que se ha resaltado tambi\u00e9n por parte de la<strong> cr\u00edtica<\/strong> y que ha contribuido a que la producci\u00f3n haya tenido un gran recorrido (y lo sigue teniendo a trav\u00e9s de plataformas).<\/p>\n<p class=\"ft-text\">Candela Pe\u00f1a ha asegurado en varias entrevistas que cuando realiz\u00f3 el <strong>c\u00e1sting para la serie<\/strong> le propusieron otro papel, el de la guardia civil, pero que ella insisti\u00f3 en que quer\u00eda el de Rosario Porto y le pidi\u00f3 al <strong>productor que le hiciera una prueba <\/strong>porque \u00abno la conoc\u00eda\u00bb. El resto es historia, ella finalmente interpret\u00f3 a la protagonista y triunf\u00f3.<\/p>\n<p class=\"ft-text\">Sin embargo, el productor aludido, <strong>Ram\u00f3n Campos S\u00e1ez, de Bamb\u00fa Producciones<\/strong>, ha querido matizar a Candela Pe\u00f1a a trav\u00e9s de sus redes sociales: \u00abCada vez que Candela Pe\u00f1a habla del productor de &#8216;El caso Asunt&#8217;a en entrevistas \u2014sin nombrarlo\u2014 habla de m\u00ed. Y cada vez que cuenta c\u00f3mo lleg\u00f3 a la serie, cuenta<strong> una versi\u00f3n\u2026 digamos\u2026 muy suya<\/strong>. La realidad fue un poco distinta\u00bb, comienza su relato el productor.<\/p>\n<p>\u00abEntend\u00ed que hab\u00eda algo m\u00e1s\u00bb<\/p>\n<p class=\"ft-text\">\u00abQued\u00e9 con Candela y <strong>con su representante en la cafeter\u00eda <\/strong>del Hotel Riu porque quer\u00eda ofrecerle el papel de la polic\u00eda que luego interpret\u00f3 Mar\u00eda Le\u00f3n. Yo no la conoc\u00eda personalmente, as\u00ed que lo \u00fanico que ten\u00eda en la cabeza era su personaje p\u00fablico: intenso, directo, impredecible. Eso es cierto\u00bb, contin\u00faa Campos S\u00e1ez, que prosigue: \u00abPero tambi\u00e9n lo es que, cuando empezamos a hablar, <strong>entend\u00ed que hab\u00eda algo m\u00e1s<\/strong>. Hab\u00eda algo en su mirada, en c\u00f3mo escuchaba, en c\u00f3mo llenaba el silencio\u2026 que me hizo pensar: s\u00ed, ella puede ser Rosario. Tanto que, al terminar la reuni\u00f3n, treinta minutos despu\u00e9s,<strong> le propuse hacer una prueba para enviar a Netflix\u00bb.<\/strong><\/p>\n<p class=\"ft-text\">En ese punto, explica el productor,<strong> \u00abya estaba convencido de que pod\u00eda hacerlo. <\/strong>Aun as\u00ed, como sab\u00eda que a quien no la conociera pod\u00eda sucederle lo mismo que a m\u00ed, decid\u00ed preparar la mejor prueba que he visto hacer en este pa\u00eds. Contrat\u00e9 al equipo de maquillaje y peluquer\u00eda que luego trabajar\u00eda en la serie. Trajimos pelucas y trabajamos el maquillaje para hacer desaparecer a Candela y que apareciese Rosario. <strong>Tambi\u00e9n al director, al director de fotograf\u00eda y al foto fija.<\/strong> Estuvimos una jornada entera solo para ella. Cualquiera que haya hecho casting sabe que eso no es lo habitual. Ni de cerca. No hicimos prueba a nadie m\u00e1s. Fue la \u00fanica actriz a la que probamos\u00bb, asegura con rotundidad.<\/p>\n<p class=\"ft-text\">De hecho, concluye, \u00abla primera fotograf\u00eda que Netflix public\u00f3 de la serie sali\u00f3 de ese d\u00eda. De esa prueba. De ese casting. Es la que acompa\u00f1a este post. Yo mismo le di las indicaciones de c\u00f3mo deb\u00eda posar para esa foto. El pasillo que sale tras ella es el pasillo de nuestras oficinas. <strong>Candela tiene un talento inmenso. <\/strong>Transformador. A veces desconcertante.<strong> Ojal\u00e1 tuviese tambi\u00e9n buena memoria\u00bb<\/strong>.<\/p>\n<p>La respuesta de Candela Pe\u00f1a<\/p>\n<p class=\"ft-text\">Poco despu\u00e9s, la propia Candela Pe\u00f1a le ha respondido al productor: \u00abQuerido Campos, mi versi\u00f3n no dista de est\u00e1 en absoluto \u2026 salvo q yo <strong>pregunt\u00e9 a quien tienes para Rosario, <\/strong>dijiste q quer\u00edas probar a dos actrices que nombraste y<strong> YO, te ped\u00ed la prueba, <\/strong>te dije q hab\u00eda venido vestida un poco de ella.. m dijiste NO y luego\u2026dijiste no pierdo nada en hacer una prueba con todo. La hice gracias a\u00a0@mara_collazo_esmoris\u00a0y mientras dec\u00eda el texto, <strong>t\u00fa ya te fuiste a hablar con Netflix<\/strong> en la primera frase, lo viste claro y Netflix al parecer tambi\u00e9n. Tengo memoria de ese y otros d\u00edas. <strong>Gracias por permitirme dar vida a ROSARIO<\/strong>. Importantes los medios, pero tambi\u00e9n los talentos de los que trabajamos para ti. Viva Sedes y Jacobo los directores\u00bb.<\/p>\n<p class=\"ft-text\">El productor tambi\u00e9n le ha respondido queriendo zanjar el asunto: \u00a0\u00abQuerida Candela, el problema <strong>es cuando se cuenta solo una parte de la historia<\/strong>\u2014y se repite una vez tras otra\u2014 en lugar del proceso completo. Porque entonces lo que queda para el futuro es una versi\u00f3n parcial que puede tener algo de injusta. Dicho esto. Estoy de acuerdo contigo en que <strong>al final lo importante es el talento<\/strong>: Desde el de los actores, directores, guionistas, maquillaje y peluquer\u00eda, fotograf\u00eda, hasta el de los montadores\u2026 el de todos los que suman para que una serie exista\u00bb.<\/p>\n","protected":false},"excerpt":{"rendered":"Una de las grandes fortalezas de la serie &#8216;El caso Asunta&#8217;, que ha cosechado un gran \u00e9xito entre&hellip;\n","protected":false},"author":2,"featured_media":279390,"comment_status":"","ping_status":"","sticky":false,"template":"","format":"standard","meta":{"footnotes":""},"categories":[171],"tags":[67830,146,147,25,24,23,214],"class_list":{"0":"post-279389","1":"post","2":"type-post","3":"status-publish","4":"format-standard","5":"has-post-thumbnail","7":"category-tv","8":"tag-el-productor-de","9":"tag-entertainment","10":"tag-entretenimiento","11":"tag-es","12":"tag-espana","13":"tag-spain","14":"tag-tv"},"share_on_mastodon":{"url":"https:\/\/pubeurope.com\/@es\/115689601291409140","error":""},"_links":{"self":[{"href":"https:\/\/www.europesays.com\/es\/wp-json\/wp\/v2\/posts\/279389","targetHints":{"allow":["GET"]}}],"collection":[{"href":"https:\/\/www.europesays.com\/es\/wp-json\/wp\/v2\/posts"}],"about":[{"href":"https:\/\/www.europesays.com\/es\/wp-json\/wp\/v2\/types\/post"}],"author":[{"embeddable":true,"href":"https:\/\/www.europesays.com\/es\/wp-json\/wp\/v2\/users\/2"}],"replies":[{"embeddable":true,"href":"https:\/\/www.europesays.com\/es\/wp-json\/wp\/v2\/comments?post=279389"}],"version-history":[{"count":0,"href":"https:\/\/www.europesays.com\/es\/wp-json\/wp\/v2\/posts\/279389\/revisions"}],"wp:featuredmedia":[{"embeddable":true,"href":"https:\/\/www.europesays.com\/es\/wp-json\/wp\/v2\/media\/279390"}],"wp:attachment":[{"href":"https:\/\/www.europesays.com\/es\/wp-json\/wp\/v2\/media?parent=279389"}],"wp:term":[{"taxonomy":"category","embeddable":true,"href":"https:\/\/www.europesays.com\/es\/wp-json\/wp\/v2\/categories?post=279389"},{"taxonomy":"post_tag","embeddable":true,"href":"https:\/\/www.europesays.com\/es\/wp-json\/wp\/v2\/tags?post=279389"}],"curies":[{"name":"wp","href":"https:\/\/api.w.org\/{rel}","templated":true}]}}