{"id":279391,"date":"2025-12-09T12:27:10","date_gmt":"2025-12-09T12:27:10","guid":{"rendered":"https:\/\/www.europesays.com\/es\/279391\/"},"modified":"2025-12-09T12:27:10","modified_gmt":"2025-12-09T12:27:10","slug":"fuego-y-ceniza-ha-cambiado-a-raiz-de-la-respuesta-del-publico-a-el-sentido-del-agua-admite-james-cameron","status":"publish","type":"post","link":"https:\/\/www.europesays.com\/es\/279391\/","title":{"rendered":"Fuego y ceniza ha cambiado a ra\u00edz de la respuesta del p\u00fablico a El sentido del agua, admite James Cameron"},"content":{"rendered":"<p class=\"c-paragraph\">Se acerca el momento de regresar a <b>Pandora <\/b>con un nuevo despliegue de pirotecnia cinematogr\u00e1fica con el sello de <b>James Cameron<\/b>. <a href=\"https:\/\/www.hobbyconsolas.com\/hobbycine\/avatar-fuego-ceniza-podria-tener-peor-estreno-saga-se-cumplira-mayor-miedo-james-cameron_6904522_0.html\" title=\"Avatar: Fuego y Ceniza podr\u00eda tener el peor estreno de la saga: \u00bfse cumplir\u00e1 el mayor miedo de James Cameron?\" rel=\"nofollow noopener\" target=\"_blank\">Avatar: Fuego y ceniza<\/a> es el \u00faltimo gran estreno de 2025, y sus aspiraciones de taquilla son evidentes, despu\u00e9s de que sus dos predecesoras superasen con creces los <b>2.000 millones de d\u00f3lares de recaudaci\u00f3n<\/b>.<\/p>\n<p class=\"c-paragraph\">La nueva pel\u00edcula tiene, pues, un list\u00f3n alt\u00edsimo que hasta James Cameron ve complicado alcanzar, pero eso no le ha impedido adaptar la tercera entrega a la repuesta del p\u00fablico en el pasado.<\/p>\n<p>Disney Plus desde 6,99\u20ac al mes<\/p>\n<p><img decoding=\"async\" loading=\"lazy\" alt=\"Disney Plus+\" width=\"640\" height=\"989\" src=\"https:\/\/www.europesays.com\/es\/wp-content\/uploads\/2025\/11\/691acc4e9a446.png\"\/><\/p>\n<p class=\"c-passport__description\">Esta plataforma cuenta con uno de los mayores y m\u00e1s variados cat\u00e1logos del mundo del streaming, con cl\u00e1sicos y estrenos constantes.<\/p>\n<p class=\"c-paragraph\">Parte de Avatar: Fuego y ceniza se film\u00f3 simult\u00e1neamente con <a href=\"https:\/\/www.hobbyconsolas.com\/reviews\/critica-avatar-sentido-agua-espectacular-viaje-vuelta-pandora-1166884\" rel=\"nofollow noopener\" target=\"_blank\">Avatar: El sentido del agua<\/a>. El plan de Cameron es para cinco pel\u00edculas y gran parte de la historia y los hitos narrativos ya estaban escritos, por lo que no hab\u00eda motivos para no ir avanzando con escenas que se pod\u00edan filmar por adelantado.<\/p>\n<p class=\"c-paragraph\">Aunque eso implicaba algunos problemas, y <a href=\"https:\/\/www.hobbyconsolas.com\/reportajes\/5-mejores-peliculas-dirigidas-james-cameron-supera-todas-1105773\" rel=\"nofollow noopener\" target=\"_blank\">James Cameron<\/a> ha compartido con <a href=\"https:\/\/gizmodo.com\/james-cameron-avatar-fire-and-ash-changes-2000696922\" rel=\"nofollow noreferrer noopener\" target=\"_blank\">io9 <\/a>uno de ellos: los cambios derivados de la respuesta del p\u00fablico. Avatar: El sentido del agua tuvo sus cosas buenas y sus cosas malas, y el director tuvo que tomar buena nota de ellas para trabajar en la tercera pel\u00edcula.<\/p>\n<p>El p\u00fablico influye en el desarrollo de la saga Avatar<\/p>\n<p class=\"c-paragraph\">Durante su charla con io9, Cameron ha destacado c\u00f3mo la respuesta de la audiencia a los visionados de Avatar: El sentido del agua implic\u00f3 que cambiase muchas cosas de Fuego y ceniza, incluyendo la rescritura de algunas escenas y la creaci\u00f3n de otras nuevas que no estaban originalmente.<\/p>\n<p class=\"c-paragraph\">\u00abDespu\u00e9s del estreno de El camino del agua, comenc\u00e9 a reevaluar y a cambiar algunas cosas para responder a la respuesta del p\u00fablico: \u00bfen qui\u00e9n est\u00e1n interesados? \u00bfQu\u00e9 partes les interesan? Incluso escrib\u00ed algunas escenas nuevas, y volvimos a grabar algunas cosas. Fue muy fluido y creativo. Aunque volvimos locos a los actores.<\/p>\n<p class=\"c-paragraph\">No importaba. Los llamaba y dec\u00eda: &#8216;Escuchad, tengo una idea para una escena&#8217;. Volv\u00edan y se met\u00edan en sus personajes, y nosotros volv\u00edamos a ese mundo con mucha facilidad, y a todos les encantaba. Estaban haciendo otras pel\u00edculas y volv\u00edan y dec\u00edan: &#8216;Nos gusta esto'\u00bb.<\/p>\n<p class=\"c-paragraph\">Como era de esperar, <b>James Cameron<\/b> no dice nada sobre qu\u00e9 aspectos concretos de <b>Avatar: Fuego y ceniza<\/b> han sufrido cambios o se han incorporado tras esa reevaluaci\u00f3n producida tras la respuesta de la audiencia a Avatar: El sentido del agua. Saldremos de dudas el <b>19 de diciembre de 2025<\/b>.<\/p>\n","protected":false},"excerpt":{"rendered":"Se acerca el momento de regresar a Pandora con un nuevo despliegue de pirotecnia cinematogr\u00e1fica con el sello&hellip;\n","protected":false},"author":2,"featured_media":279392,"comment_status":"","ping_status":"","sticky":false,"template":"","format":"standard","meta":{"footnotes":""},"categories":[169],"tags":[181,3016,22922,177,146,147,25,24,176,4513,1080,175,23],"class_list":{"0":"post-279391","1":"post","2":"type-post","3":"status-publish","4":"format-standard","5":"has-post-thumbnail","7":"category-cine","8":"tag-avatar","9":"tag-cambiado","10":"tag-ceniza","11":"tag-cine","12":"tag-entertainment","13":"tag-entretenimiento","14":"tag-es","15":"tag-espana","16":"tag-film","17":"tag-fuego","18":"tag-ha","19":"tag-movies","20":"tag-spain"},"share_on_mastodon":{"url":"https:\/\/pubeurope.com\/@es\/115689609557392200","error":""},"_links":{"self":[{"href":"https:\/\/www.europesays.com\/es\/wp-json\/wp\/v2\/posts\/279391","targetHints":{"allow":["GET"]}}],"collection":[{"href":"https:\/\/www.europesays.com\/es\/wp-json\/wp\/v2\/posts"}],"about":[{"href":"https:\/\/www.europesays.com\/es\/wp-json\/wp\/v2\/types\/post"}],"author":[{"embeddable":true,"href":"https:\/\/www.europesays.com\/es\/wp-json\/wp\/v2\/users\/2"}],"replies":[{"embeddable":true,"href":"https:\/\/www.europesays.com\/es\/wp-json\/wp\/v2\/comments?post=279391"}],"version-history":[{"count":0,"href":"https:\/\/www.europesays.com\/es\/wp-json\/wp\/v2\/posts\/279391\/revisions"}],"wp:featuredmedia":[{"embeddable":true,"href":"https:\/\/www.europesays.com\/es\/wp-json\/wp\/v2\/media\/279392"}],"wp:attachment":[{"href":"https:\/\/www.europesays.com\/es\/wp-json\/wp\/v2\/media?parent=279391"}],"wp:term":[{"taxonomy":"category","embeddable":true,"href":"https:\/\/www.europesays.com\/es\/wp-json\/wp\/v2\/categories?post=279391"},{"taxonomy":"post_tag","embeddable":true,"href":"https:\/\/www.europesays.com\/es\/wp-json\/wp\/v2\/tags?post=279391"}],"curies":[{"name":"wp","href":"https:\/\/api.w.org\/{rel}","templated":true}]}}