{"id":279400,"date":"2025-12-09T12:32:14","date_gmt":"2025-12-09T12:32:14","guid":{"rendered":"https:\/\/www.europesays.com\/es\/279400\/"},"modified":"2025-12-09T12:32:14","modified_gmt":"2025-12-09T12:32:14","slug":"prensa-iberica-recibe-a-dircom-galicia-en-el-correo-gallego","status":"publish","type":"post","link":"https:\/\/www.europesays.com\/es\/279400\/","title":{"rendered":"Prensa Ib\u00e9rica recibe a Dircom Galicia en El Correo Gallego"},"content":{"rendered":"<p>\t\t\t\t<img loading=\"lazy\" decoding=\"async\" width=\"710\" height=\"400\" src=\"https:\/\/www.europesays.com\/es\/wp-content\/uploads\/2025\/12\/710x400gal.png\" alt=\"Prensa Ib\u00e9rica recibe a Dircom Galicia en la sede de El Correo Gallego\" title=\"710x400gal\"   class=\"wp-image-65458\"\/><\/p>\n<p><a href=\"https:\/\/www.dircom.org\/delegaciones\/galicia\/\" target=\"_blank\" rel=\"noopener nofollow\">Dircom Galicia<\/a>, ha celebrado una visita institucional a la sede de El Correo Gallego, donde los miembros de la Asociaci\u00f3n mantuvieron un encuentro con <strong>Xaime Leiro<\/strong>, director de <a href=\"https:\/\/www.elcorreogallego.es\/\" target=\"_blank\" rel=\"noopener nofollow\">El Correo Gallego<\/a>, y <strong>Daniel Dom\u00ednguez<\/strong>, director de <a href=\"https:\/\/www.laopinioncoruna.es\/\" target=\"_blank\" rel=\"noopener nofollow\">La Opini\u00f3n A Coru\u00f1a<\/a>. Ambas cabeceras forman parte del <strong>Grupo Prensa Ib\u00e9rica<\/strong> en la provincia de A Coru\u00f1a.<\/p>\n<p>Durante el encuentro se abordaron los principales desaf\u00edos del sector: el futuro del periodismo, la evoluci\u00f3n del modelo de los medios de comunicaci\u00f3n y los cambios en los h\u00e1bitos de consumo informativo. Tambi\u00e9n se profundiz\u00f3 en el papel cada vez m\u00e1s estrat\u00e9gico de los <b>directores de Comunicaci\u00f3n<\/b>, no solo en la relaci\u00f3n con los medios, sino como <b>gestores de intangibles<\/b> (marca, reputaci\u00f3n y confianza) y como <b>conectores entre la empresa y sus distintos <\/b>stakeholders: empleados, clientes, inversores, administraciones p\u00fablicas, comunidad y medios de comunicaci\u00f3n, entre otros.<\/p>\n<p>La presidenta de Dircom Galicia, <b>Tesa D\u00edaz-Faes<\/b>, destac\u00f3 que \u201cfortalecer la colaboraci\u00f3n entre medios y dircoms, y entre las organizaciones y sus grupos de inter\u00e9s, es esencial para garantizar una comunicaci\u00f3n transparente, rigurosa y alineada con las expectativas de la ciudadan\u00eda. Nuestro trabajo no es solo emitir mensajes, sino gestionar reputaci\u00f3n, escuchar a los stakeholders y construir confianza. Encuentros como este nos ayudan a comprendernos mejor y a consolidar un ecosistema informativo y empresarial m\u00e1s s\u00f3lido y responsable\u201d.<\/p>\n<p>La visita reuni\u00f3 a cerca de <b>15 profesionales<\/b> de Dircom Galicia, con representaci\u00f3n de empresas e instituciones como Naturgy, Coca-Cola Europacific Partners, El Pulpo, Hubtype, Igaxes, MundiNova Consultores de Comunicaci\u00f3n, Atalaya Comunicaci\u00f3n o Comunicando. La jornada concluy\u00f3 con un almuerzo distendido que permiti\u00f3 seguir profundizando en la conversaci\u00f3n y en el intercambio profesional.<\/p>\n<p>El encuentro permiti\u00f3 tambi\u00e9n analizar el papel que desempe\u00f1a el <b>Grupo Prensa Ib\u00e9rica<\/b>, uno de los mayores grupos de comunicaci\u00f3n del pa\u00eds, con presencia en 12 comunidades aut\u00f3nomas y m\u00e1s de 25 cabeceras de referencia. Su fortaleza territorial, su apuesta por el periodismo de proximidad y su influencia en el ecosistema informativo lo convierten en un actor clave del sector en Espa\u00f1a.<\/p>\n<p>En Galicia, el grupo est\u00e1 presente a trav\u00e9s de tres medios de referencia: <b>El Correo Gallego<\/b>, <b>La Opini\u00f3n A Coru\u00f1a<\/b> y <b>Faro de Vigo<\/b>, decano de la prensa espa\u00f1ola. Esta pluralidad y arraigo convierten a <strong>Prensa Ib\u00e9rica<\/strong> en un socio informativo estrat\u00e9gico para las empresas y entidades que operan en la comunidad, abriendo v\u00edas de colaboraci\u00f3n especialmente relevantes para los directores de comunicaci\u00f3n que buscan fortalecer la relaci\u00f3n entre sus organizaciones y la prensa gallega.<\/p>\n<p><img fetchpriority=\"high\" decoding=\"async\" class=\"aligncenter wp-image-65462 size-full\" src=\"data:image\/svg+xml,%3Csvg%20xmlns=\" http:=\"\" alt=\"\" width=\"1600\" height=\"1066\" data-lazy- data-lazy- data-lazy-src=\"https:\/\/www.europesays.com\/es\/wp-content\/uploads\/2025\/12\/thumbnail_5c13d8e2-e16e-4ec7-8918-1a54ec2256c1.jpg\"\/><\/p>\n","protected":false},"excerpt":{"rendered":"Dircom Galicia, ha celebrado una visita institucional a la sede de El Correo Gallego, donde los miembros de&hellip;\n","protected":false},"author":2,"featured_media":279401,"comment_status":"","ping_status":"","sticky":false,"template":"","format":"standard","meta":{"footnotes":""},"categories":[80],"tags":[82,95,94,25,24,23],"class_list":{"0":"post-279400","1":"post","2":"type-post","3":"status-publish","4":"format-standard","5":"has-post-thumbnail","7":"category-economia","8":"tag-business","9":"tag-economia","10":"tag-economy","11":"tag-es","12":"tag-espana","13":"tag-spain"},"share_on_mastodon":{"url":"https:\/\/pubeurope.com\/@es\/115689629058528396","error":""},"_links":{"self":[{"href":"https:\/\/www.europesays.com\/es\/wp-json\/wp\/v2\/posts\/279400","targetHints":{"allow":["GET"]}}],"collection":[{"href":"https:\/\/www.europesays.com\/es\/wp-json\/wp\/v2\/posts"}],"about":[{"href":"https:\/\/www.europesays.com\/es\/wp-json\/wp\/v2\/types\/post"}],"author":[{"embeddable":true,"href":"https:\/\/www.europesays.com\/es\/wp-json\/wp\/v2\/users\/2"}],"replies":[{"embeddable":true,"href":"https:\/\/www.europesays.com\/es\/wp-json\/wp\/v2\/comments?post=279400"}],"version-history":[{"count":0,"href":"https:\/\/www.europesays.com\/es\/wp-json\/wp\/v2\/posts\/279400\/revisions"}],"wp:featuredmedia":[{"embeddable":true,"href":"https:\/\/www.europesays.com\/es\/wp-json\/wp\/v2\/media\/279401"}],"wp:attachment":[{"href":"https:\/\/www.europesays.com\/es\/wp-json\/wp\/v2\/media?parent=279400"}],"wp:term":[{"taxonomy":"category","embeddable":true,"href":"https:\/\/www.europesays.com\/es\/wp-json\/wp\/v2\/categories?post=279400"},{"taxonomy":"post_tag","embeddable":true,"href":"https:\/\/www.europesays.com\/es\/wp-json\/wp\/v2\/tags?post=279400"}],"curies":[{"name":"wp","href":"https:\/\/api.w.org\/{rel}","templated":true}]}}