{"id":279406,"date":"2025-12-09T12:35:48","date_gmt":"2025-12-09T12:35:48","guid":{"rendered":"https:\/\/www.europesays.com\/es\/279406\/"},"modified":"2025-12-09T12:35:48","modified_gmt":"2025-12-09T12:35:48","slug":"iii-seminario-de-investigacion-grafica-aplicada-a-la-arquitectura-y-la-ingenieria-en-la-ugr","status":"publish","type":"post","link":"https:\/\/www.europesays.com\/es\/279406\/","title":{"rendered":"III Seminario de Investigaci\u00f3n Gr\u00e1fica Aplicada a la Arquitectura y la Ingenier\u00eda en la UGR"},"content":{"rendered":"<p>El mi\u00e9rcoles 10 de diciembre, a las 9.30 horas, en el Sal\u00f3n de Grados de la Escuela T\u00e9cnica Superior de Ingenier\u00eda de Edificaci\u00f3n se celebra el 3er Seminario de Investigaci\u00f3n Gr\u00e1fica Aplicada a la Arquitectura y la Ingenier\u00eda, un evento promovido por el Departamento de Expresi\u00f3n Gr\u00e1fica Arquitect\u00f3nica y en la Ingenier\u00eda de la Universidad de Granada (UGR). La inauguraci\u00f3n del Seminario estar\u00e1 a cargo de la directora de la ETSIE, Ana Cruz, en representaci\u00f3n del Centro acad\u00e9mico; y del director y secretaria del departamento EGAI, Miguel Mart\u00ednez y Raquel Nieto, en representaci\u00f3n del Comit\u00e9 organizador. Esta tercera edici\u00f3n contar\u00e1 con una amplia participaci\u00f3n, tanto de profesorado del propio departamento como de otros profesores con los que comparten temas de investigaci\u00f3n. Se presentar\u00e1n m\u00e1s de 40 ponencias, que abordan diversas l\u00edneas de investigaci\u00f3n en el \u00e1mbito de la expresi\u00f3n gr\u00e1fica y los proyectos arquitect\u00f3nicos, y sus aplicaciones en la arquitectura y la ingenier\u00eda.<\/p>\n<p><a href=\"https:\/\/canal.ugr.es\/noticia\/iii-seminario-de-investigacion-grafica-aplicada-a-la-arquitectura-y-la-ingenieria-en-la-ugr\/\" rel=\"nofollow noopener\" target=\"_blank\">Seguir leyendo<\/a><\/p>\n","protected":false},"excerpt":{"rendered":"El mi\u00e9rcoles 10 de diciembre, a las 9.30 horas, en el Sal\u00f3n de Grados de la Escuela T\u00e9cnica&hellip;\n","protected":false},"author":2,"featured_media":279407,"comment_status":"","ping_status":"","sticky":false,"template":"","format":"standard","meta":{"footnotes":""},"categories":[5],"tags":[17,18,25,24,13,14,11,19,20,9,10,15,16,23,12,21,22],"class_list":{"0":"post-279406","1":"post","2":"type-post","3":"status-publish","4":"format-standard","5":"has-post-thumbnail","7":"category-titulares","8":"tag-breaking-news","9":"tag-breakingnews","10":"tag-es","11":"tag-espana","12":"tag-featured-news","13":"tag-featurednews","14":"tag-headlines","15":"tag-latest-news","16":"tag-latestnews","17":"tag-news","18":"tag-noticias","19":"tag-noticias-destacadas","20":"tag-noticiasdestacadas","21":"tag-spain","22":"tag-titulares","23":"tag-ultimas-noticias","24":"tag-ultimasnoticias"},"share_on_mastodon":{"url":"https:\/\/pubeurope.com\/@es\/115689644538747004","error":""},"_links":{"self":[{"href":"https:\/\/www.europesays.com\/es\/wp-json\/wp\/v2\/posts\/279406","targetHints":{"allow":["GET"]}}],"collection":[{"href":"https:\/\/www.europesays.com\/es\/wp-json\/wp\/v2\/posts"}],"about":[{"href":"https:\/\/www.europesays.com\/es\/wp-json\/wp\/v2\/types\/post"}],"author":[{"embeddable":true,"href":"https:\/\/www.europesays.com\/es\/wp-json\/wp\/v2\/users\/2"}],"replies":[{"embeddable":true,"href":"https:\/\/www.europesays.com\/es\/wp-json\/wp\/v2\/comments?post=279406"}],"version-history":[{"count":0,"href":"https:\/\/www.europesays.com\/es\/wp-json\/wp\/v2\/posts\/279406\/revisions"}],"wp:featuredmedia":[{"embeddable":true,"href":"https:\/\/www.europesays.com\/es\/wp-json\/wp\/v2\/media\/279407"}],"wp:attachment":[{"href":"https:\/\/www.europesays.com\/es\/wp-json\/wp\/v2\/media?parent=279406"}],"wp:term":[{"taxonomy":"category","embeddable":true,"href":"https:\/\/www.europesays.com\/es\/wp-json\/wp\/v2\/categories?post=279406"},{"taxonomy":"post_tag","embeddable":true,"href":"https:\/\/www.europesays.com\/es\/wp-json\/wp\/v2\/tags?post=279406"}],"curies":[{"name":"wp","href":"https:\/\/api.w.org\/{rel}","templated":true}]}}