{"id":279408,"date":"2025-12-09T12:40:09","date_gmt":"2025-12-09T12:40:09","guid":{"rendered":"https:\/\/www.europesays.com\/es\/279408\/"},"modified":"2025-12-09T12:40:09","modified_gmt":"2025-12-09T12:40:09","slug":"prefiere-golpearle-por-50-millones-a-ganar-un-grand-slam","status":"publish","type":"post","link":"https:\/\/www.europesays.com\/es\/279408\/","title":{"rendered":"prefiere golpearle por 50 millones a ganar un Grand Slam"},"content":{"rendered":"<p class=\"paragraph\">Nick Kyrgios ha vuelto a encender la pol\u00e9mica con <b>un nuevo ataque hacia Rafael Nadal<\/b> que intensifica su ya conocida enemistad. El tenista australiano ha declarado p\u00fablicamente que preferir\u00eda golpear al espa\u00f1ol a cambio de 50 millones de d\u00f3lares antes que ganar un t\u00edtulo de Grand Slam, sumando un cap\u00edtulo m\u00e1s a una rivalidad que, a diferencia de la cordialidad que caracteriz\u00f3 la relaci\u00f3n entre Nadal y Federer, se ha transformado en un abierto antagonismo fuera de las pistas.<\/p>\n<p class=\"paragraph\">El controvertido comentario surgi\u00f3 durante <b>una sesi\u00f3n de preguntas y respuestas<\/b> en Instagram, donde un seguidor le plante\u00f3 elegir entre \u00ab\u00bfGolpear a Nadal por 50 millones o ganar un Grand Slam?\u00bb. Lejos de esquivar la pol\u00e9mica, el oce\u00e1nico respondi\u00f3 sin titubeos: \u00ab50 millones\u00bb. Pero la cosa no qued\u00f3 ah\u00ed, ya que d\u00edas despu\u00e9s, Kyrgios volvi\u00f3 a mencionar al balear al recordar su derrota frente a Djokovic en la final de Wimbledon 2022, afirmando: \u00abCreo que si esa final hubiera sido <b>contra Nadal, me hubiera ido mejor<\/b>\u00ab, sugiriendo que habr\u00eda tenido m\u00e1s posibilidades contra el espa\u00f1ol.<\/p>\n<p class=\"paragraph\">Estas declaraciones se alinean perfectamente con lo expresado por el australiano a finales de 2024 en el podcast Nothing Major, donde confes\u00f3 abiertamente su antipat\u00eda hacia el 14 veces campe\u00f3n de Roland Garros. \u00abNo lo soportaba. Lo odiaba y <b>lo despreciaba much\u00edsimo cuando lo ve\u00eda<\/b> caminar por ah\u00ed\u00bb, admiti\u00f3 entonces. El tenista de Canberra, que se prepara para volver a las pistas en la &#8216;Batalla de los Sexos&#8217; frente a Aryna Sabalenka, justific\u00f3 su animadversi\u00f3n criticando especialmente las rutinas de Nadal durante los partidos: \u00abAlgunos de sus gestos me daban asco. Odiaba ver a jugadores que <b>se demoraban mucho entre saque y<\/b> saque, especialmente entre el primer y segundo servicio\u00bb.<\/p>\n<p class=\"paragraph\"><b>La enemistad unilateral de Kyrgios<\/b><\/p>\n<p class=\"paragraph\">A diferencia de su actitud hacia otros grandes del tenis, Kyrgios ha manifestado que nunca sinti\u00f3 \u00abesa ira hacia Federer o Djokovic\u00bb. El australiano, ganador de siete t\u00edtulos ATP, ha convertido esta rivalidad en algo personal, mientras que Nadal siempre ha mantenido una postura m\u00e1s profesional y contenida ante las provocaciones. Este nuevo episodio confirma que, a pesar del paso del tiempo, <b>la animadversi\u00f3n del australiano hacia el<\/b> espa\u00f1ol parece no tener fin.<\/p>\n<p>Informaci\u00f3n generada con ayuda de Inteligencia Artificial<\/p>\n<p> <a class=\"enlace-texto-ia\" href=\"https:\/\/www.heraldo.es\/noticias\/comunicacion\/2023\/11\/23\/compromiso-heraldo-innovacion-precision-informativa-1691520.html\" rel=\"nofollow noopener\" target=\"_blank\">Saberm\u00e1s<\/a><\/p>\n","protected":false},"excerpt":{"rendered":"Nick Kyrgios ha vuelto a encender la pol\u00e9mica con un nuevo ataque hacia Rafael Nadal que intensifica su&hellip;\n","protected":false},"author":2,"featured_media":178136,"comment_status":"","ping_status":"","sticky":false,"template":"","format":"standard","meta":{"footnotes":""},"categories":[274],"tags":[1422,168,25,24,67834,12648,32796,4724,14026,23,167,327,326],"class_list":{"0":"post-279408","1":"post","2":"type-post","3":"status-publish","4":"format-standard","5":"has-post-thumbnail","7":"category-tenis","8":"tag-ataque","9":"tag-deportes","10":"tag-es","11":"tag-espana","12":"tag-golpearle","13":"tag-ia-news","14":"tag-kyrgios","15":"tag-millones","16":"tag-prefiere","17":"tag-spain","18":"tag-sports","19":"tag-tenis","20":"tag-tennis"},"share_on_mastodon":{"url":"https:\/\/pubeurope.com\/@es\/115689660446261754","error":""},"_links":{"self":[{"href":"https:\/\/www.europesays.com\/es\/wp-json\/wp\/v2\/posts\/279408","targetHints":{"allow":["GET"]}}],"collection":[{"href":"https:\/\/www.europesays.com\/es\/wp-json\/wp\/v2\/posts"}],"about":[{"href":"https:\/\/www.europesays.com\/es\/wp-json\/wp\/v2\/types\/post"}],"author":[{"embeddable":true,"href":"https:\/\/www.europesays.com\/es\/wp-json\/wp\/v2\/users\/2"}],"replies":[{"embeddable":true,"href":"https:\/\/www.europesays.com\/es\/wp-json\/wp\/v2\/comments?post=279408"}],"version-history":[{"count":0,"href":"https:\/\/www.europesays.com\/es\/wp-json\/wp\/v2\/posts\/279408\/revisions"}],"wp:featuredmedia":[{"embeddable":true,"href":"https:\/\/www.europesays.com\/es\/wp-json\/wp\/v2\/media\/178136"}],"wp:attachment":[{"href":"https:\/\/www.europesays.com\/es\/wp-json\/wp\/v2\/media?parent=279408"}],"wp:term":[{"taxonomy":"category","embeddable":true,"href":"https:\/\/www.europesays.com\/es\/wp-json\/wp\/v2\/categories?post=279408"},{"taxonomy":"post_tag","embeddable":true,"href":"https:\/\/www.europesays.com\/es\/wp-json\/wp\/v2\/tags?post=279408"}],"curies":[{"name":"wp","href":"https:\/\/api.w.org\/{rel}","templated":true}]}}