{"id":279411,"date":"2025-12-09T12:43:13","date_gmt":"2025-12-09T12:43:13","guid":{"rendered":"https:\/\/www.europesays.com\/es\/279411\/"},"modified":"2025-12-09T12:43:13","modified_gmt":"2025-12-09T12:43:13","slug":"jasikevicius-cierra-su-renovacion-con-el-fenerbahce","status":"publish","type":"post","link":"https:\/\/www.europesays.com\/es\/279411\/","title":{"rendered":"Jasikevicius cierra su renovaci\u00f3n con el Fenerbah\u00e7e"},"content":{"rendered":"<p class=\"ft-text\">Todav\u00eda no es oficial, pero es un secreto a voces. La relaci\u00f3n entre <a class=\"ft-link ft-link--decoration\" href=\"https:\/\/www.sport.es\/es\/noticias\/baloncesto\/fenerbahce-quiere-atar-jasikevicius-122691226\" rel=\"nofollow noopener\" target=\"_blank\">Fenerbah\u00e7e y Sarunas Jasikevicius<\/a> se extender\u00e1 durante los pr\u00f3ximos tres a\u00f1os. Los turcos, que hab\u00edan empezado con dudas la temporada, <strong>han vuelto a encontrar el rumbo <\/strong>con un entrenador que los hizo campeones de Europa<strong> en la \u00faltima edici\u00f3n de la Euroliga<\/strong>. Junto al lituano son m\u00e1s fuertes.<\/p>\n<p class=\"ft-text\">En una entrevista en el programa &#8216;Socrates EuroStep&#8217;, <strong>la estrella turca Ibrahim Kutluay <\/strong>confirm\u00f3 este acuerdo del t\u00e9cnico con una operaci\u00f3n 2+1. Antes, en octubre, el nuevo presidente de la entidad, Sadettin Saran, confirm\u00f3 que ten\u00eda intenci\u00f3n de mantener a uno de los grandes entrenadores del continente a largo plazo. Un deseo que parece haber alcanzado.<\/p>\n<p><img decoding=\"async\" src=\"https:\/\/www.europesays.com\/es\/wp-content\/uploads\/2025\/12\/7c3c1bd8-e006-4579-bc62-c5e48d8e56db_alta-libre-aspect-ratio_default_0.jpg\" width=\"1200\" height=\"800\" alt=\"Jasikevicius pudo, al fin, levantar el t\u00edtulo de campe\u00f3n de la Euroliga, el primer como entrenador\" class=\"ft-helper-img-rd\" loading=\"lazy\"\/><\/p>\n<p class=\"ft-helper-fontColor-quaternary ft-helper-fontSize-body-S ft-helper-spacer-t-xxs\">Jasikevicius pudo, al fin, levantar el t\u00edtulo de campe\u00f3n de la Euroliga, el primer como entrenador  \/ EFE<\/p>\n<p class=\"ft-text\"><strong>Jasikevicius<\/strong> ya fue nombrado el <strong>Mejor Entrenador del A\u00f1o de la Euroliga <\/strong>en la pasada temporada, adem\u00e1s de conseguir los principales t\u00edtulos con los turcos. Su contrato venc\u00eda en verano, por lo que se necesitaba actuar con tiempo para que el problema no se hiciera m\u00e1s grande a medida que se acercara la fecha. El curso actual es el segundo que inicia en el banquillo desde el principio.<\/p>\n<p class=\"ft-text\">El lituano desembarc\u00f3 en Turqu\u00eda en diciembre de 2023, despu\u00e9s de entrenar al Bar\u00e7a durante tres campa\u00f1as. Tras una extra\u00f1a salida de Barcelona, <strong>encontr\u00f3 refugio en el Fenerbah\u00e7e, que contaba con un proyecto ganador que necesitaba un verdadero entrenador que pusiera su sello de identidad.<\/strong> Y as\u00ed fue. Desde su llegada, el equipo no ha hecho m\u00e1s que crecer hasta alcanzar la plenitud en junio.<\/p>\n<p><img decoding=\"async\" src=\"https:\/\/www.europesays.com\/es\/wp-content\/uploads\/2025\/12\/401d9f18-d8d9-44d7-af78-36dba790bc87_alta-libre-aspect-ratio_default_0.jpg\" width=\"1200\" height=\"675\" alt=\"Pradilla y Badio, de nuevo destacados ante el Fenerbah\u00e7e\" class=\"ft-helper-img-rd\" loading=\"lazy\"\/><\/p>\n<p class=\"ft-helper-fontColor-quaternary ft-helper-fontSize-body-S ft-helper-spacer-t-xxs\">El Fenerbah\u00e7e, en su visita a Valencia  \/ Germ\u00e1n Caballero<\/p>\n<p class=\"ft-text\">Tras conquistar la Euroliga, el objetivo con Saras es m\u00e1s que ambicioso: revalidar el t\u00edtulo. De momento,<strong> los resultados no est\u00e1n siendo los id\u00f3neos, con ocho victorias y cinco derrotas en 13 partidos.<\/strong> Actualmente, los otomanos se sit\u00faan en la octava posici\u00f3n de la clasificaci\u00f3n, <strong>aunque han mejorado su versi\u00f3n en los \u00faltimos partidos, ganando cinco de manera consecutiva.<\/strong><\/p>\n<p class=\"ft-text\">\u00ab<strong>La gente no pregunta si Saras iba a ganar, sino cu\u00e1ndo iba a ganar. <\/strong>La gente no entend\u00eda la dificulta de hacerse con este t\u00edtulo. Los jugadores son lo que m\u00e1s importa. Los entrenadores asumimos la culpa cuando los jugadores no tienen \u00e9xito, pero la situaci\u00f3n no ha sido justa para m\u00ed. Se preguntaba cu\u00e1ndo, todo el mundo lo daba por hecho y era cuesti\u00f3n de tiempo. <strong>No es justo y no es f\u00e1cil<\/strong>\u00ab, comentaba el lituano tras ganar la Euroliga. <strong>La exigencia seguir\u00e1 siendo m\u00e1xima mientras se siente en el banquillo turco. <\/strong><\/p>\n","protected":false},"excerpt":{"rendered":"Todav\u00eda no es oficial, pero es un secreto a voces. La relaci\u00f3n entre Fenerbah\u00e7e y Sarunas Jasikevicius se&hellip;\n","protected":false},"author":2,"featured_media":279412,"comment_status":"","ping_status":"","sticky":false,"template":"","format":"standard","meta":{"footnotes":""},"categories":[269],"tags":[299,298,168,25,24,24503,50213,23,167],"class_list":{"0":"post-279411","1":"post","2":"type-post","3":"status-publish","4":"format-standard","5":"has-post-thumbnail","7":"category-baloncesto","8":"tag-baloncesto","9":"tag-basketball","10":"tag-deportes","11":"tag-es","12":"tag-espana","13":"tag-fenerbahce","14":"tag-jasikevicius","15":"tag-spain","16":"tag-sports"},"share_on_mastodon":{"url":"https:\/\/pubeurope.com\/@es\/115689672956642181","error":""},"_links":{"self":[{"href":"https:\/\/www.europesays.com\/es\/wp-json\/wp\/v2\/posts\/279411","targetHints":{"allow":["GET"]}}],"collection":[{"href":"https:\/\/www.europesays.com\/es\/wp-json\/wp\/v2\/posts"}],"about":[{"href":"https:\/\/www.europesays.com\/es\/wp-json\/wp\/v2\/types\/post"}],"author":[{"embeddable":true,"href":"https:\/\/www.europesays.com\/es\/wp-json\/wp\/v2\/users\/2"}],"replies":[{"embeddable":true,"href":"https:\/\/www.europesays.com\/es\/wp-json\/wp\/v2\/comments?post=279411"}],"version-history":[{"count":0,"href":"https:\/\/www.europesays.com\/es\/wp-json\/wp\/v2\/posts\/279411\/revisions"}],"wp:featuredmedia":[{"embeddable":true,"href":"https:\/\/www.europesays.com\/es\/wp-json\/wp\/v2\/media\/279412"}],"wp:attachment":[{"href":"https:\/\/www.europesays.com\/es\/wp-json\/wp\/v2\/media?parent=279411"}],"wp:term":[{"taxonomy":"category","embeddable":true,"href":"https:\/\/www.europesays.com\/es\/wp-json\/wp\/v2\/categories?post=279411"},{"taxonomy":"post_tag","embeddable":true,"href":"https:\/\/www.europesays.com\/es\/wp-json\/wp\/v2\/tags?post=279411"}],"curies":[{"name":"wp","href":"https:\/\/api.w.org\/{rel}","templated":true}]}}