{"id":279413,"date":"2025-12-09T12:44:08","date_gmt":"2025-12-09T12:44:08","guid":{"rendered":"https:\/\/www.europesays.com\/es\/279413\/"},"modified":"2025-12-09T12:44:08","modified_gmt":"2025-12-09T12:44:08","slug":"mbappe-no-se-entrena-en-la-previa-del-manchester-city-para-la-champions","status":"publish","type":"post","link":"https:\/\/www.europesays.com\/es\/279413\/","title":{"rendered":"Mbapp\u00e9 no se entrena en la previa del Manchester City para la Champions"},"content":{"rendered":"<p>Los problemas se le acumulan a <strong><a href=\"https:\/\/okdiario.com\/diariomadridista\/real-madrid\/xabi-alonso-siento-apoyo-jugadores-585573\" rel=\"nofollow noopener\" target=\"_blank\">Xabi Alonso<\/a>. Mbapp\u00e9 <\/strong>no se entren\u00f3 en la previa del duelo contra el <strong>Manchester City<\/strong> y, en estos momentos, es seria duda para el duelo. No hay que olvidar que el franc\u00e9s termin\u00f3 el partido de Liga ante el<strong> Celta <\/strong>con un dedo roto, concretamente el anular de su mano izquierda. Adem\u00e1s, tambi\u00e9n sufre molestias. Tiene dolor y, de estar disponible, no ser\u00e1 al cien por cien. En el club son pesimistas.<\/p>\n<p><strong>Eduardo <a href=\"https:\/\/okdiario.com\/diariomadridista\/real-madrid\/mbappe-tiene-dedo-roto-pero-estara-manchester-city-huijsen-camavinga-no-llegan-585684\" target=\"_blank\" rel=\"noopener noreferrer nofollow\">Camavinga<\/a><\/strong> no se ha entrenado en la previa del encuentro que enfrentar\u00e1 al <strong>Real Madrid<\/strong> y al <a href=\"https:\/\/okdiario.com\/diariomadridista\/real-madrid\/entradas-real-madrid-manchester-city-champions-league-como-comprarlas-precio-583716\" target=\"_blank\" rel=\"noopener noreferrer nofollow\"><strong>Manchester City<\/strong><\/a> en el <strong>estadio Santiago Bernab\u00e9u<\/strong>, por lo que los blancos afrontar\u00e1n esta sexta jornada de la fase de liga de la <strong>Champions<\/strong> con siete bajas. Una situaci\u00f3n tremendamente complicada que dificulta, a\u00fan m\u00e1s, el futuro del entrenador donostiarra. Una derrota contra los de <strong>Guardiola<\/strong> dejar\u00eda al t\u00e9cnico en una situaci\u00f3n muy dif\u00edcil.<\/p>\n<p><strong>Camavinga<\/strong>, que sufri\u00f3 un esguince contra el Athletic, no se ha ejercitado y la otra duda, <strong>Huijsen,<\/strong> tampoco, por lo que el central tambi\u00e9n ser\u00e1 baja contra los ingleses. A ellos se une la baja ya conocida de <strong>Militao,<\/strong> entre tres y cuatro meses de baja por una rotura en el b\u00edceps femoral de la pierna izquierda. Adem\u00e1s, y como ya estaba previsto, jugadores como <strong>Carvajal, Alaba, Trent<\/strong> y <strong>Mendy<\/strong> tampoco est\u00e1n listos por sus lesiones de mayor duraci\u00f3n.<\/p>\n<p>Por lo tanto, <strong>Xabi Alonso<\/strong> tiene much\u00edsimas bajas y, adem\u00e1s, a otros jugadores que tienen molestias\u00a0tras el encuentro contra el <strong>Celta<\/strong> jugadores como <strong>R\u00fcdiger, Bellingham<\/strong> y <strong>Fede Valverde<\/strong>, que jugaron muchos minutos en el duelo de este domingo. No se espera que falten para el encuentro europeo ante el equipo entrenado por Pep Guardiola.<\/p>\n<p>El <strong>Real Madrid<\/strong> llega a este encuentro con 12 de 15 puntos posibles en la fase de liga de la <strong>Champions.<\/strong> Una victoria contra los ingleses permitir\u00eda a los madridistas dar un paso de gigante hacia la clasificaci\u00f3n directa a los octavos de final. Por otro lado, los de <strong>Guardiola,<\/strong> con 10 puntos y fuera de los ocho primeros, necesitan una victoria para alcanzar el top-8.<\/p>\n","protected":false},"excerpt":{"rendered":"Los problemas se le acumulan a Xabi Alonso. Mbapp\u00e9 no se entren\u00f3 en la previa del duelo contra&hellip;\n","protected":false},"author":2,"featured_media":279414,"comment_status":"","ping_status":"","sticky":false,"template":"","format":"standard","meta":{"footnotes":""},"categories":[268],"tags":[168,25,24,280,282,281,23,167],"class_list":{"0":"post-279413","1":"post","2":"type-post","3":"status-publish","4":"format-standard","5":"has-post-thumbnail","7":"category-futbol","8":"tag-deportes","9":"tag-es","10":"tag-espana","11":"tag-football","12":"tag-futbol","13":"tag-soccer","14":"tag-spain","15":"tag-sports"},"share_on_mastodon":{"url":"https:\/\/pubeurope.com\/@es\/115689676350800739","error":""},"_links":{"self":[{"href":"https:\/\/www.europesays.com\/es\/wp-json\/wp\/v2\/posts\/279413","targetHints":{"allow":["GET"]}}],"collection":[{"href":"https:\/\/www.europesays.com\/es\/wp-json\/wp\/v2\/posts"}],"about":[{"href":"https:\/\/www.europesays.com\/es\/wp-json\/wp\/v2\/types\/post"}],"author":[{"embeddable":true,"href":"https:\/\/www.europesays.com\/es\/wp-json\/wp\/v2\/users\/2"}],"replies":[{"embeddable":true,"href":"https:\/\/www.europesays.com\/es\/wp-json\/wp\/v2\/comments?post=279413"}],"version-history":[{"count":0,"href":"https:\/\/www.europesays.com\/es\/wp-json\/wp\/v2\/posts\/279413\/revisions"}],"wp:featuredmedia":[{"embeddable":true,"href":"https:\/\/www.europesays.com\/es\/wp-json\/wp\/v2\/media\/279414"}],"wp:attachment":[{"href":"https:\/\/www.europesays.com\/es\/wp-json\/wp\/v2\/media?parent=279413"}],"wp:term":[{"taxonomy":"category","embeddable":true,"href":"https:\/\/www.europesays.com\/es\/wp-json\/wp\/v2\/categories?post=279413"},{"taxonomy":"post_tag","embeddable":true,"href":"https:\/\/www.europesays.com\/es\/wp-json\/wp\/v2\/tags?post=279413"}],"curies":[{"name":"wp","href":"https:\/\/api.w.org\/{rel}","templated":true}]}}