{"id":279419,"date":"2025-12-09T12:48:11","date_gmt":"2025-12-09T12:48:11","guid":{"rendered":"https:\/\/www.europesays.com\/es\/279419\/"},"modified":"2025-12-09T12:48:11","modified_gmt":"2025-12-09T12:48:11","slug":"la-inesperada-pulla-de-kiko-hernandez-a-jorge-javier-vazquez-en-pleno-naufragio-de-gran-hermano-un-besito","status":"publish","type":"post","link":"https:\/\/www.europesays.com\/es\/279419\/","title":{"rendered":"La inesperada pulla de Kiko Hern\u00e1ndez a Jorge Javier V\u00e1zquez en pleno naufragio de &#8216;Gran Hermano&#8217;: \u00abUn besito\u00bb"},"content":{"rendered":"<p><img loading=\"lazy\" decoding=\"async\" src=\"https:\/\/www.europesays.com\/es\/wp-content\/uploads\/2025\/12\/100x100_informalia-logo.jpg\" itemtype=\"\/\/schema.org\/ImageObject\" itemprop=\"url\" alt=\"Informalia\" width=\"64\" height=\"64\" pinger-seen=\"true\"\/><\/p>\n<p>Kiko Hern\u00e1ndez se ha estrenado como presentador de La casa de los gemelos 2, el pol\u00e9mico reality, en el que apenas existen normas, que est\u00e1 causando una gran pol\u00e9mica desde que se estren\u00f3 el pasado domingo. El programa, que se emite en Youtube, <b><a href=\"https:\/\/www.eleconomista.es\/informalia\/television\/noticias\/13681861\/12\/25\/peleas-gritos-amenazas-y-muebles-rotos-600000-personas-siguen-en-directo-las-primeras-horas-de-la-casa-de-los-gemelos-2-el-reality-prohibido-en-television.html\" title=\"Peleas, gritos, amenazas y muebles rotos: 600.000 personas siguen en directo las primeras horas de &#039;La casa de los gemelos 2&#039;, el reality prohibido en televisi\u00f3n\" rel=\"nofollow noopener\" target=\"_blank\">est\u00e1 arrasando con un contenido que estar\u00eda prohibido en cualquier canal de televisi\u00f3n en abierto<\/a><\/b>.<\/p>\n<p>Hern\u00e1ndez present\u00f3 la &#8216;gala&#8217; de estreno y tambi\u00e9n se har\u00e1 cargo de los programas que se emitir\u00e1n los martes y los jueves. El colaborador, que se dio a conocer en Gran Hermano, parece que no ha superado su despido de Mediaset, y est\u00e1 lanzando algunos dardos contra la que fuera su cadena. Lo sorprendente es que <b>tambi\u00e9n ha enviado indirectas a Jorge Javier V\u00e1zquez<\/b>, con quien tantas tardes pas\u00f3 en S\u00e1lvame.<\/p>\n<p>Hern\u00e1ndez entr\u00f3 en directo hace unos d\u00edas en No somos nadie para hablar con Carlota Corredera y promocionar el reality La casa de los gemelos, que en su estreno compet\u00eda con el debate de Gran Hermano, un formato que atraviesa su peor momento. De hecho, <b><a href=\"https:\/\/www.eleconomista.es\/informalia\/television\/noticias\/13675880\/12\/25\/el-plan-de-gran-hermano-para-su-final-adelantada-saca-de-la-casa-a-los-concursantes-mueble-de-una-tacada.html\" title=\"El plan de &#039;Gran Hermano&#039; para su final adelantada: saca de la casa a los &#039;concursantes mueble&#039; de una tacada\" rel=\"nofollow noopener\" target=\"_blank\">Telecinco ha acelerado su emisi\u00f3n para cerrar la edici\u00f3n antes de Navidad.<\/a><\/b><\/p>\n<p>\u00abMe da pena el debate de GH, que si no lo ve\u00eda nadie, ahora ya&#8230;\u00bb, lanz\u00f3 Hern\u00e1ndez. \u00abOye, que lo presenta Ion Aramendi\u00bb, intent\u00f3 reconducir Carlota Corredera. <b>\u00abPues un besito para Ion Aramendi y otro para Jorge Javier, \u00bfno?\u00bb<\/b>, a\u00f1adi\u00f3 Hern\u00e1ndez, mientras empezaba a re\u00edr. Carlota, por su parte, no sab\u00eda como salir de esa inc\u00f3moda situaci\u00f3n y le pregunt\u00f3 por qu\u00e9 re\u00eda. \u00abNo te estoy viendo la cara, pero tiene que ser&#8230; Venga, vamos a mandarles un besito, a Jorge y a Paz Padilla\u00bb, a\u00f1adi\u00f3 Kiko. \u00abDeja el pasado, avancemos\u00bb, le pidi\u00f3 la presentadora.<\/p>\n<p>Sobe este tema, Kiko Hern\u00e1ndez se recre\u00f3 en la mala situaci\u00f3n de GH y Telecinco. \u00abAhora van a meter corriendo a famosos que no s\u00e9 de d\u00f3nde lo van a sacar para intentar salir del apuro\u00bb, apunt\u00f3. \u00abNo saben ni hacia d\u00f3nde van. Que aprendan un poco c\u00f3mo est\u00e1n estos dos chavales que con 22 a\u00f1os tienen m\u00e1s talento. Qu\u00e9 casting han hecho\u00bb, explic\u00f3 sobre los gemelos. Asimismo, durante el estreno de La casa de los gemelos, Kiko Hern\u00e1ndez arremeti\u00f3 contra GH recordando su episodio m\u00e1s pol\u00e9mico sin venir a cuento. <b>\u00ab\u00bfAqu\u00ed nunca ha habido ninguna violaci\u00f3n, no? Si no ha habido ninguna violaci\u00f3n, vamos a hacer un reality de p*** madre\u00bb<\/b>, solt\u00f3.<\/p>\n<p>WhatsApp<a href=\"https:\/\/api.whatsapp.com\/send?text=https:\/\/www.eleconomista.es\/informalia\/television\/noticias\/13682191\/12\/25\/la-inesperada-pulla-de-kiko-hernandez-a-jorge-javier-vazquez-en-pleno-naufragio-de-gran-hermano-un-besito.html?utm_source%3Dwhatsapp%26utm_medium%3Dshare_button&amp;id=1648118629957_whatsapp\" target=\"_blank\" data-action=\"share\/whatsapp\/share\" aria-label=\"Compartir en Whatsapp\" rel=\"nofollow noopener\"><\/a>Facebook<a id=\"fb-share\" href=\"#\" target=\"_blank\" rel=\"noopener noreferrer\" aria-label=\"Compartir en Facebook\"><\/a>Twitter<a href=\"https:\/\/twitter.com\/share?text=La+inesperada+pulla+de+Kiko+Hern%C3%A1ndez+a+Jorge+Javier+V%C3%A1zquez+en+pleno+naufragio+de+%27Gran+Hermano%27%3A+%22Un+besito%22&amp;url=https:\/\/www.eleconomista.es\/informalia\/television\/noticias\/13682191\/12\/25\/la-inesperada-pulla-de-kiko-hernandez-a-jorge-javier-vazquez-en-pleno-naufragio-de-gran-hermano-un-besito.html&amp;via=Informalia&amp;id=1648118839245_twitter\" target=\"_blank\" aria-label=\"Compartir en Twitter\" rel=\"nofollow noopener\"><\/a>Linkedin<a onclick=\"return abrirLinkedin();\" href=\"https:\/\/www.linkedin.com\/shareArticle?text=La+inesperada+pulla+de+Kiko+Hern%C3%A1ndez+a+Jorge+Javier+V%C3%A1zquez+en+pleno+naufragio+de+%27Gran+Hermano%27%3A+%22Un+besito%22&amp;url=https:\/\/www.eleconomista.es\/informalia\/television\/noticias\/13682191\/12\/25\/la-inesperada-pulla-de-kiko-hernandez-a-jorge-javier-vazquez-en-pleno-naufragio-de-gran-hermano-un-besito.html&amp;mini=true\" target=\"_blank\" aria-label=\"Compartir en linkedin\" rel=\"nofollow noopener\"><\/a>Beloud<a href=\"https:\/\/beloud.com\/share?text=La+inesperada+pulla+de+Kiko+Hern%C3%A1ndez+a+Jorge+Javier+V%C3%A1zquez+en+pleno+naufragio+de+%27Gran+Hermano%27%3A+%22Un+besito%22&amp;url=https:\/\/www.eleconomista.es\/informalia\/television\/noticias\/13682191\/12\/25\/la-inesperada-pulla-de-kiko-hernandez-a-jorge-javier-vazquez-en-pleno-naufragio-de-gran-hermano-un-besito.html&amp;via=Informalia&amp;id=1648118839245_beloud\" target=\"_blank\" aria-label=\"Compartir en beloud\" rel=\"nofollow noopener\"><\/a>Bluesky<a href=\"https:\/\/bsky.app\/intent\/compose?text=https:\/\/bsky.app\/intent\/compose?text=https:\/\/www.eleconomista.es\/informalia\/television\/noticias\/13682191\/12\/25\/la-inesperada-pulla-de-kiko-hernandez-a-jorge-javier-vazquez-en-pleno-naufragio-de-gran-hermano-un-besito.html&amp;url=https:\/\/www.eleconomista.es\/informalia\/television\/noticias\/13682191\/12\/25\/la-inesperada-pulla-de-kiko-hernandez-a-jorge-javier-vazquez-en-pleno-naufragio-de-gran-hermano-un-besito.html&amp;via=elEconomistaes&amp;id=1648118839245_bluesky\" target=\"_blank\" aria-label=\"Compartir en bluesky\" rel=\"nofollow noopener\"><\/a><\/p>\n<p><script async src=\"https:\/\/platform.twitter.com\/widgets.js\" charset=\"utf-8\"><\/script><\/p>\n","protected":false},"excerpt":{"rendered":"Kiko Hern\u00e1ndez se ha estrenado como presentador de La casa de los gemelos 2, el pol\u00e9mico reality, en&hellip;\n","protected":false},"author":2,"featured_media":279420,"comment_status":"","ping_status":"","sticky":false,"template":"","format":"standard","meta":{"footnotes":""},"categories":[171],"tags":[146,147,25,24,23,807,214],"class_list":{"0":"post-279419","1":"post","2":"type-post","3":"status-publish","4":"format-standard","5":"has-post-thumbnail","7":"category-tv","8":"tag-entertainment","9":"tag-entretenimiento","10":"tag-es","11":"tag-espana","12":"tag-spain","13":"tag-television","14":"tag-tv"},"share_on_mastodon":{"url":"https:\/\/pubeurope.com\/@es\/115689692111479993","error":""},"_links":{"self":[{"href":"https:\/\/www.europesays.com\/es\/wp-json\/wp\/v2\/posts\/279419","targetHints":{"allow":["GET"]}}],"collection":[{"href":"https:\/\/www.europesays.com\/es\/wp-json\/wp\/v2\/posts"}],"about":[{"href":"https:\/\/www.europesays.com\/es\/wp-json\/wp\/v2\/types\/post"}],"author":[{"embeddable":true,"href":"https:\/\/www.europesays.com\/es\/wp-json\/wp\/v2\/users\/2"}],"replies":[{"embeddable":true,"href":"https:\/\/www.europesays.com\/es\/wp-json\/wp\/v2\/comments?post=279419"}],"version-history":[{"count":0,"href":"https:\/\/www.europesays.com\/es\/wp-json\/wp\/v2\/posts\/279419\/revisions"}],"wp:featuredmedia":[{"embeddable":true,"href":"https:\/\/www.europesays.com\/es\/wp-json\/wp\/v2\/media\/279420"}],"wp:attachment":[{"href":"https:\/\/www.europesays.com\/es\/wp-json\/wp\/v2\/media?parent=279419"}],"wp:term":[{"taxonomy":"category","embeddable":true,"href":"https:\/\/www.europesays.com\/es\/wp-json\/wp\/v2\/categories?post=279419"},{"taxonomy":"post_tag","embeddable":true,"href":"https:\/\/www.europesays.com\/es\/wp-json\/wp\/v2\/tags?post=279419"}],"curies":[{"name":"wp","href":"https:\/\/api.w.org\/{rel}","templated":true}]}}