{"id":279421,"date":"2025-12-09T12:50:11","date_gmt":"2025-12-09T12:50:11","guid":{"rendered":"https:\/\/www.europesays.com\/es\/279421\/"},"modified":"2025-12-09T12:50:11","modified_gmt":"2025-12-09T12:50:11","slug":"barack-obama-escoge-sus-peliculas-favoritas-del-ano-y-recomienda-una-del-director-espanol-que-se-convirtio-en-enemigo-de-franco-y-la-censura","status":"publish","type":"post","link":"https:\/\/www.europesays.com\/es\/279421\/","title":{"rendered":"Barack Obama escoge sus pel\u00edculas favoritas del a\u00f1o y recomienda una del director espa\u00f1ol que se convirti\u00f3 en enemigo de Franco y la censura"},"content":{"rendered":"<p><img alt=\"Barack Obama acostumbra a recomendar\" class=\"global-image\" decoding=\"async\" fetchpriority=\"high\" height=\"3218\" loading=\"eager\" src=\"https:\/\/www.europesays.com\/es\/wp-content\/uploads\/2025\/12\/ZRNS772YFRHE7MUPJMKRDF77VA.JPG\" width=\"4827\"\/>Barack Obama acostumbra a recomendar pel\u00edculas, pero este a\u00f1o ha sorprendido con una dirigida por un espa\u00f1ol. REUTERS\/Kylie Cooper     TPX IMAGES OF THE DAY<\/p>\n<p class=\"paragraph\">Acaba el a\u00f1o y llegan las recomendaciones, pero <b>Pedro S\u00e1nchez<\/b> no es el \u00fanico pol\u00edtico al que le gusta presumir de gusto cultural. Antes de que el presidente del Gobierno saliese en <a href=\"https:\/\/www.infobae.com\/espana\/cultura\/2025\/11\/15\/quienes-son-los-dos-artistas-que-pedro-sanchez-recomienda-mas-alla-de-rosalia-uno-de-ellos-toca-pronto-en-espana\/\" target=\"_blank\" rel=\"noreferrer nofollow noopener\" title=\"https:\/\/www.infobae.com\/espana\/cultura\/2025\/11\/15\/quienes-son-los-dos-artistas-que-pedro-sanchez-recomienda-mas-alla-de-rosalia-uno-de-ellos-toca-pronto-en-espana\/\">Radio3 <\/a>y dem\u00e1s hablando de la m\u00fasica que le gusta escuchar, Obama hac\u00eda lo propio, tanto con la m\u00fasica como con el cine. El expresidente de los Estados Unidos lleva tiempo finalizando el a\u00f1o con una serie de recomendaciones cin\u00e9filas, y este ha sorprendido mencionando nada menos que una pel\u00edcula de terror dirigida por un cineasta espa\u00f1ol que se exili\u00f3 de Espa\u00f1a y acab\u00f3 convirti\u00e9ndose en un gran enemigo de <b>Francisco Franco <\/b>y de la censura espa\u00f1ola de aquella \u00e9poca.<\/p>\n<p class=\"paragraph\">Su nombre, ir\u00f3nicamente, es Franco. <b>Jes\u00fas \u2018Jess\u2019 Franco<\/b>, nacido en M\u00e1laga en 1930 y conocido por ser uno de los directores espa\u00f1oles m\u00e1s prol\u00edficos, aunque durante un buen tiempo su nombre no resonase con tanta fuerza como los dem\u00e1s. No obstante, ahora ha sido rescatado del olvido por el aliado m\u00e1s inesperado, <b>Barack Obama<\/b>, quien ha incluido una de sus pel\u00edculas entre sus descubrimientos del a\u00f1o. El pol\u00edtico dem\u00f3crata public\u00f3 este fin de semana su particular lista de pel\u00edculas de 2025, entre las que inclu\u00eda t\u00edtulos como <a href=\"https:\/\/www.infobae.com\/espana\/cultura\/2025\/10\/29\/una-casa-llena-de-dinamita-la-pelicula-que-arrasa-en-netflix-y-que-el-pentagono-de-estados-unidos-no-quiere-que-veas-solo-digo-la-verdad\/\" target=\"_blank\" rel=\"noreferrer nofollow noopener\" title=\"https:\/\/www.infobae.com\/espana\/cultura\/2025\/10\/29\/una-casa-llena-de-dinamita-la-pelicula-que-arrasa-en-netflix-y-que-el-pentagono-de-estados-unidos-no-quiere-que-veas-solo-digo-la-verdad\/\">Una casa de dinamita<\/a>, <b>Una batalla tras otra<\/b> o <b>F1: la pel\u00edcula<\/b>. <\/p>\n<p class=\"paragraph\">Sin embargo, este a\u00f1o acompa\u00f1aba esta lista junto a otra de descubrimientos cin\u00e9filos en general, sin importar el a\u00f1o de estreno. Y ah\u00ed se encuentran t\u00edtulos emblem\u00e1ticos como La huelga de Sergei M. Eisenstein, <b>El terror de las chicas<\/b> de <b>Jerry Lewis<\/b> o <a href=\"https:\/\/www.infobae.com\/espana\/cultura\/2025\/04\/10\/la-pelicula-belica-europea-que-impresiono-a-stanley-kubrick-hace-cosas-muy-ingeniosas-que-me-han-fascinado-por-completo\/\" target=\"_blank\" rel=\"noreferrer nofollow noopener\" title=\"https:\/\/www.infobae.com\/espana\/cultura\/2025\/04\/10\/la-pelicula-belica-europea-que-impresiono-a-stanley-kubrick-hace-cosas-muy-ingeniosas-que-me-han-fascinado-por-completo\/\">La batalla de Algiers<\/a> de Gillo Pontecorvo. Pero entre tanto ic\u00f3nico t\u00edtulos estaba tambi\u00e9n Venus in furs, m\u00e1s conocida como <b>Paroxismus<\/b>, pel\u00edcula que Jess Franco realiz\u00f3 en 1969 en Reino Unido junto al actor James Darren o el m\u00edtico int\u00e9rprete alem\u00e1n <b>Klaus Kinski<\/b>.<\/p>\n<p><img alt=\"Jes\u00fas Franco durante un rodaje\" class=\"global-image\" decoding=\"async\" fetchpriority=\"low\" height=\"281\" loading=\"lazy\" src=\"https:\/\/www.europesays.com\/es\/wp-content\/uploads\/2025\/12\/OQKA6ZWGSBG2LL2M7PV4JICY44.jpg\" width=\"414\"\/>Jes\u00fas Franco durante un rodaje<\/p>\n<p class=\"paragraph\">Basta echar un vistazo a la trama de Paroxismus para entender por qu\u00e9 Franco era un director vetado en Espa\u00f1a, donde se convirti\u00f3 en todo un enemigo para Francisco Franco y la censura, lo que llev\u00f3 a que se exiliase a finales de los sesenta. En Paroxismus se cuenta la historia de un trompetista de jazz se ve envuelto en la muerte de una joven a manos de un playboy millonario junto a un grupo de amigos. Poco despu\u00e9s en R\u00edo de Janeiro se encuentra con una mujer id\u00e9ntica a la asesinada tiempo atr\u00e1s, al m\u00e1s puro estilo de V\u00e9rtigo de Hitchcock. <\/p>\n<p class=\"paragraph\">Porque las pel\u00edculas de Franco estaban caracterizadas por contener una alta dosis de erotismo y sexo, ya fueran desde el g\u00e9nero fant\u00e1stico, de ciencia ficci\u00f3n o de terror, el que m\u00e1s trabaj\u00f3 y le vali\u00f3 el t\u00edtulo de padre del fantaterror espa\u00f1ol junto a otros como <b>Paul Naschy<\/b> o <b>Narciso Ib\u00e1\u00f1ez Serrador<\/b>. Con los a\u00f1os, Franco ha ido siendo reivindicado con la posici\u00f3n que merece dentro de la historia del cine espa\u00f1ol, pero no viene mal que lo tengan en cuenta m\u00e1s all\u00e1 de nuestra fronteras, especialmente cuando hablamos de todo un referente pol\u00edtico del siglo XXI como Barack Obama.<\/p>\n","protected":false},"excerpt":{"rendered":"Barack Obama acostumbra a recomendar pel\u00edculas, pero este a\u00f1o ha sorprendido con una dirigida por un espa\u00f1ol. REUTERS\/Kylie&hellip;\n","protected":false},"author":2,"featured_media":279422,"comment_status":"","ping_status":"","sticky":false,"template":"","format":"standard","meta":{"footnotes":""},"categories":[169],"tags":[177,45640,146,147,25,24,176,5638,175,3119,23,62681],"class_list":{"0":"post-279421","1":"post","2":"type-post","3":"status-publish","4":"format-standard","5":"has-post-thumbnail","7":"category-cine","8":"tag-cine","9":"tag-domestic-politics","10":"tag-entertainment","11":"tag-entretenimiento","12":"tag-es","13":"tag-espana","14":"tag-film","15":"tag-government-politics","16":"tag-movies","17":"tag-north-america","18":"tag-spain","19":"tag-top-picture"},"share_on_mastodon":{"url":"https:\/\/pubeurope.com\/@es\/115689699972114198","error":""},"_links":{"self":[{"href":"https:\/\/www.europesays.com\/es\/wp-json\/wp\/v2\/posts\/279421","targetHints":{"allow":["GET"]}}],"collection":[{"href":"https:\/\/www.europesays.com\/es\/wp-json\/wp\/v2\/posts"}],"about":[{"href":"https:\/\/www.europesays.com\/es\/wp-json\/wp\/v2\/types\/post"}],"author":[{"embeddable":true,"href":"https:\/\/www.europesays.com\/es\/wp-json\/wp\/v2\/users\/2"}],"replies":[{"embeddable":true,"href":"https:\/\/www.europesays.com\/es\/wp-json\/wp\/v2\/comments?post=279421"}],"version-history":[{"count":0,"href":"https:\/\/www.europesays.com\/es\/wp-json\/wp\/v2\/posts\/279421\/revisions"}],"wp:featuredmedia":[{"embeddable":true,"href":"https:\/\/www.europesays.com\/es\/wp-json\/wp\/v2\/media\/279422"}],"wp:attachment":[{"href":"https:\/\/www.europesays.com\/es\/wp-json\/wp\/v2\/media?parent=279421"}],"wp:term":[{"taxonomy":"category","embeddable":true,"href":"https:\/\/www.europesays.com\/es\/wp-json\/wp\/v2\/categories?post=279421"},{"taxonomy":"post_tag","embeddable":true,"href":"https:\/\/www.europesays.com\/es\/wp-json\/wp\/v2\/tags?post=279421"}],"curies":[{"name":"wp","href":"https:\/\/api.w.org\/{rel}","templated":true}]}}