{"id":279432,"date":"2025-12-09T12:56:09","date_gmt":"2025-12-09T12:56:09","guid":{"rendered":"https:\/\/www.europesays.com\/es\/279432\/"},"modified":"2025-12-09T12:56:09","modified_gmt":"2025-12-09T12:56:09","slug":"la-reaccion-de-elon-musk-a-la-multa-millonaria-de-la-comision-europea-contra-x-por-incumplir-la-ley-de-servicios-digitales-no-se-ha-hecho-esperar-y-es-radical-pide-abolir-la-ue","status":"publish","type":"post","link":"https:\/\/www.europesays.com\/es\/279432\/","title":{"rendered":"La reacci\u00f3n de Elon Musk a la multa millonaria de la Comisi\u00f3n Europea contra X por incumplir la Ley de Servicios Digitales no se ha hecho esperar y es radical: pide abolir la UE"},"content":{"rendered":"<p>La firmeza con la que la Uni\u00f3n Europea afronta cada uno de los procesos destinados a <b>salvaguardar la seguridad de los usuarios<\/b> en los distintos espacios digitales ha encontrado un poderoso enemigo en la figura de Elon Musk.<\/p>\n<p>Al multimillonario, due\u00f1o de Tesla, SpaceX y tambi\u00e9n de xAI, empresa propietaria de la red social \u2018X\u2019 (antes Twitter), no le ha sentado nada bien el anuncio de <a title=\"multa por valor de 120 millones de euros\" href=\"https:\/\/www.larazon.es\/economia\/bruselas-multa-twitter-120-millones-enganar-sus-usuarios-marca-azul-verificacion_202512056932c47f6e5e5012dcdb818b.html\" target=\"_blank\" rel=\"nofollow noopener\">multa por valor de 120 millones de euros<\/a> impuesta por la Comisi\u00f3n Europea el pasado viernes contra su plataforma. Tanto es as\u00ed que su respuesta <b>ha ido verbalmente tan lejos como suele ser habitual en Musk<\/b>, quien ha pedido nada m\u00e1s y nada menos que la \u201cabolici\u00f3n\u201d de la Uni\u00f3n Europea.<\/p>\n<p><b>Los exabruptos de Elon Musk en su propia red social <\/b>no son nada nuevo y no miden el calibre del destinatario. <a title=\"Su enfrentamiento con Donald Trump\" href=\"https:\/\/www.larazon.es\/tecnologia-consumo\/elon-musk-despechado-trump-hubiera-ganado-elecciones_20250606684281d069892f4033685ce1.html\" target=\"_blank\" rel=\"nofollow noopener\">Su enfrentamiento con Donald Trump<\/a> cop\u00f3 la atenci\u00f3n de la plataforma durante d\u00edas a comienzos de verano, al igual que lo han hecho los ataques contra OpenAI, contra Apple, contra la NASA o contra pol\u00edticas de signo progresista.<\/p>\n<p>Nuevo enemigo para Elon Musk<\/p>\n<p>Ahora, el magnate ha decidido que su objetivo es ni m\u00e1s ni menos que el conjunto de la asociaci\u00f3n econ\u00f3mica y pol\u00edtica europea que forman 27 pa\u00edses para tomar decisiones democr\u00e1ticas sobre asuntos de inter\u00e9s com\u00fan. <b>Su idea es clara y mira a la desaparici\u00f3n de la Uni\u00f3n Europea<\/b> como organizaci\u00f3n y conjunto.<\/p>\n<p>Todo ello a ra\u00edz de que <a title=\"Bruselas dictara dicha sanci\u00f3n contra la red social \u2018X\u2019 por valor de 120 millones de euros\" href=\"https:\/\/ec.europa.eu\/commission\/presscorner\/detail\/en\/ip_25_2934\" target=\"_blank\" rel=\"nofollow noopener\">Bruselas dictara dicha sanci\u00f3n contra la red social \u2018X\u2019 por valor de 120 millones de euros<\/a> tras resolver que <b>incumple las obligaciones que requiere la Ley de Servicios Digitales<\/b> (DSA) de la Uni\u00f3n Europea en materia de transparencia. Concretamente, en lo referente al \u201cdise\u00f1o enga\u00f1oso\u201d de la marca de verificaci\u00f3n azul, la falta de transparencia de su repositorio de anuncios y la falta de acceso a los datos p\u00fablicos para los investigadores.<\/p>\n<p>Cada una de esos incumplimientos <b>lleva asociada una sanci\u00f3n econ\u00f3mica<\/b>: 45 millones de euros en el caso de la marca de verificaci\u00f3n, 35 millones por la opacidad publicitaria y 40 millones por imposibilitar a los investigadores el acceso a datos p\u00fablicos.<\/p>\n<p>La <a title=\"respuesta de Elon Musk lleg\u00f3 precisamente v\u00eda \u2018X\u2019\" href=\"https:\/\/x.com\/elonmusk\/status\/1997279325876367719\" target=\"_blank\" rel=\"nofollow\">respuesta de Elon Musk lleg\u00f3 precisamente v\u00eda \u2018X\u2019<\/a> y lo hizo con el cisma que cabr\u00eda esperar en \u00e9l, apuntando que <b>la Uni\u00f3n Europea deber\u00eda ser abolida<\/b> para que los pa\u00edses, de forma individual, recuperasen su autonom\u00eda y una mejor defensa de los intereses particulares de sus ciudadanos nacionales:<\/p>\n<blockquote><p> \u201cLa UE deber\u00eda ser abolida y la soberan\u00eda deber\u00eda ser devuelta a los pa\u00edses individuales, para que los gobiernos puedan representar mejor a sus pueblos\u201d <\/p><\/blockquote>\n<p> Elon Musk, CEO de Tesla, SpaceX y xAI, v\u00eda &#8216;X&#8217; <\/p>\n<p>El movimiento de Elon Musk se hab\u00eda vaticinado durante las horas previas, cuando el empresario comenz\u00f3 a republicar mensajes de otros perfiles en los que se atacaba la sanci\u00f3n impuesta desde Bruselas. Entre ellos, uno de los m\u00e1s destacados fue el del secretario de Estado de EE.UU., Marco Rubio, quien calific\u00f3 la acci\u00f3n como un <b>intento de censura en Internet<\/b>, as\u00ed como un ataque \u201ca todas las plataformas tecnol\u00f3gicas estadounidenses y al pueblo estadounidense por parte de gobiernos extranjeros.\u201d<\/p>\n<p>El enfrentamiento entre Elon Musk y la Uni\u00f3n Europea tendr\u00e1 nuevos episodios, dado que la red social t<b>iene un plazo de 60 d\u00edas h\u00e1biles para comunicar las medidas<\/b> que tomar\u00e1 de cara a subsanar las cuestiones que le han acarreado la sanci\u00f3n impuesta y para cumplir con lo establecido en la Ley de Servicios Digitales tras ser la primera compa\u00f1\u00eda sancionada por no respetar la nueva ley digital comunitaria.<\/p>\n","protected":false},"excerpt":{"rendered":"La firmeza con la que la Uni\u00f3n Europea afronta cada uno de los procesos destinados a salvaguardar la&hellip;\n","protected":false},"author":2,"featured_media":279433,"comment_status":"","ping_status":"","sticky":false,"template":"","format":"standard","meta":{"footnotes":""},"categories":[42],"tags":[17,18,13,14,11,61,62,63,64,19,20,9,10,15,16,12,21,22,65,66,67],"class_list":{"0":"post-279432","1":"post","2":"type-post","3":"status-publish","4":"format-standard","5":"has-post-thumbnail","7":"category-internacional","8":"tag-breaking-news","9":"tag-breakingnews","10":"tag-featured-news","11":"tag-featurednews","12":"tag-headlines","13":"tag-internacional","14":"tag-international","15":"tag-international-news","16":"tag-internationalnews","17":"tag-latest-news","18":"tag-latestnews","19":"tag-news","20":"tag-noticias","21":"tag-noticias-destacadas","22":"tag-noticiasdestacadas","23":"tag-titulares","24":"tag-ultimas-noticias","25":"tag-ultimasnoticias","26":"tag-world","27":"tag-world-news","28":"tag-worldnews"},"share_on_mastodon":{"url":"https:\/\/pubeurope.com\/@es\/115689723378567593","error":""},"_links":{"self":[{"href":"https:\/\/www.europesays.com\/es\/wp-json\/wp\/v2\/posts\/279432","targetHints":{"allow":["GET"]}}],"collection":[{"href":"https:\/\/www.europesays.com\/es\/wp-json\/wp\/v2\/posts"}],"about":[{"href":"https:\/\/www.europesays.com\/es\/wp-json\/wp\/v2\/types\/post"}],"author":[{"embeddable":true,"href":"https:\/\/www.europesays.com\/es\/wp-json\/wp\/v2\/users\/2"}],"replies":[{"embeddable":true,"href":"https:\/\/www.europesays.com\/es\/wp-json\/wp\/v2\/comments?post=279432"}],"version-history":[{"count":0,"href":"https:\/\/www.europesays.com\/es\/wp-json\/wp\/v2\/posts\/279432\/revisions"}],"wp:featuredmedia":[{"embeddable":true,"href":"https:\/\/www.europesays.com\/es\/wp-json\/wp\/v2\/media\/279433"}],"wp:attachment":[{"href":"https:\/\/www.europesays.com\/es\/wp-json\/wp\/v2\/media?parent=279432"}],"wp:term":[{"taxonomy":"category","embeddable":true,"href":"https:\/\/www.europesays.com\/es\/wp-json\/wp\/v2\/categories?post=279432"},{"taxonomy":"post_tag","embeddable":true,"href":"https:\/\/www.europesays.com\/es\/wp-json\/wp\/v2\/tags?post=279432"}],"curies":[{"name":"wp","href":"https:\/\/api.w.org\/{rel}","templated":true}]}}