{"id":279439,"date":"2025-12-09T13:04:20","date_gmt":"2025-12-09T13:04:20","guid":{"rendered":"https:\/\/www.europesays.com\/es\/279439\/"},"modified":"2025-12-09T13:04:20","modified_gmt":"2025-12-09T13:04:20","slug":"8-fichajes-del-nuevo-alpecin-premier-tech-de-mathieu-van-der-poel","status":"publish","type":"post","link":"https:\/\/www.europesays.com\/es\/279439\/","title":{"rendered":"\u00a18 fichajes del \u00abnuevo\u00bb Alpecin-Premier Tech de Mathieu van der Poel!"},"content":{"rendered":"<p>El futuro del equipo <a href=\"https:\/\/ciclismoaldia.es\/alpecin-deceuninck\" title=\"Alpecin-Deceuninck\" rel=\"nofollow noopener\" target=\"_blank\">Alpecin-Deceuninck<\/a> empieza hoy. Ya no se llamar\u00e1 as\u00ed, porque Deceuninck deja su sponsor para dar paso a Premier Tech. Es decir, la escuadra de Mathieu van der Poel se denominar\u00e1 Alpecin-Premier Tech desde 2026. Y para celebrarlo han cerrado 9 fichajes en el <a href=\"https:\/\/ciclismoaldia.es\/mercado-ciclista\" title=\"Mercado Ciclista\" rel=\"nofollow noopener\" target=\"_blank\">mercado ciclista<\/a>.Hasta hoy, Alpecin ten\u00eda 19 corredores con contrato para la temporada 2026. Tras la presentaci\u00f3n del equipo y el anuncio de su nuevo patrocinador Premier Tech, la escuadra belga confirm\u00f3 por fin los fichajes en los que hab\u00eda trabajado en los \u00faltimos meses. 8 nuevos ciclistas fueron revelados para incorporarse al equipo <a href=\"https:\/\/www.uci.org\/\" target=\"_blank\" rel=\"nofollow noopener\">WorldTour<\/a>, con algunos nombres muy interesantes.<\/p>\n<p>Previamente, el equipo hab\u00eda anunciado la promoci\u00f3n de Lennert Belmans, Aaron Dockx y Senna Remijn desde el filial al conjunto \u00e9lite de cara a 2026. Hoy, Sente Sentjens tambi\u00e9n ha sido ascendido de forma oficial. Varios nombres se hab\u00edan vinculado al equipo y hoy quedaron confirmados, junto a algunas otras piezas.<\/p>\n<p>La lista de 8 incluye a Maurice Ballerstedt, que form\u00f3 parte del equipo belga hasta 2024 y este a\u00f1o hizo un par\u00e9ntesis en el campo profesional para centrarse en el gravel y los criteriums en Estados Unidos.<\/p>\n<p>El equipo ha fichado a Lindsay de Vylder y Jonas Geens procedentes del Team Flanders &#8211; Baloise; a Tim Marsman del continental VolkerWessels Cycling Team; y a Hugo Houle, que llega desde Israel &#8211; Premier Tech, un fichaje muy espec\u00edfico ya que Premier Tech se incorpor\u00f3 como patrocinador principal y buscaba representaci\u00f3n canadiense en la plantilla\u2026 Houle gan\u00f3 una etapa del Tour de Francia 2023.<\/p>\n<p><img decoding=\"async\" width=\"500\" height=\"280\" loading=\"lazy\" src=\"https:\/\/www.europesays.com\/es\/wp-content\/uploads\/2025\/12\/1125909153-64b4615b03be4.jpg@webp.webp\" class=\"w-auto h-auto\" alt=\"Hugo Houle, ciclista de Alpecin-Premier Tech.\"\/><\/p>\n<p>Hugo Houle ficha por Alpecin-Premier Tech en el mercado ciclista.<\/p>\n<p>Los fichajes m\u00e1s destacadosLos movimientos de mayor calado incluyen a <a href=\"https:\/\/ciclismoaldia.es\/florian-senechal\" title=\"Florian S\u00e9n\u00e9chal\" rel=\"nofollow noopener\" target=\"_blank\">Florian S\u00e9n\u00e9chal<\/a>, especialista en cl\u00e1sicas y lanzamientos, que llega tras la desaparici\u00f3n de Ark\u00e9a &#8211; B&amp;B Hotels. <a href=\"https:\/\/ciclismoaldia.es\/ciclismo\/mercado-ciclista-el-increible-fichaje-de-alpecin-de-cara-a-las-clasicas-para-ayudar-a-van-der-poel\" target=\"_self\" rel=\"nofollow noopener\">El franc\u00e9s ya hab\u00eda sido vinculado a Alpecin<\/a> hace m\u00e1s de un mes y su fichaje parece encajar a la perfecci\u00f3n por sus caracter\u00edsticas.Pero, sobre todo, el equipo ha incorporado a dos corredores de Intermarch\u00e9 &#8211; Wanty, que se vieron en una situaci\u00f3n complicada tras la fusi\u00f3n con Lotto. Despu\u00e9s de Biniam Girmay y Arne Marit, el tercer velocista del equipo, <a href=\"https:\/\/ciclismoaldia.es\/gerben-thijssen\" title=\"Gerben Thijssen\" rel=\"nofollow noopener\" target=\"_blank\">Gerben Thijssen<\/a>, se une a Alpecin, al igual que el puncheur italiano Francesco Busatto.<\/p>\n<p>Con esto, la plantilla asciende a 28 corredores y queda completa, aunque conviene recordar que en carreras fuera del WorldTour se pueden alinear ciclistas del equipo de desarrollo junto a miembros del conjunto \u00e9lite, incluidos, como m\u00ednimo, especialistas de ciclocross como Cameron Mason y Jente Michels.<\/p>\n<p>A d\u00eda de hoy, Michael Gogl, Stan van Tricht, Jensen Plowright, Henri Uhlig y Juri Hollmann siguen sin contrato para 2026. Jimmy Janssens y Lars Boven, de 24 a\u00f1os, se han retirado del ciclismo.<\/p>\n<p>El equipo ha perdido a Xandro Meurisse y Quinten Hermans rumbo a Pinarello &#8211; Q36.5 Pro Cycling; a Gianni Vermeersch hacia Red Bull &#8211; BORA &#8211; hansgrohe; a Timo Kielich a Visma &#8211; Lease a Bike; a Robbe Ghys a Decathlon CMA CGM y a Fabio van den Bossche a Soudal Quick-Step.<\/p>\n","protected":false},"excerpt":{"rendered":"El futuro del equipo Alpecin-Deceuninck empieza hoy. Ya no se llamar\u00e1 as\u00ed, porque Deceuninck deja su sponsor para&hellip;\n","protected":false},"author":2,"featured_media":279440,"comment_status":"","ping_status":"","sticky":false,"template":"","format":"standard","meta":{"footnotes":""},"categories":[273],"tags":[27229,313,312,168,25,24,67836,67837,61328,23,167],"class_list":{"0":"post-279439","1":"post","2":"type-post","3":"status-publish","4":"format-standard","5":"has-post-thumbnail","7":"category-ciclismo","8":"tag-alpecin-deceuninck","9":"tag-ciclismo","10":"tag-cycling","11":"tag-deportes","12":"tag-es","13":"tag-espana","14":"tag-florian-senechal","15":"tag-gerben-thijssen","16":"tag-mercado-ciclista","17":"tag-spain","18":"tag-sports"},"share_on_mastodon":{"url":"https:\/\/pubeurope.com\/@es\/115689755018361915","error":""},"_links":{"self":[{"href":"https:\/\/www.europesays.com\/es\/wp-json\/wp\/v2\/posts\/279439","targetHints":{"allow":["GET"]}}],"collection":[{"href":"https:\/\/www.europesays.com\/es\/wp-json\/wp\/v2\/posts"}],"about":[{"href":"https:\/\/www.europesays.com\/es\/wp-json\/wp\/v2\/types\/post"}],"author":[{"embeddable":true,"href":"https:\/\/www.europesays.com\/es\/wp-json\/wp\/v2\/users\/2"}],"replies":[{"embeddable":true,"href":"https:\/\/www.europesays.com\/es\/wp-json\/wp\/v2\/comments?post=279439"}],"version-history":[{"count":0,"href":"https:\/\/www.europesays.com\/es\/wp-json\/wp\/v2\/posts\/279439\/revisions"}],"wp:featuredmedia":[{"embeddable":true,"href":"https:\/\/www.europesays.com\/es\/wp-json\/wp\/v2\/media\/279440"}],"wp:attachment":[{"href":"https:\/\/www.europesays.com\/es\/wp-json\/wp\/v2\/media?parent=279439"}],"wp:term":[{"taxonomy":"category","embeddable":true,"href":"https:\/\/www.europesays.com\/es\/wp-json\/wp\/v2\/categories?post=279439"},{"taxonomy":"post_tag","embeddable":true,"href":"https:\/\/www.europesays.com\/es\/wp-json\/wp\/v2\/tags?post=279439"}],"curies":[{"name":"wp","href":"https:\/\/api.w.org\/{rel}","templated":true}]}}