{"id":279443,"date":"2025-12-09T13:07:14","date_gmt":"2025-12-09T13:07:14","guid":{"rendered":"https:\/\/www.europesays.com\/es\/279443\/"},"modified":"2025-12-09T13:07:14","modified_gmt":"2025-12-09T13:07:14","slug":"en-directo-el-alaves-ya-conoce-su-rival-para-los-dieciseisavos-de-final-de-la-copa","status":"publish","type":"post","link":"https:\/\/www.europesays.com\/es\/279443\/","title":{"rendered":"EN DIRECTO &#8211; El Alav\u00e9s ya conoce su rival para los dieciseisavos de final de la Copa"},"content":{"rendered":"<p>El <strong>Alav\u00e9s<\/strong> se medir\u00e1 al <strong>Sevilla<\/strong>\u00a0en\u00a0dieciseisavos de final de la<strong> Copa del Rey. <\/strong>De esta forma, la Copa del Rey volver\u00e1 a Mendizorrotza entre los d\u00edas 16, 17 y 18 de diciembre.<\/p>\n<p>El conjunto albiazul se ha llevado la peor parte de un sorteo en el cual<strong> tan solo hab\u00eda una posibilidad de un enfrentamiento entre equipos de Primera Divisi\u00f3n<\/strong>. A pesar de ello, el encuentro se disputar\u00e1 en Mendizorrotza al ser un enfrentamiento entre dos equipos de Primera y haber sido el Alav\u00e9s el primer nombre en salir.<\/p>\n<p>\t\t\t\t\t\t\tPUBLICIDAD &#8211; SIGUE LEYENDO ABAJO<br \/>\n\t\t\t\t\t\t\t<a rel=\"noreferrer nofollow noopener\" href=\"https:\/\/www.ecoisola.es\/\" target=\"_blank\"><br \/>\n\t\t\t\t\t\t\t\t<img decoding=\"async\" width=\"400px\" height=\"400px\" layout=\"responsive\" data-category=\"banner-ecoisola\" id=\"segundoparr\" class=\"banclick\" src=\"https:\/\/www.europesays.com\/es\/wp-content\/uploads\/2025\/11\/publicidad-segundo-parrafo-62.gif\"\/><br \/>\n\t\t\t\t\t\t\t<\/a><\/p>\n<p>Tras superar al <strong><a href=\"https:\/\/www.gasteizhoy.com\/getxo-alaves-copa-2025\/\" target=\"_blank\" rel=\"noopener nofollow\">Getxo<\/a><\/strong> y al <a href=\"https:\/\/www.gasteizhoy.com\/portugalete-alaves-copa-rey-2025\/\" target=\"_blank\" rel=\"noopener nofollow\"><strong>Portugalete<\/strong> <\/a>en las primeras rondas, el conjunto albiazul afronta un partido m\u00e1s complicado de lo que le hubiera gustado.<\/p>\n<p>Y es que, a pesar de no tener un nivel tan alto como a\u00f1os atr\u00e1s, el Sevilla es un equipo de Primera Divisi\u00f3n que puede poner en serios aprietos al Glorioso. Adem\u00e1s, el camino en Copa del conjunto andaluz no le ha supuesto muchos problemas tras dos victorias ante el <strong>CD Toledo<\/strong> (1-4) y ante el <strong>Extremadura<\/strong> (1-2).<\/p>\n<p>En esta ronda ya hab\u00edan desaparecido los criterios de proximidad geogr\u00e1fica, aunque se mantiene el formato de <strong>eliminatoria a partido \u00fanico<\/strong>, algo clave teniendo en cuenta que se disputar\u00e1 en Mendizorrotza.<\/p>\n<p>\t\t\t\t\t\tPUBLICIDAD &#8211; SIGUE LEYENDO ABAJO<br \/>\n\t\t\t\t\t\t<a rel=\"noreferrer nofollow noopener\" href=\"https:\/\/www.hyundai.es\/concesionarios\/autolasa\/gama-hibrida-electrica\" target=\"_blank\"><br \/>\n\t\t\t\t\t\t\t<img decoding=\"async\" width=\"400px\" height=\"400px\" layout=\"responsive\" data-category=\"banner-Hyundai-autolasa\" id=\"quintoparr\" class=\"banclick\" src=\"https:\/\/www.europesays.com\/es\/wp-content\/uploads\/2025\/10\/publicidad-quinto-parrafo-33.gif\"\/><br \/>\n\t\t\t\t\t\t<\/a><\/p>\n<p>Adem\u00e1s, hay que recalcar que de momento tampoco habr\u00e1 VAR y que los encuentros se disputar\u00e1n los d\u00edas <strong>16, 17 y 18 de diciembre.<\/strong><\/p>\n<blockquote class=\"twitter-tweet\">\n<p dir=\"ltr\" lang=\"es\">\u2705 \u00a1El <a href=\"https:\/\/twitter.com\/SevillaFC?ref_src=twsrc%5Etfw\" rel=\"nofollow noopener\" target=\"_blank\">@SevillaFC<\/a> ser\u00e1 nuestro rival en Dieciseisavos de Final de Copa! \ud83c\udfc6<\/p>\n<p>El encuentro se disputar\u00e1 el 16, 17 o 18 de diciembre, en Mendizorrotza, en horario a\u00fan por determinar.<a href=\"https:\/\/twitter.com\/hashtag\/CopadelReyMAPFRE?src=hash&amp;ref_src=twsrc%5Etfw\" rel=\"nofollow noopener\" target=\"_blank\">#CopadelReyMAPFRE<\/a><a href=\"https:\/\/twitter.com\/hashtag\/LaCopaMola?src=hash&amp;ref_src=twsrc%5Etfw\" rel=\"nofollow noopener\" target=\"_blank\">#LaCopaMola<\/a> | <a href=\"https:\/\/twitter.com\/hashtag\/GoazenGlorioso?src=hash&amp;ref_src=twsrc%5Etfw\" rel=\"nofollow noopener\" target=\"_blank\">#GoazenGlorioso<\/a> \u26aa\ufe0f\ud83d\udd35 <a href=\"https:\/\/t.co\/ZP5IZ7VV52\" rel=\"nofollow\">pic.twitter.com\/ZP5IZ7VV52<\/a><\/p>\n<p>\u2014 Deportivo Alav\u00e9s (@Alaves) <a href=\"https:\/\/twitter.com\/Alaves\/status\/1998371155523346571?ref_src=twsrc%5Etfw\" rel=\"nofollow noopener\" target=\"_blank\">December 9, 2025<\/a><\/p>\n<p>\t\t\t\t\t\t\tPUBLICIDAD &#8211; SIGUE LEYENDO ABAJO<br \/>\n\t\t\t\t\t\t\t<a rel=\"noreferrer nofollow noopener\" href=\"https:\/\/www.bakh.es\/\" target=\"_blank\"><br \/>\n\t\t\t\t\t\t\t\t<img decoding=\"async\" width=\"400px\" height=\"400px\" layout=\"responsive\" data-category=\"banner-bakh\" id=\"novparr\" class=\"banclick\" src=\"https:\/\/www.europesays.com\/es\/wp-content\/uploads\/2025\/12\/publicidad-noveno-parrafo-68.jpg\"\/><br \/>\n\t\t\t\t\t\t\t<\/a><\/p>\n<\/blockquote>\n<p><img fetchpriority=\"high\" decoding=\"async\" width=\"879\" height=\"659\" class=\"aligncenter size-large wp-image-214586\" src=\"https:\/\/www.europesays.com\/es\/wp-content\/uploads\/2025\/12\/alaves-copa-del-rey-terrasa-879x659.jpg.webp.jpeg\" alt=\"alaves-copa del rey\"  \/><\/p>\n<p>Precedentes<\/p>\n<p>A pesar de contar con el factor campo, el Sevilla es muy consciente de sus capacidades para irse de Vitoria con la victoria. Y es que esta misma temporada, el equipo andaluz se llev\u00f3 los tres puntos de Mendizorrotza en la quinta jornada de <strong>Liga<\/strong> disputada el 20 de septiembre.<\/p>\n<p>En dicho partido, el Sevilla se llev\u00f3 los tres puntos<strong>\u00a0(1-2)<\/strong> con goles de <strong>Ruben Vargas<\/strong> y <strong>Alexis S\u00e1nchez<\/strong> ante el solitario tanto de penalti de <strong>Carlos Vicente<\/strong>.<\/p>\n<p>Resto de cruces<\/p>\n<p>Los dieciseisavos suponen la entrada en competici\u00f3n de los cuatro equipos que participar\u00e1n en la <strong>Supercopa<\/strong> (Barcelona, Real Madrid, Atl\u00e9tico de Madrid y Athletic).<\/p>\n<p>Estos clubes han quedado emparejados con <strong>cuatro de los seis equipos<\/strong> procedentes de Primera y Segunda Federaci\u00f3n. Los dos equipos restantes de estas categor\u00edas m\u00e1s modestas se miden a un conjunto de Primera Divisi\u00f3n.<\/p>\n<p><strong>Dieciseisavos de final de la Copa del Rey<\/strong><\/p>\n<ul>\n<li>Ourense CF &#8211; Athletic Club<\/li>\n<li>Atl\u00e9tico Baleares &#8211; Atl\u00e9tico de Madrid<\/li>\n<li>CF Talavera &#8211; Real Madrid<\/li>\n<li>CD Guadalajara &#8211; FC Barcelona<\/li>\n<li>Real Murcia &#8211; Real Betis<\/li>\n<li>CD Eldense &#8211; Real Sociedad<\/li>\n<li>Burgos CF &#8211; Getafe CF<\/li>\n<li>Cultural Leonesa &#8211; Levante UD<\/li>\n<li>SD Eibar &#8211; Elche CF<\/li>\n<li>RC Deportivo &#8211; Real Mallorca<\/li>\n<li>Real Racing Club &#8211; Villarreal CF<\/li>\n<li>Real Sporting &#8211; Valencia CF<\/li>\n<li>SD Huesca &#8211; Osasuna<\/li>\n<li>Granada CF &#8211; Rayo Vallecano<\/li>\n<li>Albacete Balompi\u00e9 &#8211; RC Celta de Vigo<\/li>\n<li>* <strong><a href=\"https:\/\/www.gasteizhoy.com\/deportes\/futbol\/alaves-futbol\/\" rel=\"nofollow noopener\" target=\"_blank\">Deportivo Alav\u00e9s<\/a> &#8211; Sevilla FC<\/strong><\/li>\n<\/ul>\n<p>                    <script async src=\"https:\/\/platform.twitter.com\/widgets.js\" charset=\"utf-8\"><\/script><\/p>\n","protected":false},"excerpt":{"rendered":"El Alav\u00e9s se medir\u00e1 al Sevilla\u00a0en\u00a0dieciseisavos de final de la Copa del Rey. De esta forma, la Copa&hellip;\n","protected":false},"author":2,"featured_media":279444,"comment_status":"","ping_status":"","sticky":false,"template":"","format":"standard","meta":{"footnotes":""},"categories":[268],"tags":[67839,168,25,24,280,282,281,67838,23,167],"class_list":{"0":"post-279443","1":"post","2":"type-post","3":"status-publish","4":"format-standard","5":"has-post-thumbnail","7":"category-futbol","8":"tag-alaves-copa-del-rey","9":"tag-deportes","10":"tag-es","11":"tag-espana","12":"tag-football","13":"tag-futbol","14":"tag-soccer","15":"tag-sorteo-deportivo-alaves","16":"tag-spain","17":"tag-sports"},"share_on_mastodon":{"url":"https:\/\/pubeurope.com\/@es\/115689767198516189","error":""},"_links":{"self":[{"href":"https:\/\/www.europesays.com\/es\/wp-json\/wp\/v2\/posts\/279443","targetHints":{"allow":["GET"]}}],"collection":[{"href":"https:\/\/www.europesays.com\/es\/wp-json\/wp\/v2\/posts"}],"about":[{"href":"https:\/\/www.europesays.com\/es\/wp-json\/wp\/v2\/types\/post"}],"author":[{"embeddable":true,"href":"https:\/\/www.europesays.com\/es\/wp-json\/wp\/v2\/users\/2"}],"replies":[{"embeddable":true,"href":"https:\/\/www.europesays.com\/es\/wp-json\/wp\/v2\/comments?post=279443"}],"version-history":[{"count":0,"href":"https:\/\/www.europesays.com\/es\/wp-json\/wp\/v2\/posts\/279443\/revisions"}],"wp:featuredmedia":[{"embeddable":true,"href":"https:\/\/www.europesays.com\/es\/wp-json\/wp\/v2\/media\/279444"}],"wp:attachment":[{"href":"https:\/\/www.europesays.com\/es\/wp-json\/wp\/v2\/media?parent=279443"}],"wp:term":[{"taxonomy":"category","embeddable":true,"href":"https:\/\/www.europesays.com\/es\/wp-json\/wp\/v2\/categories?post=279443"},{"taxonomy":"post_tag","embeddable":true,"href":"https:\/\/www.europesays.com\/es\/wp-json\/wp\/v2\/tags?post=279443"}],"curies":[{"name":"wp","href":"https:\/\/api.w.org\/{rel}","templated":true}]}}