{"id":279473,"date":"2025-12-09T13:30:13","date_gmt":"2025-12-09T13:30:13","guid":{"rendered":"https:\/\/www.europesays.com\/es\/279473\/"},"modified":"2025-12-09T13:30:13","modified_gmt":"2025-12-09T13:30:13","slug":"comunicado-oficial-normativa-de-acceso-zonas-y-cambios-de-asiento-temporada-2025-2026","status":"publish","type":"post","link":"https:\/\/www.europesays.com\/es\/279473\/","title":{"rendered":"Comunicado oficial: Normativa de acceso, zonas y cambios de asiento &#8211; Temporada 2025\/2026"},"content":{"rendered":"<p>Con el fin de garantizar una experiencia segura, ordenada y c\u00f3moda para todos los abonados y asistentes, el club establece la siguiente normativa para la presente temporada.<\/p>\n<p><strong>1. Acceso al pabell\u00f3n<\/strong><\/p>\n<p>\u2022 El acceso deber\u00e1 realizarse exclusivamente por la puerta indicada en el abono correspondiente.<br \/>\u2022 No estar\u00e1 permitido desplazarse internamente de la zona de preferencia a tribuna, ni de tribuna a preferencia.<br \/>\u2022 La venta de entradas en taquilla ser\u00e1 \u00fanicamente para la zona de preferencia. La compra de entradas para ambas zonas (preferencia y tribuna) estar\u00e1 disponible de forma online.<\/p>\n<p><strong>2. Cambios de asiento o zona<\/strong><\/p>\n<p>\u2022 Los abonados que deseen cambiar la zona o el asiento asignado podr\u00e1n hacerlo de manera gratuita hasta la jornada 15, inclusive.<br \/>\u2022 A partir de dicha fecha, cualquier modificaci\u00f3n quedar\u00e1 sujeta a disponibilidad y a las condiciones vigentes del club.<\/p>\n<p><strong>3. Zona Preferencia 5 \u2014 \u00c1rea destinada a la Escuela<\/strong><\/p>\n<p>\u2022 La zona Preferencia 5 se establece como el \u00e1rea oficial destinada a la Escuela del club.<br \/>\u2022 Los alumnos disponen de un carn\u00e9 gratuito que les permite acceder a esta zona por la puerta de Preferencia.<br \/>\u2022 En caso de solicitar el cambio de dicho carn\u00e9 de zona o de asiento, se aplicar\u00e1 un coste de 5 \u20ac. (Los alumnos menores de 6 a\u00f1os podr\u00e1n hacer este cambio de manera gratuita)<\/p>\n<p><strong>4. Horario de oficina \u2014 2025<\/strong><\/p>\n<p>El horario de atenci\u00f3n al p\u00fablico para el a\u00f1o 2025 ser\u00e1 el siguiente:<\/p>\n<p>Lunes, mi\u00e9rcoles y viernes<br \/>\u2022 10:30 a 13:00<br \/>\u2022 16:00 a 17:15<\/p>\n<p>Martes<br \/>\u2022 17:00 a 19:00<\/p>\n<p>Jueves<br \/>\u2022 11:00 a 13:00<br \/>\u2022 17:00 a 19:00<\/p>\n<p>El club agradece la colaboraci\u00f3n y comprensi\u00f3n de todos los abonados y familias. Estas medidas buscan mejorar la organizaci\u00f3n del pabell\u00f3n y garantizar una experiencia m\u00e1s c\u00f3moda y segura para todos los asistentes.<\/p>\n<p><a href=\"http:\/\/www.oparrulofs.es\/comunicado-oficial-normativa-de-acceso-zonas-y-cambios-de-asiento-temporada-2025-2026\/whatsapp-image-2025-12-04-at-10-46-30\/#main\" rel=\"attachment wp-att-25194 nofollow noopener\" target=\"_blank\"><img loading=\"lazy\" decoding=\"async\" class=\"size-full wp-image-25194 aligncenter\" src=\"https:\/\/www.europesays.com\/es\/wp-content\/uploads\/2025\/12\/WhatsApp-Image-2025-12-04-at-10.46.30.jpeg\" alt=\"\" width=\"800\" height=\"682\"  \/><\/a><\/p>\n","protected":false},"excerpt":{"rendered":"Con el fin de garantizar una experiencia segura, ordenada y c\u00f3moda para todos los abonados y asistentes, el&hellip;\n","protected":false},"author":2,"featured_media":279474,"comment_status":"","ping_status":"","sticky":false,"template":"","format":"standard","meta":{"footnotes":""},"categories":[268],"tags":[168,25,24,280,282,281,23,167],"class_list":{"0":"post-279473","1":"post","2":"type-post","3":"status-publish","4":"format-standard","5":"has-post-thumbnail","7":"category-futbol","8":"tag-deportes","9":"tag-es","10":"tag-espana","11":"tag-football","12":"tag-futbol","13":"tag-soccer","14":"tag-spain","15":"tag-sports"},"share_on_mastodon":{"url":"https:\/\/pubeurope.com\/@es\/115689857429025175","error":""},"_links":{"self":[{"href":"https:\/\/www.europesays.com\/es\/wp-json\/wp\/v2\/posts\/279473","targetHints":{"allow":["GET"]}}],"collection":[{"href":"https:\/\/www.europesays.com\/es\/wp-json\/wp\/v2\/posts"}],"about":[{"href":"https:\/\/www.europesays.com\/es\/wp-json\/wp\/v2\/types\/post"}],"author":[{"embeddable":true,"href":"https:\/\/www.europesays.com\/es\/wp-json\/wp\/v2\/users\/2"}],"replies":[{"embeddable":true,"href":"https:\/\/www.europesays.com\/es\/wp-json\/wp\/v2\/comments?post=279473"}],"version-history":[{"count":0,"href":"https:\/\/www.europesays.com\/es\/wp-json\/wp\/v2\/posts\/279473\/revisions"}],"wp:featuredmedia":[{"embeddable":true,"href":"https:\/\/www.europesays.com\/es\/wp-json\/wp\/v2\/media\/279474"}],"wp:attachment":[{"href":"https:\/\/www.europesays.com\/es\/wp-json\/wp\/v2\/media?parent=279473"}],"wp:term":[{"taxonomy":"category","embeddable":true,"href":"https:\/\/www.europesays.com\/es\/wp-json\/wp\/v2\/categories?post=279473"},{"taxonomy":"post_tag","embeddable":true,"href":"https:\/\/www.europesays.com\/es\/wp-json\/wp\/v2\/tags?post=279473"}],"curies":[{"name":"wp","href":"https:\/\/api.w.org\/{rel}","templated":true}]}}