{"id":279476,"date":"2025-12-09T13:32:26","date_gmt":"2025-12-09T13:32:26","guid":{"rendered":"https:\/\/www.europesays.com\/es\/279476\/"},"modified":"2025-12-09T13:32:26","modified_gmt":"2025-12-09T13:32:26","slug":"el-guggenheim-urdaibai-se-tambalea-tras-un-concluyente-proceso-de-escucha-la-decision-el-16d-euskal-herria-2","status":"publish","type":"post","link":"https:\/\/www.europesays.com\/es\/279476\/","title":{"rendered":"El Guggenheim Urdaibai se tambalea tras un concluyente proceso de escucha; la decisi\u00f3n, el 16D | Euskal Herria"},"content":{"rendered":"<p>        <img decoding=\"async\" alt=\"Concentraci\u00f3n de la plataforma Guggenheim Urdaibai Stop! ante el museo en Bilbo. \" height=\"800\" loading=\"lazy\"  src=\"https:\/\/www.europesays.com\/es\/wp-content\/uploads\/2025\/12\/guggenheim_urdaibai.jpg\"  width=\"1200\"\/>Concentraci\u00f3n de la plataforma Guggenheim Urdaibai Stop! ante el museo en Bilbo.  (Aritz Loiola | FOKU)<\/p>\n<p>El Patronato del Museo Guggenheim Bilbao se reunir\u00e1 el martes 16 de diciembre para analizar el futuro del proyecto en Urdaibai, seg\u00fan ha avanzado EITB Media. Al igual que otras informaciones period\u00edsticas que se vienen sucediendo en los \u00faltimos d\u00edas, todo apunta a que este segundo intento de la Diputaci\u00f3n de Bizkaia por ubicar otra franquicia de la pinacoteca en Busturialdea, secundada en esta ocasi\u00f3n por el Ejecutivo de Lakua, se volver\u00e1 a guardar en el caj\u00f3n.<\/p>\n<p>El jueves, a preguntas de los medios, la directora de la pinacoteca, <a href=\"https:\/\/www.naiz.eus\/es\/info\/noticia\/20251204\/miren-arzalluz-confirma-que-proximamente-se-tomara-una-decision-sobre-el-guggenheim-urdaibai\" rel=\"nofollow noopener\" target=\"_blank\">Miren Arzalluz, dijo de forma escueta que \u00abpr\u00f3ximamente se tomar\u00e1 una decisi\u00f3n respecto al futuro de este proyecto\u00bb.<\/a> Pocos d\u00edas antes, <a href=\"https:\/\/www.naiz.eus\/es\/info\/noticia\/20251130\/el-pnv-reconoce-trabas-importantes-en-el-proyecto-del-guggenheim-en-urdaibai\" rel=\"nofollow noopener\" target=\"_blank\">el presidente del Bizkai Buru Batzar del PNV, I\u00f1igo Ansola,<\/a> se\u00f1al\u00f3 en tono pesimista, a expensas de la decisi\u00f3n final del Patronato, que \u00abtrabas administrativas\u00bb, que consideraba \u00abimportantes\u00bb, pod\u00edan frenar esta iniciativa jeltzale.<\/p>\n<p>Di\u00e1fanas fueron las palabras de la diputada general en el Pleno de Pol\u00edtica General celebrado en septiembre por las Juntas Generales en Gernika, donde <a href=\"https:\/\/www.naiz.eus\/es\/info\/noticia\/20250925\/etxanobe-afirma-que-el-debate-de-guggenheim-urdaibai-no-se-resuelve-con-un-si-o-no\" rel=\"nofollow noopener\" target=\"_blank\">Elixabete Etxanobe advirti\u00f3 de las dificultades<\/a> para la viabilidad del proyecto a medio plazo, mencionando los procesos judiciales, los trabajos de descontaminaci\u00f3n y la tramitaci\u00f3n urban\u00edstica.<\/p>\n<p>Esas declaraciones se produjeron despu\u00e9s de que a finales de agosto, Agirre Lehendakaria Center (ALC) presentara el informe preliminar sobre el proceso de escucha encargado por la Diputaci\u00f3n de Bizkaia y el Gobierno de Lakua sobre la posible ampliaci\u00f3n del Guggenheim Bilbao Museoa en Urdaibai. Aunque se present\u00f3 de forma ambigua, revel\u00f3 <a href=\"https:\/\/www.naiz.eus\/es\/info\/noticia\/20250803\/el-no-al-guggenheim-es-abrumador-pese-a-que-el-informe-trate-de-diluirlo-entre-narrativas\" rel=\"nofollow noopener\" target=\"_blank\">un amplio rechazo social al proyecto<\/a>, lo que dej\u00f3 mudas a las instituciones que lo impulsan.<\/p>\n<p><strong>Narrativa \u00abprevalente\u00bb en contra<\/strong><\/p>\n<p>Este viernes ha habido m\u00e1s precisiones al respecto.\u00a0Agirre Lehendakaria Center ha recogido 950 narrativas en el proceso de escucha, entre las que existe una narrativa \u00abprevalente\u00bb que est\u00e1 en contra de la ampliaci\u00f3n del museo en Urdaibai, pero que pone el acento en el desarrollo econ\u00f3mico de la comarca vizca\u00edna.<\/p>\n<p>As\u00ed se recoge en las conclusiones del seminario internacional que Agirre Lehendakaria Center ha celebrado esta semana, que publica en su web, y que se resume en \u00abno a la ampliaci\u00f3n, s\u00ed al desarrollo\u00bb. \u00abEsto no significa que sea mayoritaria en t\u00e9rminos cuantitativos, porque se trata de un estudio cualitativo, por lo que las conclusiones hablan de prevalencia, que es el t\u00e9rmino t\u00e9cnico\u00bb, han explicado desde el centro de estudios.<\/p>\n<p>Los resultados finales del proceso de escucha se presentar\u00e1n el pr\u00f3ximo mes de enero y los expertos internacionales que han participado en seminario tambi\u00e9n invitan a las instituciones a tomar en cuenta los resultados<\/p>\n<p>Agirre Lehendakaria Center, en colaboraci\u00f3n con AC4 de Columbia University, ha celebrado esta semana el seminario acad\u00e9mico \u2018La escucha comunitaria al servicio de los procesos de transici\u00f3n socioecol\u00f3gica\u2019 en Ekoetxea Urdaibai.<\/p>\n<p>Con la participaci\u00f3n de acad\u00e9micos internacionales especializados en sistemas de gobernanza y procesos participativos, derechos de la naturaleza, planificaci\u00f3n urbana, arquitectura, arte y turismo, el encuentro ha reunido representantes locales y miembros de la comunidad para contrastar y enriquecer la metodolog\u00eda y los resultados del proceso de escucha.<\/p>\n<p><strong>\u00abDesarrollo Humano Sostenible\u00bb en el eskualde<\/strong><\/p>\n<p>Entre las conclusiones del seminario, que la Universidad de Columbia en Nueva York tambi\u00e9n publica en su web, se recoge que el proceso de escucha ha creado un espacio para que los ciudadanos de Urdaibai compartan sus opiniones sobre \u00abc\u00f3mo deben tomarse este tipo de decisiones, qu\u00e9 voces pueden y deben incluirse y c\u00f3mo garantizar que se tengan en cuenta sus necesidades y aspiraciones\u00bb.<\/p>\n<p>Adem\u00e1s, indican que el museo es una \u00abparte importante de la discusi\u00f3n, pero el proceso de escucha nos invita a poner el foco en los retos y posibilidades para un Desarrollo Humano Sostenible de la comarca. La movilizaci\u00f3n ha puesto de manifiesto de diversas perspectivas y colectivos a puesto de manifiesto la voluntad de la ciudadan\u00eda por ser protagonista del futuro de Urdaibai\u00bb.<\/p>\n<p class=\"summary\">Los expertos reunidos estos d\u00edas en Urdaibai destacan que \u00abser\u00eda bueno que las instituciones p\u00fablicas escucharan las narrativas prevalentes para las decisiones a tomar\u00bb<\/p>\n<p>\u00a0<\/p>\n<p>Otra de las conclusiones se\u00f1ala que la voluntad de las instituciones p\u00fablicas de crear este proceso de escucha \u00ababierto y profundo, demuestra su convicci\u00f3n de trabajar en pro de una gobernanza innovadora y colaborativa\u00bb. \u00abTeniendo en cuenta las experiencias internacionales presentadas en el seminario internacional, ser\u00eda bueno que las instituciones p\u00fablicas (que son las que han impulsado este proceso) escucharan las narrativas prevalentes y las tuvieran en cuenta de cara a las decisiones que vayan a tomarse en el futuro\u00bb, a\u00f1ade.<\/p>\n<p>Asimismo, apuntan que \u00abnadie cuestiona la necesidad de combinar la protecci\u00f3n medioambiental con el desarrollo socio-econ\u00f3mico de Busturialdea\u00bb. \u00abLas instituciones est\u00e1n comprometidas con este desarrollo e intentar\u00e1n conectar los esfuerzos existentes (plan estrat\u00e9gico) con el proceso de escucha\u00bb, agrega.<\/p>\n<p>El seminario ha contado con la participaci\u00f3n de destacados expertos y acad\u00e9micos internacionales, entre ellos, el equipo de ALC; Joshua D. Fisher, director de AC4-Columbia Climate School; Karin Okada, colaboradora de AC4-Columbia Climate School; Jacqueline M. Klopp, de Columbia University; Thaddeus Pawlowski, de Columbia GSAPP \/ Center for Resilient Cities and Landscapes; Tamara Muruetagoiena, de FRESH PRODUCE; Lidia Cano Pecharroman, de University of Texas at Austin; Hu Meng Qu, de Hokkaido University; y Kayo Funato, de Hiroshima University.<\/p>\n<p>Junto a la delegaci\u00f3n internacional, han participado expertos locales (EHU, Secretariado Local 2030 Naciones Unidas), centros de investigaci\u00f3n (BC3, Arantzazu Lab), entidades sociales (Gernika Gogoratuz, EMUN, TZBZ), alcaldes de la comarca y representantes institucionales como Ibone Bengoetxea, vicelehendakari del Gobierno de Lakua; Elixabete Etxanobe, diputada general de Bizkaia; Asier Aranbarri, director de Innovaci\u00f3n Social; o Alex Boto, director de Ihobe.<\/p>\n<p>\u00a0<\/p>\n<p>\u00a0<\/p>\n","protected":false},"excerpt":{"rendered":"Concentraci\u00f3n de la plataforma Guggenheim Urdaibai Stop! ante el museo en Bilbo. (Aritz Loiola | FOKU) El Patronato&hellip;\n","protected":false},"author":2,"featured_media":275381,"comment_status":"","ping_status":"","sticky":false,"template":"","format":"standard","meta":{"footnotes":""},"categories":[173],"tags":[39761,229,233,231,230,10598,232,978,234,146,147,25,24,983,50997,5568,23,67184,984],"class_list":{"0":"post-279476","1":"post","2":"type-post","3":"status-publish","4":"format-standard","5":"has-post-thumbnail","7":"category-arte-y-diseno","8":"tag-39761","9":"tag-arte","10":"tag-arte-y-diseno","11":"tag-arts","12":"tag-arts-and-design","13":"tag-decidira","14":"tag-design","15":"tag-dia","16":"tag-diseno","17":"tag-entertainment","18":"tag-entretenimiento","19":"tag-es","20":"tag-espana","21":"tag-guggenheim","22":"tag-patronato","23":"tag-proyecto","24":"tag-spain","25":"tag-tambalea","26":"tag-urdaibai"},"share_on_mastodon":{"url":"https:\/\/pubeurope.com\/@es\/115689865212600969","error":""},"_links":{"self":[{"href":"https:\/\/www.europesays.com\/es\/wp-json\/wp\/v2\/posts\/279476","targetHints":{"allow":["GET"]}}],"collection":[{"href":"https:\/\/www.europesays.com\/es\/wp-json\/wp\/v2\/posts"}],"about":[{"href":"https:\/\/www.europesays.com\/es\/wp-json\/wp\/v2\/types\/post"}],"author":[{"embeddable":true,"href":"https:\/\/www.europesays.com\/es\/wp-json\/wp\/v2\/users\/2"}],"replies":[{"embeddable":true,"href":"https:\/\/www.europesays.com\/es\/wp-json\/wp\/v2\/comments?post=279476"}],"version-history":[{"count":0,"href":"https:\/\/www.europesays.com\/es\/wp-json\/wp\/v2\/posts\/279476\/revisions"}],"wp:featuredmedia":[{"embeddable":true,"href":"https:\/\/www.europesays.com\/es\/wp-json\/wp\/v2\/media\/275381"}],"wp:attachment":[{"href":"https:\/\/www.europesays.com\/es\/wp-json\/wp\/v2\/media?parent=279476"}],"wp:term":[{"taxonomy":"category","embeddable":true,"href":"https:\/\/www.europesays.com\/es\/wp-json\/wp\/v2\/categories?post=279476"},{"taxonomy":"post_tag","embeddable":true,"href":"https:\/\/www.europesays.com\/es\/wp-json\/wp\/v2\/tags?post=279476"}],"curies":[{"name":"wp","href":"https:\/\/api.w.org\/{rel}","templated":true}]}}