{"id":279493,"date":"2025-12-09T13:42:08","date_gmt":"2025-12-09T13:42:08","guid":{"rendered":"https:\/\/www.europesays.com\/es\/279493\/"},"modified":"2025-12-09T13:42:08","modified_gmt":"2025-12-09T13:42:08","slug":"incertidumbre-en-oslo-sobre-la-asistencia-de-maria-corina-machado-para-recoger-el-nobel-de-la-paz-seguro-que-llegara","status":"publish","type":"post","link":"https:\/\/www.europesays.com\/es\/279493\/","title":{"rendered":"Incertidumbre en Oslo sobre la asistencia de Mar\u00eda Corina Machado para recoger el Nobel de la Paz: \u00abSeguro que llegar\u00e1\u00bb"},"content":{"rendered":"<p style=\"\">La ma\u00f1ana amaneci\u00f3 fr\u00eda y gris este martes en Oslo. En el aire flotaba la misma pregunta: \u00bfha llegado <strong>Mar\u00eda Corina Machado<\/strong>? Nadie confirmaba la noticia en su entorno: ni su madre, ni sus hijos, <a href=\"https:\/\/www.abc.es\/internacional\/oslo-preparado-entregar-persona-nobel-paz-maria-20251209041317-nt.html\" title=\"www.abc.es\" data-voc-vtm-id=\"in-text-traffic\" data-mrf-link=\"www.abc.es\" rel=\"nofollow noopener\" target=\"_blank\">hospedados todos en el Grand Hotel<\/a>.<\/p>\n<p style=\"\">La rueda  &#8230; de prensa, prevista a las 13.00, fue pospuesta a trav\u00e9s de un email de la organizaci\u00f3n hacia las 9.30 de la ma\u00f1ana, sin determinar una nueva hora. De momento, no han ofrecido ninguna informaci\u00f3n m\u00e1s.<\/p>\n<p class=\"voc-p\" style=\"\">La incertidumbre se apodera as\u00ed en las \u00faltimas horas de Oslo, despu\u00e9s de que el director del Instituto Nobel Noruego anunciara el pasado s\u00e1bado que la l\u00edder opositora viajar\u00eda a Oslo para recoger el galard\u00f3n. Ahora toda informaci\u00f3n respecto a su posible aterrizaje permanece en completo silencio.<\/p>\n<p class=\"voc-p\" style=\"\">En la entrada del hotel se ven polic\u00edas, pocos periodistas y no faltan los curiosos que preguntan a qui\u00e9n est\u00e1n \u2013estamos\u2013 esperando. <a href=\"https:\/\/www.abc.es\/internacional\/diaspora-venezolana-celebra-nobel-paz-maria-corina-20251206210625-nt.html\" title=\"www.abc.es\" data-voc-vtm-id=\"in-text-traffic\" data-mrf-link=\"www.abc.es\" rel=\"nofollow noopener\" target=\"_blank\">Tambi\u00e9n alg\u00fan venezolano atra\u00eddo por la llegada de la premio Nobel de la Paz<\/a>.<\/p>\n<p class=\"voc-p\" style=\"\">El presidente de Panam\u00e1, <strong>Jos\u00e9 Ra\u00fal Mulino<\/strong>, ha respondido a esta enviada especial, a la puerta del hotel en la capital noruega, a la pregunta de si Mar\u00eda Corina Machado ha llegado ya: \u00abNo lo s\u00e9, pero va a llegar, estoy seguro\u00bb.<\/p>\n<p class=\"voc-p\" style=\"\">Panam\u00e1 es el pa\u00eds que alberga las actas de las elecciones presidenciales de 2024 que gan\u00f3 el candidato opositor Edmundo Gonz\u00e1lez, restultado que el r\u00e9gimen de Maduro no reconoci\u00f3.<\/p>\n<p class=\"voc-p\" style=\"\">A la espera de que de convoque de nuevo la rueda de prensa, est\u00e1 prevista una protesta contra la marcha de las antorchas est\u00e1 tarde frente al instituto Nobel. Esta marcha, que recorre el centro de la capital noruega, ser\u00e1 asumida por la organizaci\u00f3n Alianza Noruega Venezolana por la Justicia.<\/p>\n<p class=\"voc-title\">\u00abNos dimos cuenta de que nos estaban siguiendo tanto a mis hijas como a m\u00ed. En una de esas veces que pudimos hablar con ella nos dijo: &#8216;V\u00e1yanse, v\u00e1yanse todos&#8217;\u00bb<\/p>\n<p class=\"voc-article-position__name\">Corina Parisca<\/p>\n<p class=\"voc-article-position__employ\">Madre de Mar\u00eda Corina Machado<\/p>\n<p class=\"voc-p\" style=\"\"><strong>Corina Parisca<\/strong>, <a href=\"https:\/\/www.abc.es\/internacional\/maria-corina-machado-oslo-premio-nobel-paz-20251209101336-di.html\" title=\"www.abc.es\" data-voc-vtm-id=\"in-text-traffic\" data-mrf-link=\"www.abc.es\" rel=\"nofollow noopener\" target=\"_blank\">madre de Mar\u00eda Corina Machado<\/a>, ha atendido a los medios, entre ellos ABC, en la puerta del Grand Hotel y ha se\u00f1alado que la opositora contin\u00faa en el pa\u00eds caribe\u00f1o: \u00abHasta donde sabemos, todav\u00eda est\u00e1 en Venezuela. Le pido a Dios que la traiga hoy, ya estamos todos esper\u00e1ndola. Estoy rezando por que haya encontrado la manera de salir\u00bb.<\/p>\n<p class=\"voc-p\" style=\"\">Parisca tambi\u00e9n ha aprovechado para cargar contra el r\u00e9gimen de Maduro: \u00abLa situaci\u00f3n es espantosa. Este gobierno es verdaderamente tir\u00e1nico y los que no han tenido contacto cercano durante estos \u00faltimos a\u00f1os no se lo imaginan. Tuve que salir del pa\u00eds y mis otras hijas tambi\u00e9n. Todas est\u00e1bamos amenazadas. No por palabra, sino por la presencia de los polic\u00edas cerca de la casa. Nos dimos cuenta de que nos estaban siguiendo tanto a mis hijas como a m\u00ed. En una de esas veces que pudimos hablar con ella [Mar\u00eda Corina Machado] nos dijo: &#8216;V\u00e1yanse, v\u00e1yanse todos. V\u00e1yanse para donde quieran, para donde puedan, pero v\u00e1yanse de aqu\u00ed&#8217;\u00bb.<\/p>\n<p>\nMeses en la clandestinidad\n<\/p>\n<p class=\"voc-p\" style=\"\">Machado lleva meses viviendo en la clandestinidad. La \u00faltima vez que se la vio en p\u00fablico fue el pasado 9 de enero, un d\u00eda antes de la investidura presidencial a la que ten\u00eda que acudir <strong>Edmundo Gonz\u00e1lez<\/strong>, para asumir el poder. Durante unas horas, Machado fue secuestrada por motoristas que despu\u00e9s la liberaron.<\/p>\n<p class=\"voc-p\" style=\"\">Desde entonces, Machado solo se ha podido comunicar a trav\u00e9s de una pantalla, los miembros de su familia han tenido que salir del pa\u00eds para no ser arrestados y utilizados por la dictadura como medida de presi\u00f3n contra la l\u00edder opositora.<\/p>\n","protected":false},"excerpt":{"rendered":"La ma\u00f1ana amaneci\u00f3 fr\u00eda y gris este martes en Oslo. En el aire flotaba la misma pregunta: \u00bfha&hellip;\n","protected":false},"author":2,"featured_media":279494,"comment_status":"","ping_status":"","sticky":false,"template":"","format":"standard","meta":{"footnotes":""},"categories":[42],"tags":[17,18,35106,13,14,11,10161,61,62,63,64,19,20,5808,11576,1932,9,35262,10,15,16,49324,11506,35024,12,21,22,65,66,67],"class_list":{"0":"post-279493","1":"post","2":"type-post","3":"status-publish","4":"format-standard","5":"has-post-thumbnail","7":"category-internacional","8":"tag-breaking-news","9":"tag-breakingnews","10":"tag-corina","11":"tag-featured-news","12":"tag-featurednews","13":"tag-headlines","14":"tag-incertidumbre","15":"tag-internacional","16":"tag-international","17":"tag-international-news","18":"tag-internationalnews","19":"tag-latest-news","20":"tag-latestnews","21":"tag-llegada","22":"tag-machado","23":"tag-maria","24":"tag-news","25":"tag-nobel","26":"tag-noticias","27":"tag-noticias-destacadas","28":"tag-noticiasdestacadas","29":"tag-oslo","30":"tag-paz","31":"tag-recoger","32":"tag-titulares","33":"tag-ultimas-noticias","34":"tag-ultimasnoticias","35":"tag-world","36":"tag-world-news","37":"tag-worldnews"},"share_on_mastodon":{"url":"","error":"Validation failed: Text character limit of 500 exceeded"},"_links":{"self":[{"href":"https:\/\/www.europesays.com\/es\/wp-json\/wp\/v2\/posts\/279493","targetHints":{"allow":["GET"]}}],"collection":[{"href":"https:\/\/www.europesays.com\/es\/wp-json\/wp\/v2\/posts"}],"about":[{"href":"https:\/\/www.europesays.com\/es\/wp-json\/wp\/v2\/types\/post"}],"author":[{"embeddable":true,"href":"https:\/\/www.europesays.com\/es\/wp-json\/wp\/v2\/users\/2"}],"replies":[{"embeddable":true,"href":"https:\/\/www.europesays.com\/es\/wp-json\/wp\/v2\/comments?post=279493"}],"version-history":[{"count":0,"href":"https:\/\/www.europesays.com\/es\/wp-json\/wp\/v2\/posts\/279493\/revisions"}],"wp:featuredmedia":[{"embeddable":true,"href":"https:\/\/www.europesays.com\/es\/wp-json\/wp\/v2\/media\/279494"}],"wp:attachment":[{"href":"https:\/\/www.europesays.com\/es\/wp-json\/wp\/v2\/media?parent=279493"}],"wp:term":[{"taxonomy":"category","embeddable":true,"href":"https:\/\/www.europesays.com\/es\/wp-json\/wp\/v2\/categories?post=279493"},{"taxonomy":"post_tag","embeddable":true,"href":"https:\/\/www.europesays.com\/es\/wp-json\/wp\/v2\/tags?post=279493"}],"curies":[{"name":"wp","href":"https:\/\/api.w.org\/{rel}","templated":true}]}}