{"id":279497,"date":"2025-12-09T13:44:10","date_gmt":"2025-12-09T13:44:10","guid":{"rendered":"https:\/\/www.europesays.com\/es\/279497\/"},"modified":"2025-12-09T13:44:10","modified_gmt":"2025-12-09T13:44:10","slug":"belen-viviente-en-el-castillo-ayuntamiento-de-alcala-de-guadaira","status":"publish","type":"post","link":"https:\/\/www.europesays.com\/es\/279497\/","title":{"rendered":"Bel\u00e9n viviente en el Castillo &#8211; Ayuntamiento de Alcal\u00e1 de Guada\u00edra"},"content":{"rendered":"<ol>\n<li><a href=\"https:\/\/news.google.com\/rss\/articles\/CBMikgFBVV95cUxOSk5iR2FZRjhMdkhGdGZlbkNOVGRESTE4ZFFMUUc5bTgtdkZiUHNPdm5yYVFTdlN6S0J0OGxNMUo2ZEYydmU4akJ1X2FwZEh3MUE0ODU2andlc1hxUlY2UlBfN1RwYjBSOUZCb1BLMzVuTnU0RHFNbVBwLURZV1pvVnc0RW9PeGNEOUFwcTZUZkxnZw?oc=5\" target=\"_blank\" rel=\"nofollow noopener\">Bel\u00e9n viviente en el Castillo<\/a>&nbsp;&nbsp;Ayuntamiento de Alcal\u00e1 de Guada\u00edra<\/li>\n<li><a href=\"https:\/\/news.google.com\/rss\/articles\/CBMihAJBVV95cUxOaGN4MXR3cUdtWTdlWVNzb21fVDdEMDN0U3FiMENQbXJNS09kd1JqcGRTMWZ5cW00MkVFMTBhR1FNd0hJaTVEUWViNEFLd0IySUUzN1RXUlhQWnBveFExUnBvQjFMcHE0TXlMbnpFR2IxVm5yUjJyV25PZTd5VnNMdmJKcUNGMEhhbm84S3RienlGYjRvQnNpWEVVNEtHcVlvVkp0bmNkcGdtUUhNOTlKY0hBT0twMHNKU3RRbW1McXRyaVk5b1ZXdjN3TURrbTMzXzBQZHdyOFNzRHFZWmVxeE5jYmNCS0RVSEJjTjh4aWVfSGMyRWJvVzdjNW91eVZWRDN5Tg?oc=5\" target=\"_blank\" rel=\"nofollow noopener\">La dehesa y las calles de El Castillo de las Guardas se integrar\u00e1n con su Bel\u00e9n Viviente un a\u00f1o m\u00e1s del 6 al 28 de diciembre<\/a>&nbsp;&nbsp;Diputaci\u00f3n de Sevilla<\/li>\n<li><a href=\"https:\/\/news.google.com\/rss\/articles\/CBMi-gFBVV95cUxOR0dFekh5TURCN05IOGdva1lMdkVyM0NzSWhBQXBJZUhlTzg4VUduS0dPbk9yQWtUaDVUN2dLMTMzUHZWWVphZUlVOXQtdmZyV3BrNmQxeFNlUTVBSkIxYmc0OEhHeUVYX2V4SWllLUxPWTllNTVEV004YW5JclNYeTB6NGVWc2c5WnZEYnJHZEc1c0JlRFRLNzBkRUhqc1BIY0U2NEY2anU4QUxOV2hxZG5qb0xwVGdyOWJvanRtdkt6QkRQNy13R3k3Y0UzeTNySDFBaDFTU01ZRndtdGUwWVBZam5Mbm9KZ1A1MFVlOUJpUnpaTmNPY01R?oc=5\" target=\"_blank\" rel=\"nofollow noopener\">El Castillo de las Guardas (Sevilla) celebrar\u00e1 su Bel\u00e9n Viviente del 6 al 28 de diciembre con nuevas escenas y sorpresas<\/a>&nbsp;&nbsp;Europa Press<\/li>\n<\/ol>\n","protected":false},"excerpt":{"rendered":"Bel\u00e9n viviente en el Castillo&nbsp;&nbsp;Ayuntamiento de Alcal\u00e1 de Guada\u00edra La dehesa y las calles de El Castillo de&hellip;\n","protected":false},"author":2,"featured_media":279498,"comment_status":"","ping_status":"","sticky":false,"template":"","format":"standard","meta":{"footnotes":""},"categories":[5],"tags":[24471,24470,24478,24469,1250,17,18,777,209,24474,168,24489,2026,24491,24480,25,24,13,14,24488,24487,24490,24492,24473,11,2178,3624,15235,891,6850,19,20,6688,24483,24054,24497,4044,24493,9,10,15,16,24477,24482,24415,24472,12365,24496,1922,24485,24481,24479,24475,24484,19497,24486,1171,23,24494,12,24476,4664,21,22,24495],"class_list":{"0":"post-279497","1":"post","2":"type-post","3":"status-publish","4":"format-standard","5":"has-post-thumbnail","7":"category-titulares","8":"tag-accesibilidad","9":"tag-administracion-electronica","10":"tag-agenda-de-actividades","11":"tag-alcala-de-guadaira","12":"tag-ayuntamiento","13":"tag-breaking-news","14":"tag-breakingnews","15":"tag-ciudad","16":"tag-cultura","17":"tag-datos-abiertos","18":"tag-deportes","19":"tag-desarrollo-economico","20":"tag-educacion","21":"tag-edusi","22":"tag-equipamientos","23":"tag-es","24":"tag-espana","25":"tag-featured-news","26":"tag-featurednews","27":"tag-feria-de-alcala","28":"tag-fiestas-mayores","29":"tag-formacion-y-empleo","30":"tag-gestion-tributaria","31":"tag-gobierno-abierto","32":"tag-headlines","33":"tag-igualdad","34":"tag-infancia","35":"tag-infraestructura","36":"tag-inmigrantes","37":"tag-juventud","38":"tag-latest-news","39":"tag-latestnews","40":"tag-medio-ambiente","41":"tag-molinos","42":"tag-movilidad-urbana","43":"tag-movilidad-y-transporte","44":"tag-mujeres","45":"tag-museo-de-alcala","46":"tag-news","47":"tag-noticias","48":"tag-noticias-destacadas","49":"tag-noticiasdestacadas","50":"tag-oferta-de-empleo","51":"tag-oromana","52":"tag-participacion-ciudadana","53":"tag-personas-con-discapacidad","54":"tag-personas-mayores","55":"tag-punto-limpio","56":"tag-redes-sociales","57":"tag-secretaria","58":"tag-sede-electronica","59":"tag-servicio-de-quejas-y-sugerencias","60":"tag-servicios-destacados","61":"tag-servicios-municipales","62":"tag-servicios-sociales","63":"tag-servicios-urbanos","64":"tag-sevilla","65":"tag-spain","66":"tag-teatro-auditorio-riberas-del-guadaira","67":"tag-titulares","68":"tag-tramites-y-servicios","69":"tag-turismo","70":"tag-ultimas-noticias","71":"tag-ultimasnoticias","72":"tag-universidad-popular"},"share_on_mastodon":{"url":"","error":"Validation failed: Text character limit of 500 exceeded"},"_links":{"self":[{"href":"https:\/\/www.europesays.com\/es\/wp-json\/wp\/v2\/posts\/279497","targetHints":{"allow":["GET"]}}],"collection":[{"href":"https:\/\/www.europesays.com\/es\/wp-json\/wp\/v2\/posts"}],"about":[{"href":"https:\/\/www.europesays.com\/es\/wp-json\/wp\/v2\/types\/post"}],"author":[{"embeddable":true,"href":"https:\/\/www.europesays.com\/es\/wp-json\/wp\/v2\/users\/2"}],"replies":[{"embeddable":true,"href":"https:\/\/www.europesays.com\/es\/wp-json\/wp\/v2\/comments?post=279497"}],"version-history":[{"count":0,"href":"https:\/\/www.europesays.com\/es\/wp-json\/wp\/v2\/posts\/279497\/revisions"}],"wp:featuredmedia":[{"embeddable":true,"href":"https:\/\/www.europesays.com\/es\/wp-json\/wp\/v2\/media\/279498"}],"wp:attachment":[{"href":"https:\/\/www.europesays.com\/es\/wp-json\/wp\/v2\/media?parent=279497"}],"wp:term":[{"taxonomy":"category","embeddable":true,"href":"https:\/\/www.europesays.com\/es\/wp-json\/wp\/v2\/categories?post=279497"},{"taxonomy":"post_tag","embeddable":true,"href":"https:\/\/www.europesays.com\/es\/wp-json\/wp\/v2\/tags?post=279497"}],"curies":[{"name":"wp","href":"https:\/\/api.w.org\/{rel}","templated":true}]}}