{"id":279505,"date":"2025-12-09T13:53:07","date_gmt":"2025-12-09T13:53:07","guid":{"rendered":"https:\/\/www.europesays.com\/es\/279505\/"},"modified":"2025-12-09T13:53:07","modified_gmt":"2025-12-09T13:53:07","slug":"lo-que-esta-pasando-ahora-no-puede-ser","status":"publish","type":"post","link":"https:\/\/www.europesays.com\/es\/279505\/","title":{"rendered":"Lo que est\u00e1 pasando ahora no puede ser"},"content":{"rendered":"<p data-gtm-element-container=\"modulo-texto-link\" class=\"paragraph\"><strong>Tchouam\u00e9ni <\/strong>fue el jugador del<strong> Real Madrid <\/strong>que compareci\u00f3 ante los medios en la sala de prensa de Valdebebas para hablar del duelo de ma\u00f1ana, mi\u00e9rcoles, ante el <strong>Manchester City (21.00 horas) y de la situaci\u00f3n del equipo.\u00a0<\/strong><\/p>\n<p data-gtm-element-container=\"modulo-texto-link\" class=\"paragraph\"><strong>C\u00f3mo le motiva jugar ante el City<\/strong><\/p>\n<p data-gtm-element-container=\"modulo-texto-link\" class=\"paragraph\">\u00abEs un placer jugar la Champions y m\u00e1s en casa. Es un gran rival y queremos ganar ese partido. Tenemos muchas ganas de jugar ese partido en casa\u00bb<\/p>\n<p data-gtm-element-container=\"modulo-texto-link\" class=\"paragraph\"><strong>El equipo puede tener mejor actitud<\/strong><\/p>\n<p data-gtm-element-container=\"modulo-texto-link\" class=\"paragraph\">\u00abActitud no s\u00e9, pero si no ganamos es porque tenemos que hacer cosas mejor. Jugar mejor en defensa y ataque. Tenemos que hacer las cosas mejor. Esperamos poder hacerlo. Lo que est\u00e1 pasando ahora no puede ser\u00bb<\/p>\n<p data-gtm-element-container=\"modulo-texto-link\" class=\"paragraph\"><strong>Relaci\u00f3n del vestuario con el entrenador<\/strong><\/p>\n<p data-gtm-element-container=\"modulo-texto-link\" class=\"paragraph\">\u00abEstamos todos juntos. Si queremos ganar, tenemos que luchar todos. Con el entrenador, con el equipo. Estamos en el campo y hay que hacer las cosas mejor. Ma\u00f1ana tenemos una buena oportunidad para cambiar la din\u00e1mica\u00bb<\/p>\n<p data-gtm-element-container=\"modulo-texto-link\" class=\"paragraph\"><strong>Los jugadores le han pedido al t\u00e9cnico sobre presionar arriba<\/strong><\/p>\n<p data-gtm-element-container=\"modulo-texto-link\" class=\"paragraph\">\u00abTenemos que mejorar en este aspecto del juego. Cuando empezamos queremos presionar, la cosa es que a veces lo hacemos bien y otras muy mal. Tenemos que mejorar para ayudar a recuperar m\u00e1s balones\u00bb<\/p>\n<p data-gtm-element-container=\"modulo-texto-link\" class=\"paragraph\"><strong>Haaland y las bajas defensivas<\/strong><\/p>\n<p data-gtm-element-container=\"modulo-texto-link\" class=\"paragraph\">\u00abTenemos muchos lesionados en defensa, pero hay muchos que pueden dar un gran nivel. Tenemos que defender todos juntos y mostrar compromiso. Jugamos contra un gran equipo. Haaland es incre\u00edble, pero si jugamos a nuestro nivel podemos ganar ese partido\u00bb.<\/p>\n<p>    Lee tambi\u00e9n<\/p>\n<p data-gtm-element-container=\"modulo-texto-link\" class=\"paragraph\"><strong>Falta de intensidad de los jugadores<\/strong><\/p>\n<p data-gtm-element-container=\"modulo-texto-link\" class=\"paragraph\">\u00abContra el Celta claro, y en otros tambi\u00e9n. Si no jugamos con la intensidad m\u00e1xima ser\u00e1 muy dif\u00edcil ganar partidos. Hay que entender que para ganar esos partidos hay que dar el m\u00e1ximo. No lo hicimos contra el Celta y debemos hacerlo ma\u00f1ana\u00bb<\/p>\n<p data-gtm-element-container=\"modulo-texto-link\" class=\"paragraph\"><strong>Ayuda\u00a0 t\u00e9cnico o son los\u00a0 jugadores a la hora de ejecutar el plan<\/strong><\/p>\n<p data-gtm-element-container=\"modulo-texto-link\" class=\"paragraph\">\u00abContra el Celta, el m\u00edster ten\u00eda un buen plan. Pero los jugadores somos los que estamos en el campo. Si perdemos 0-2 es que hab\u00eda un problema nuestro, como falta de intensidad. No es problema del entrenador. Vamos a mejorarlo\u00bb.<\/p>\n<p data-gtm-element-container=\"modulo-texto-link\" class=\"paragraph\"><strong>Qu\u00e9 espera del Manchester City<\/strong><\/p>\n<p data-gtm-element-container=\"modulo-texto-link\" class=\"paragraph\">\u00abEl City es un gran equipo, especialmente con el bal\u00f3n. Vamos a tener que estar muy compactos en defensa y tambi\u00e9n cuando tengamos el bal\u00f3n, para crear oportunidades para nuestros atacantes. Ser\u00e1 un partido muy divertido\u00bb.<\/p>\n","protected":false},"excerpt":{"rendered":"Tchouam\u00e9ni fue el jugador del Real Madrid que compareci\u00f3 ante los medios en la sala de prensa de&hellip;\n","protected":false},"author":2,"featured_media":279506,"comment_status":"","ping_status":"","sticky":false,"template":"","format":"standard","meta":{"footnotes":""},"categories":[268],"tags":[168,25,24,280,282,281,23,167],"class_list":{"0":"post-279505","1":"post","2":"type-post","3":"status-publish","4":"format-standard","5":"has-post-thumbnail","7":"category-futbol","8":"tag-deportes","9":"tag-es","10":"tag-espana","11":"tag-football","12":"tag-futbol","13":"tag-soccer","14":"tag-spain","15":"tag-sports"},"share_on_mastodon":{"url":"https:\/\/pubeurope.com\/@es\/115689947613301816","error":""},"_links":{"self":[{"href":"https:\/\/www.europesays.com\/es\/wp-json\/wp\/v2\/posts\/279505","targetHints":{"allow":["GET"]}}],"collection":[{"href":"https:\/\/www.europesays.com\/es\/wp-json\/wp\/v2\/posts"}],"about":[{"href":"https:\/\/www.europesays.com\/es\/wp-json\/wp\/v2\/types\/post"}],"author":[{"embeddable":true,"href":"https:\/\/www.europesays.com\/es\/wp-json\/wp\/v2\/users\/2"}],"replies":[{"embeddable":true,"href":"https:\/\/www.europesays.com\/es\/wp-json\/wp\/v2\/comments?post=279505"}],"version-history":[{"count":0,"href":"https:\/\/www.europesays.com\/es\/wp-json\/wp\/v2\/posts\/279505\/revisions"}],"wp:featuredmedia":[{"embeddable":true,"href":"https:\/\/www.europesays.com\/es\/wp-json\/wp\/v2\/media\/279506"}],"wp:attachment":[{"href":"https:\/\/www.europesays.com\/es\/wp-json\/wp\/v2\/media?parent=279505"}],"wp:term":[{"taxonomy":"category","embeddable":true,"href":"https:\/\/www.europesays.com\/es\/wp-json\/wp\/v2\/categories?post=279505"},{"taxonomy":"post_tag","embeddable":true,"href":"https:\/\/www.europesays.com\/es\/wp-json\/wp\/v2\/tags?post=279505"}],"curies":[{"name":"wp","href":"https:\/\/api.w.org\/{rel}","templated":true}]}}